{"id":424024,"date":"2022-11-12T21:53:14","date_gmt":"2022-11-12T21:53:14","guid":{"rendered":"https:\/\/dimensionturistica.com\/es\/?p=424024"},"modified":"2022-11-12T21:53:14","modified_gmt":"2022-11-12T21:53:14","slug":"tres-restaurantes-ecuatorianos-entre-los-100-mejores-de-latinoamerica","status":"publish","type":"post","link":"https:\/\/dimensionturistica.com\/es\/tres-restaurantes-ecuatorianos-entre-los-100-mejores-de-latinoamerica\/","title":{"rendered":"Tres restaurantes ecuatorianos entre los 100 mejores de Latinoam\u00e9rica"},"content":{"rendered":"<p> <br \/>\n<\/p>\n<div>\n<p class=\"paragraph\">Quito, 12 nov. El Ministerio ecuatoriano de Turismo inform\u00f3 este s\u00e1bado que tres restaurantes del pa\u00eds andino est\u00e1n entre los cien mejores de Latinoam\u00e9rica.<\/p>\n<p class=\"paragraph\">En un comunicado, indic\u00f3 que representantes de la gastronom\u00eda native fueron reconocidos en el Latin America&#8217;s 50 Finest Eating places, que revel\u00f3 su lista 51-100 de los mejores restaurantes de la regi\u00f3n.<\/p>\n<p class=\"paragraph\">Los restaurantes Casa Juli\u00e1n y Mikka de Guayaquil, y Quitu de la capital, Quito, fueron incluidos en la lista regional, que cada a\u00f1o reconoce a los mejores restaurantes alrededor del mundo, detall\u00f3.<\/p>\n<p class=\"paragraph\">Y anot\u00f3 que se prev\u00e9 que el 15 de noviembre se revele la lista de los otros 50 mejores restaurantes latinoamericanos en el mundo.<\/p>\n<\/div>\n<p><script defer=\"\">!function(f,b,e,v,n,t,s) {if(f.fbq)return;n=f.fbq=function(){n.callMethod? n.callMethod.apply(n,arguments):n.queue.push(arguments)}; if(!f._fbq)f._fbq=n;n.push=n;n.loaded=!0;n.version='2.0'; n.queue=[];t=b.createElement(e);t.async=!0; t.src=v;s=b.getElementsByTagName(e)[0]; s.parentNode.insertBefore(t,s)}(window, document,'script', 'https:\/\/connect.facebook.net\/en_US\/fbevents.js'); fbq('init', '336383993555320'); fbq('track', 'PageView'); fbq('track', 'ViewContent');<\/script><script src=\"https:\/\/connect.facebook.net\/en_US\/sdk.js\" async=\"\" defer=\"\" crossorigin=\"anonymous\"><\/script><br \/>\n<br \/><\/p>\n<p><em> \u2018 The preceding article may include information circulated by third parties \u2019 <\/em><\/p>\n<p><em> \u2018 Some details of this article were extracted from the following source news.google.com \u2019 <\/em><\/p>\n","protected":false},"excerpt":{"rendered":"<p>Quito, 12 nov. El Ministerio ecuatoriano de Turismo inform\u00f3 este s\u00e1bado que tres restaurantes del pa\u00eds andino est\u00e1n entre los cien mejores de Latinoam\u00e9rica. En un comunicado, indic\u00f3 que representantes de la gastronom\u00eda native fueron reconocidos en el Latin America&#8217;s 50 Finest Eating places, que revel\u00f3 su lista 51-100 de los mejores restaurantes de la [&hellip;]<\/p>\n","protected":false},"author":2,"featured_media":423518,"comment_status":"open","ping_status":"closed","sticky":false,"template":"","format":"standard","meta":{"om_disable_all_campaigns":false,"jnews-multi-image_gallery":[],"jnews_single_post":[],"jnews_primary_category":[],"jnews_social_meta":[],"footnotes":""},"categories":[43],"tags":[],"class_list":["post-424024","post","type-post","status-publish","format-standard","has-post-thumbnail","hentry","category-gourmet"],"_links":{"self":[{"href":"https:\/\/dimensionturistica.com\/es\/wp-json\/wp\/v2\/posts\/424024","targetHints":{"allow":["GET"]}}],"collection":[{"href":"https:\/\/dimensionturistica.com\/es\/wp-json\/wp\/v2\/posts"}],"about":[{"href":"https:\/\/dimensionturistica.com\/es\/wp-json\/wp\/v2\/types\/post"}],"author":[{"embeddable":true,"href":"https:\/\/dimensionturistica.com\/es\/wp-json\/wp\/v2\/users\/2"}],"replies":[{"embeddable":true,"href":"https:\/\/dimensionturistica.com\/es\/wp-json\/wp\/v2\/comments?post=424024"}],"version-history":[{"count":0,"href":"https:\/\/dimensionturistica.com\/es\/wp-json\/wp\/v2\/posts\/424024\/revisions"}],"wp:featuredmedia":[{"embeddable":true,"href":"https:\/\/dimensionturistica.com\/es\/wp-json\/wp\/v2\/media\/423518"}],"wp:attachment":[{"href":"https:\/\/dimensionturistica.com\/es\/wp-json\/wp\/v2\/media?parent=424024"}],"wp:term":[{"taxonomy":"category","embeddable":true,"href":"https:\/\/dimensionturistica.com\/es\/wp-json\/wp\/v2\/categories?post=424024"},{"taxonomy":"post_tag","embeddable":true,"href":"https:\/\/dimensionturistica.com\/es\/wp-json\/wp\/v2\/tags?post=424024"}],"curies":[{"name":"wp","href":"https:\/\/api.w.org\/{rel}","templated":true}]}}