{"id":423941,"date":"2022-11-12T16:14:50","date_gmt":"2022-11-12T16:14:50","guid":{"rendered":"https:\/\/dimensionturistica.com\/es\/?p=423941"},"modified":"2022-11-12T16:14:50","modified_gmt":"2022-11-12T16:14:50","slug":"primer-zarpe-de-crucero-desde-puerto-williams","status":"publish","type":"post","link":"https:\/\/dimensionturistica.com\/es\/primer-zarpe-de-crucero-desde-puerto-williams\/","title":{"rendered":"Primer zarpe de crucero desde Puerto Williams"},"content":{"rendered":"<p> <br \/>\n<\/p>\n<div>\n    <!-- Incluir libreria justo antes de <\/head> --><\/p>\n<p class=\"parao_u10fcb\"><span class=\"charo_ub701\" id=\"txsr_a:2:{s:4:&quot;phzs&quot;;s:4:&quot;D_99&quot;;s:4:&quot;trak&quot;;s:5:&quot;D_-20&quot;;}\">A<\/span><span class=\"charo_u6b\" id=\"txsr_a:2:{s:4:&quot;phzs&quot;;s:4:&quot;D_99&quot;;s:4:&quot;trak&quot;;s:5:&quot;D_-20&quot;;}\"><br \/>\n las 14:37 horas del jueves  arrib\u00f3 a Puerto Williams el Ocean Nova, en<br \/>\nla primera de las cuatro recaladas que hasta ahora tiene programadas<br \/>\npara esta temporada en la ciudad m\u00e1s austral del pa\u00eds.<\/span><\/p>\n<p class=\"parao_u10f01\"><span class=\"charo_u6b\" id=\"txsr_a:2:{s:4:&quot;phzs&quot;;s:4:&quot;D_99&quot;;s:4:&quot;trak&quot;;s:5:&quot;D_-20&quot;;}\">As\u00ed<br \/>\n lo inform\u00f3 ayer la Empresa Portuaria Austral, al indicar que la nave,<br \/>\nde 89 metros de eslora, recal\u00f3 con 47 personas de su tripulaci\u00f3n, a los<br \/>\ncuales se integraron otros 8 tripulantes y 4 pasajeros, conforme a las<br \/>\ndisposiciones sanitarias vigentes.<\/span><\/p>\n<p class=\"parao_u10f01\"><span class=\"charo_u6b\" id=\"txsr_a:2:{s:4:&quot;phzs&quot;;s:4:&quot;D_99&quot;;s:4:&quot;trak&quot;;s:5:&quot;D_-20&quot;;}\">El<br \/>\n crucero realiz\u00f3 embarque de v\u00edveres, entre otras faenas, en el Muelle<br \/>\nGuardi\u00e1n Brito de Puerto Williams, instalaci\u00f3n de la Armada en que la<br \/>\nEmpresa Portuaria Austral presta atenci\u00f3n a embarcaciones tur\u00edsticas,<br \/>\nmediante un convenio. <\/span><\/p>\n<p class=\"parao_u10f01\"><span class=\"charo_u6b\" id=\"txsr_a:2:{s:4:&quot;phzs&quot;;s:4:&quot;D_99&quot;;s:4:&quot;trak&quot;;s:5:&quot;D_-20&quot;;}\">Se esperaba su zarpe en horas de la tarde de ayer.<\/span><\/p>\n<p class=\"parao_u10f01\"><span class=\"charo_u6b\" id=\"txsr_a:2:{s:4:&quot;phzs&quot;;s:4:&quot;D_99&quot;;s:4:&quot;trak&quot;;s:5:&quot;D_-20&quot;;}\">Cabe<br \/>\n mencionar que desde que se inici\u00f3 la Temporada Tur\u00edstica de Cruceros<br \/>\n2022-2023 se han realizado otras recaladas de car\u00e1cter administrativo de<br \/>\n este tipo de naves.<\/span><\/p>\n<p class=\"parao_u10ff0\"><b><span class=\"charo_u6b\" id=\"txsr_a:2:{s:4:&quot;phzs&quot;;s:4:&quot;D_99&quot;;s:4:&quot;trak&quot;;s:5:&quot;D_-20&quot;;}\">Base de cruceros<\/span><\/b><\/p>\n<p class=\"parao_u10f01\"><span class=\"charo_u6b\" id=\"txsr_a:2:{s:4:&quot;phzs&quot;;s:4:&quot;D_99&quot;;s:4:&quot;trak&quot;;s:5:&quot;D_-20&quot;;}\">Para<br \/>\n esta temporada, Puerto Williams espera convertirse en una base de<br \/>\ncruceros nacionales e internacionales cada vez m\u00e1s importante, fruto de<br \/>\ndiversos convenios e importantes inversiones en infraestructura, que<br \/>\nest\u00e1n en marcha.<\/span><\/p>\n<p class=\"parao_u10f01\"><span class=\"charo_u6b\" id=\"txsr_a:2:{s:4:&quot;phzs&quot;;s:4:&quot;D_99&quot;;s:4:&quot;trak&quot;;s:5:&quot;D_-20&quot;;}\">A<br \/>\n comienzos de este a\u00f1o, la empresa de cruceros Silversea Cruises,<br \/>\nanunci\u00f3 que navegar\u00e1 a la Ant\u00e1rtida desde Puerto Williams, con una<br \/>\nconexi\u00f3n m\u00e1s c\u00f3moda y conveniente.<\/span><\/p>\n<p class=\"parao_u10f01\"><span class=\"charo_u6b\" id=\"txsr_a:2:{s:4:&quot;phzs&quot;;s:4:&quot;D_99&quot;;s:4:&quot;trak&quot;;s:5:&quot;D_-20&quot;;}\">Los<br \/>\n pasajeros que viajen a bordo de los tres barcos de expedici\u00f3n de clase<br \/>\nde hielo de la l\u00ednea, Silver Cloud, Silver Wind y Silver Explorer,<br \/>\nembarcar\u00e1n y desembarcar\u00e1n en Puerto Williams, Chile, durante la precise<br \/>\ntemporada.<\/span><\/p>\n<p class=\"parao_u10ff0\"><b><span class=\"charo_u6b\" id=\"txsr_a:2:{s:4:&quot;phzs&quot;;s:4:&quot;D_99&quot;;s:4:&quot;trak&quot;;s:5:&quot;D_-20&quot;;}\">AIDAsol<\/span><\/b><\/p>\n<p class=\"parao_u10f01\"><span class=\"charo_u6b\" id=\"txsr_a:2:{s:4:&quot;phzs&quot;;s:4:&quot;D_99&quot;;s:4:&quot;trak&quot;;s:5:&quot;D_-20&quot;;}\">No<br \/>\n son los \u00fanicos, pues a fines de este mes, espec\u00edficamente el 24 Puerto<br \/>\nWilliams recibir\u00e1 la recalada del crucero AIDAsol, con 2.194 pasajeros,<br \/>\nsiento una de las mayores naves que hayan recalado en el puerto chileno<br \/>\njunto al Canal Beagle.<\/span><\/p>\n<p class=\"parao_u10f01\"><span class=\"charo_u6b\" id=\"txsr_a:2:{s:4:&quot;phzs&quot;;s:4:&quot;D_99&quot;;s:4:&quot;trak&quot;;s:5:&quot;D_-20&quot;;}\">Las<br \/>\n autoridades regionales y locales han expresado la importancia que est\u00e1<br \/>\nalcanzando Puerto Williams en materia de turismo ant\u00e1rtico para lo cual<br \/>\nse est\u00e1n realizando importantes inversiones como el muelle<br \/>\nmultiprop\u00f3sito y otras.<\/span><\/p>\n<\/div>\n<p>\n    <strong>Ping\u00fcino Multimedia<\/strong> entrega este espacio a su p\u00fablico para la expresi\u00f3n private de opiniones y<br \/>\n    comentarios, apelando al respeto entre los usuarios y deslig\u00e1ndose por completo del contenido de los comentarios<br \/>\n    emitidos.\n<\/p>\n<p><script>\n    (function(d, s, id) {\n        var js, fjs = d.getElementsByTagName(s)[0];\n        if (d.getElementById(id)) return;\n        js = d.createElement(s);\n        js.id = id;\n        js.src = \"\/\/connect.facebook.net\/es_LA\/all.js#xfbml=1&appId=326707310733016\";\n        fjs.parentNode.insertBefore(js, fjs);\n    }(document, 'script', 'facebook-jssdk'));\n    <\/script><script async defer crossorigin=\"anonymous\"\n    src=\"https:\/\/connect.facebook.net\/es_LA\/sdk.js#xfbml=1&#038;version=v7.0&#038;appId=2981943065256750&#038;autoLogAppEvents=1\"\n    nonce=\"WHAxAL2H\"><\/script><br \/>\n<br \/><\/p>\n<p><em> &#8221; Fuentes news.google.com &#8221; <\/em><\/p>\n","protected":false},"excerpt":{"rendered":"<p>A las 14:37 horas del jueves arrib\u00f3 a Puerto Williams el Ocean Nova, en la primera de las cuatro recaladas que hasta ahora tiene programadas para esta temporada en la ciudad m\u00e1s austral del pa\u00eds. As\u00ed lo inform\u00f3 ayer la Empresa Portuaria Austral, al indicar que la nave, de 89 metros de eslora, recal\u00f3 con [&hellip;]<\/p>\n","protected":false},"author":4,"featured_media":423942,"comment_status":"open","ping_status":"closed","sticky":false,"template":"","format":"standard","meta":{"om_disable_all_campaigns":false,"jnews-multi-image_gallery":[],"jnews_single_post":[],"jnews_primary_category":[],"jnews_social_meta":[],"footnotes":""},"categories":[41],"tags":[1280],"class_list":["post-423941","post","type-post","status-publish","format-standard","has-post-thumbnail","hentry","category-cruceros","tag-crucero"],"_links":{"self":[{"href":"https:\/\/dimensionturistica.com\/es\/wp-json\/wp\/v2\/posts\/423941","targetHints":{"allow":["GET"]}}],"collection":[{"href":"https:\/\/dimensionturistica.com\/es\/wp-json\/wp\/v2\/posts"}],"about":[{"href":"https:\/\/dimensionturistica.com\/es\/wp-json\/wp\/v2\/types\/post"}],"author":[{"embeddable":true,"href":"https:\/\/dimensionturistica.com\/es\/wp-json\/wp\/v2\/users\/4"}],"replies":[{"embeddable":true,"href":"https:\/\/dimensionturistica.com\/es\/wp-json\/wp\/v2\/comments?post=423941"}],"version-history":[{"count":0,"href":"https:\/\/dimensionturistica.com\/es\/wp-json\/wp\/v2\/posts\/423941\/revisions"}],"wp:featuredmedia":[{"embeddable":true,"href":"https:\/\/dimensionturistica.com\/es\/wp-json\/wp\/v2\/media\/423942"}],"wp:attachment":[{"href":"https:\/\/dimensionturistica.com\/es\/wp-json\/wp\/v2\/media?parent=423941"}],"wp:term":[{"taxonomy":"category","embeddable":true,"href":"https:\/\/dimensionturistica.com\/es\/wp-json\/wp\/v2\/categories?post=423941"},{"taxonomy":"post_tag","embeddable":true,"href":"https:\/\/dimensionturistica.com\/es\/wp-json\/wp\/v2\/tags?post=423941"}],"curies":[{"name":"wp","href":"https:\/\/api.w.org\/{rel}","templated":true}]}}