{"id":423574,"date":"2022-11-11T22:23:07","date_gmt":"2022-11-11T22:23:07","guid":{"rendered":"https:\/\/dimensionturistica.com\/es\/?p=423574"},"modified":"2022-11-11T22:24:17","modified_gmt":"2022-11-11T22:24:17","slug":"expogolf-mexico-el-parte-aguas-entre-un-antes-y-un-despues-del-golf-en-nuestro-pais","status":"publish","type":"post","link":"https:\/\/dimensionturistica.com\/es\/expogolf-mexico-el-parte-aguas-entre-un-antes-y-un-despues-del-golf-en-nuestro-pais\/","title":{"rendered":"\u00a1Expogolf M\u00e9xico, el parte aguas entre un antes y un despu\u00e9s del golf en nuestro pa\u00eds!"},"content":{"rendered":"<p><img decoding=\"async\" class=\"size-medium wp-image-423599 alignright\" src=\"https:\/\/dimensionturistica.com\/es\/wp-content\/uploads\/2022\/11\/GOLF6-300x300.jpg\" alt=\"\" width=\"300\" height=\"300\" srcset=\"https:\/\/dimensionturistica.com\/es\/wp-content\/uploads\/2022\/11\/GOLF6-300x300.jpg 300w, https:\/\/dimensionturistica.com\/es\/wp-content\/uploads\/2022\/11\/GOLF6-150x150.jpg 150w, https:\/\/dimensionturistica.com\/es\/wp-content\/uploads\/2022\/11\/GOLF6-75x75.jpg 75w, https:\/\/dimensionturistica.com\/es\/wp-content\/uploads\/2022\/11\/GOLF6-350x350.jpg 350w, https:\/\/dimensionturistica.com\/es\/wp-content\/uploads\/2022\/11\/GOLF6.jpg 500w\" sizes=\"(max-width: 300px) 100vw, 300px\" \/>Continuando con la estrategia de comunicaci\u00f3n que llevamos en Expogolf M\u00e9xico, el d\u00eda de hoy en Mulligans Masaryk, se llev\u00f3 a cabo la conferencia de prensa donde tuvieron presencia nuestro Director General, Luis Felipe Fortanell Jara, el Director Operativo, Diego M\u00e9ndez Garcia y el profesional y parte del roster de invitados especiales, el profesional Alex Heredia.<br \/>\nSe abordaron los temas especiales como los horarios de la Expo, el d\u00eda s\u00e1bado se abre al p\u00fablico a las 11:00Am, a las 13:00Hrs ser\u00e1 el corte del list\u00f3n inaugural y se cierra a las 19:00Hrs. Mientras que el d\u00eda domingo la apertura es a las 11:00Am y la clausura a las 18:00Hrs.<img decoding=\"async\" class=\"size-medium wp-image-423598 alignright\" src=\"https:\/\/dimensionturistica.com\/es\/wp-content\/uploads\/2022\/11\/GOLF4-300x300.jpg\" alt=\"\" width=\"300\" height=\"300\" srcset=\"https:\/\/dimensionturistica.com\/es\/wp-content\/uploads\/2022\/11\/GOLF4-300x300.jpg 300w, https:\/\/dimensionturistica.com\/es\/wp-content\/uploads\/2022\/11\/GOLF4-150x150.jpg 150w, https:\/\/dimensionturistica.com\/es\/wp-content\/uploads\/2022\/11\/GOLF4-75x75.jpg 75w, https:\/\/dimensionturistica.com\/es\/wp-content\/uploads\/2022\/11\/GOLF4-350x350.jpg 350w, https:\/\/dimensionturistica.com\/es\/wp-content\/uploads\/2022\/11\/GOLF4.jpg 500w\" sizes=\"(max-width: 300px) 100vw, 300px\" \/><br \/>\nNos compa\u00f1a el Ex jugador y profesional de la PGA M\u00e9xico Esteban Toledo, tambi\u00e9n nos acompa\u00f1a el profesional y jugador activo de la PGA Oscar Frautro. Como miembro tambi\u00e9n de la PGA, \u00c1ngel Morales, asiste Sophia Sheridan Profesional de la LPGA y Alex Heredia, Golfista Profesional y directo de la academia de golf Alex Heredia, ellos estar\u00e1n participando dentro del evento cercanos a la gente, dando tips y algunos consejos, con alguna cl\u00ednica que deseen impartir y brindando toda su experiencia a los visitantes.<br \/>\nDentro de las conferencias, estar\u00e1 el Presidente de la PGA M\u00e9xico, Lic. Jorge Corral, el Ing, Rafa\u00e9l Alarc\u00f3n, Jos\u00e9 Luis Sosa, Presidente de COMETUD, Lili \u00c1lvarez Directora de LPGA y XUNTAS. Asiste tambi\u00e9n Daniel Sillari desde Espa\u00f1a con su marca Golf Manager, Ricardo<img decoding=\"async\" class=\"size-medium wp-image-423597 alignright\" src=\"https:\/\/dimensionturistica.com\/es\/wp-content\/uploads\/2022\/11\/GOLF3-201x300.jpg\" alt=\"\" width=\"201\" height=\"300\" srcset=\"https:\/\/dimensionturistica.com\/es\/wp-content\/uploads\/2022\/11\/GOLF3-201x300.jpg 201w, https:\/\/dimensionturistica.com\/es\/wp-content\/uploads\/2022\/11\/GOLF3.jpg 500w\" sizes=\"(max-width: 201px) 100vw, 201px\" \/> Rend\u00f3n, Dir. de PQ Vita y Ra\u00fal Reynoso de Battery Master quienes nos hablaran de los beneficios de sus bater\u00edas para los carritos de golf y finalmente Juan Carlos Arnau Vicepresidente de asuntos internacionales de FEMATUR.<br \/>\nDentro del evento nuestros visitantes podr\u00e1n encontrar desde ropa y accesorios para toda la familia deportista, as\u00ed como equipo nuevos, lanzamientos de marcas, equipo de no llega a M\u00e9xico, torneos de golf, agencias de viajes, campos de golf, clubes y muchas sorpresas m\u00e1s.<br \/>\nFinalmente estamos teniendo un precio de preventa de $290 pesos y $550 el VIP.<br \/>\nEste evento es una so<\/p>\n<p><img decoding=\"async\" class=\"size-medium wp-image-423596 alignleft\" src=\"https:\/\/dimensionturistica.com\/es\/wp-content\/uploads\/2022\/11\/GOLF2-300x159.jpg\" alt=\"\" width=\"300\" height=\"159\" srcset=\"https:\/\/dimensionturistica.com\/es\/wp-content\/uploads\/2022\/11\/GOLF2-300x159.jpg 300w, https:\/\/dimensionturistica.com\/es\/wp-content\/uploads\/2022\/11\/GOLF2.jpg 500w\" sizes=\"(max-width: 300px) 100vw, 300px\" \/><\/p>\n<p>la vez al a\u00f1o, re\u00fane lo mejor del golf a nivel nacional y con miras a nivel internacional y estamos seguros que este ser\u00e1 un punto entre un antes y un despu\u00e9s de la industria del golf en M\u00e9xico Agradecemos a nuestros patrocinadores GOLF CHANNEL, EL FINANCIERO, DINERO Y NEGOCIOS, HARD ROCK, SIDE SPORTS, GOLFZON, sin ellos este evento no fuera posible.<\/p>\n","protected":false},"excerpt":{"rendered":"<p>Continuando con la estrategia de comunicaci\u00f3n que llevamos en Expogolf M\u00e9xico, el d\u00eda de hoy en Mulligans Masaryk, se llev\u00f3 a cabo la conferencia de prensa donde tuvieron presencia nuestro Director General, Luis Felipe Fortanell Jara, el Director Operativo, Diego M\u00e9ndez Garcia y el profesional y parte del roster de invitados especiales, el profesional Alex [&hellip;]<\/p>\n","protected":false},"author":1,"featured_media":423595,"comment_status":"open","ping_status":"closed","sticky":false,"template":"","format":"standard","meta":{"om_disable_all_campaigns":false,"jnews-multi-image_gallery":[],"jnews_single_post":{"source_name":"","source_url":"","via_name":"","via_url":"","override_template":"0","override":[{"template":"1","single_blog_custom":"","parallax":"1","fullscreen":"1","layout":"right-sidebar","sidebar":"default-sidebar","second_sidebar":"default-sidebar","sticky_sidebar":"1","share_position":"top","share_float_style":"share-monocrhome","show_share_counter":"1","show_view_counter":"1","show_featured":"1","show_post_meta":"1","show_post_author":"1","show_post_author_image":"1","show_post_date":"1","post_date_format":"default","post_date_format_custom":"Y\/m\/d","show_post_category":"1","show_post_reading_time":"0","post_reading_time_wpm":"300","show_zoom_button":"0","zoom_button_out_step":"2","zoom_button_in_step":"3","show_post_tag":"1","show_prev_next_post":"1","show_popup_post":"1","number_popup_post":"1","show_author_box":"0","show_post_related":"0","show_inline_post_related":"0"}],"override_image_size":"0","image_override":[{"single_post_thumbnail_size":"crop-500","single_post_gallery_size":"crop-500"}],"trending_post":"0","trending_post_position":"meta","trending_post_label":"Trending","sponsored_post":"0","sponsored_post_label":"Sponsored by","sponsored_post_name":"","sponsored_post_url":"","sponsored_post_logo_enable":"0","sponsored_post_logo":"","sponsored_post_desc":"","disable_ad":"0"},"jnews_primary_category":{"id":"","hide":""},"jnews_social_meta":{"fb_title":"","fb_description":"","fb_image":"","twitter_title":"","twitter_description":"","twitter_image":""},"footnotes":""},"categories":[40],"tags":[],"class_list":["post-423574","post","type-post","status-publish","format-standard","has-post-thumbnail","hentry","category-industria"],"_links":{"self":[{"href":"https:\/\/dimensionturistica.com\/es\/wp-json\/wp\/v2\/posts\/423574","targetHints":{"allow":["GET"]}}],"collection":[{"href":"https:\/\/dimensionturistica.com\/es\/wp-json\/wp\/v2\/posts"}],"about":[{"href":"https:\/\/dimensionturistica.com\/es\/wp-json\/wp\/v2\/types\/post"}],"author":[{"embeddable":true,"href":"https:\/\/dimensionturistica.com\/es\/wp-json\/wp\/v2\/users\/1"}],"replies":[{"embeddable":true,"href":"https:\/\/dimensionturistica.com\/es\/wp-json\/wp\/v2\/comments?post=423574"}],"version-history":[{"count":0,"href":"https:\/\/dimensionturistica.com\/es\/wp-json\/wp\/v2\/posts\/423574\/revisions"}],"wp:featuredmedia":[{"embeddable":true,"href":"https:\/\/dimensionturistica.com\/es\/wp-json\/wp\/v2\/media\/423595"}],"wp:attachment":[{"href":"https:\/\/dimensionturistica.com\/es\/wp-json\/wp\/v2\/media?parent=423574"}],"wp:term":[{"taxonomy":"category","embeddable":true,"href":"https:\/\/dimensionturistica.com\/es\/wp-json\/wp\/v2\/categories?post=423574"},{"taxonomy":"post_tag","embeddable":true,"href":"https:\/\/dimensionturistica.com\/es\/wp-json\/wp\/v2\/tags?post=423574"}],"curies":[{"name":"wp","href":"https:\/\/api.w.org\/{rel}","templated":true}]}}