{"id":423441,"date":"2022-11-11T18:42:58","date_gmt":"2022-11-11T18:42:58","guid":{"rendered":"https:\/\/dimensionturistica.com\/es\/?p=423441"},"modified":"2022-11-11T18:42:58","modified_gmt":"2022-11-11T18:42:58","slug":"aeromexico-y-capitanes-firman-alianza-para-unir-fronteras-a-traves-del-basquetbol","status":"publish","type":"post","link":"https:\/\/dimensionturistica.com\/es\/aeromexico-y-capitanes-firman-alianza-para-unir-fronteras-a-traves-del-basquetbol\/","title":{"rendered":"Aerom\u00e9xico y Capitanes firman alianza para unir fronteras a trav\u00e9s del basquetbol"},"content":{"rendered":"<p>Capitanes de la Ciudad de M\u00e9xico y Aerom\u00e9xico anuncian su nueva alianza comercial para la temporada 2022-23 de la NBA G League.<br \/>\nEsta ser\u00e1 la primera temporada completa del equipo mexicano en la liga de desarrollo de la NBA, en la cual Capitanes visitar\u00e1 12 ciudades diferentes dentro de Estados Unidos.<br \/>\nAerom\u00e9xico se convierte en la aerol\u00ednea oficial de Capitanes lo cual facilitar\u00e1 la conexi\u00f3n entre M\u00e9xico y Estados Unidos para que los jugadores y staff de Capitanes puedan mostrar el talento de Latinoam\u00e9rica dentro del deporte r\u00e1faga y de la segunda liga m\u00e1s competitiva del mundo.<br \/>\n\u201cComo aerol\u00ednea bandera de M\u00e9xico, nuestro compromiso es apoyar el talento de nuestro pa\u00eds. Capitanes es el \u00fanico equipo mexicano que disputa esta liga, y por ello nos llena de alegr\u00eda poder acompa\u00f1arlos en esta aventura, garantizando la conectividad del equipo a trav\u00e9s de las 20 rutas que operamos en Estados Unidos. Estamos seguros de que Capitanes nos dar\u00e1 grandes noticias\u201d, asegur\u00f3 Xiomara Martin Matos, Vicepresidente de Mercadotecnia y sostenibilidad de Aerom\u00e9xico.<img decoding=\"async\" class=\" wp-image-423446 alignright\" src=\"https:\/\/dimensionturistica.com\/es\/wp-content\/uploads\/2022\/11\/s5wZdElMv6N-Gm5j-300x169.webp\" alt=\"\" width=\"438\" height=\"247\" srcset=\"https:\/\/dimensionturistica.com\/es\/wp-content\/uploads\/2022\/11\/s5wZdElMv6N-Gm5j-300x169.webp 300w, https:\/\/dimensionturistica.com\/es\/wp-content\/uploads\/2022\/11\/s5wZdElMv6N-Gm5j-1024x576.webp 1024w, https:\/\/dimensionturistica.com\/es\/wp-content\/uploads\/2022\/11\/s5wZdElMv6N-Gm5j-768x432.webp 768w, https:\/\/dimensionturistica.com\/es\/wp-content\/uploads\/2022\/11\/s5wZdElMv6N-Gm5j-750x422.webp 750w, https:\/\/dimensionturistica.com\/es\/wp-content\/uploads\/2022\/11\/s5wZdElMv6N-Gm5j-1140x641.webp 1140w, https:\/\/dimensionturistica.com\/es\/wp-content\/uploads\/2022\/11\/s5wZdElMv6N-Gm5j.webp 1280w\" sizes=\"(max-width: 438px) 100vw, 438px\" \/><br \/>\nAerom\u00e9xico, a trav\u00e9s de Capitanes, tambi\u00e9n ofrecer\u00e1 una serie de activaciones y experiencias que la Familia Capit\u00e1n y los colaboradores de la aerol\u00ednea podr\u00e1n disfrutar en la Arena CDMX.<br \/>\n\u201cNos sentimos muy felices por haber cerrado este acuerdo con Aerom\u00e9xico. Tener a la aerol\u00ednea m\u00e1s importante del pa\u00eds, como aliado para impulsar el basquetbol, nos hace sentir muy orgullosos y a\u00fan m\u00e1s comprometidos con el desarrollo de nuestro deporte. Estamos muy agradecidos con la confianza puesta en nosotros y trabajaremos para que esta alianza pueda fortalecerse a lo largo de la temporada y de los pr\u00f3ximos a\u00f1os\u201d, se\u00f1al\u00f3 Rodrigo Serratos, presidente de Capitanes.<\/p>\n","protected":false},"excerpt":{"rendered":"<p>Capitanes de la Ciudad de M\u00e9xico y Aerom\u00e9xico anuncian su nueva alianza comercial para la temporada 2022-23 de la NBA G League. Esta ser\u00e1 la primera temporada completa del equipo mexicano en la liga de desarrollo de la NBA, en la cual Capitanes visitar\u00e1 12 ciudades diferentes dentro de Estados Unidos. Aerom\u00e9xico se convierte en [&hellip;]<\/p>\n","protected":false},"author":1,"featured_media":423444,"comment_status":"open","ping_status":"closed","sticky":false,"template":"","format":"standard","meta":{"om_disable_all_campaigns":false,"jnews-multi-image_gallery":[],"jnews_single_post":{"source_name":"","source_url":"","via_name":"","via_url":"","override_template":"0","override":[{"template":"1","single_blog_custom":"","parallax":"1","fullscreen":"1","layout":"right-sidebar","sidebar":"default-sidebar","second_sidebar":"default-sidebar","sticky_sidebar":"1","share_position":"top","share_float_style":"share-monocrhome","show_share_counter":"1","show_view_counter":"1","show_featured":"1","show_post_meta":"1","show_post_author":"1","show_post_author_image":"1","show_post_date":"1","post_date_format":"default","post_date_format_custom":"Y\/m\/d","show_post_category":"1","show_post_reading_time":"0","post_reading_time_wpm":"300","show_zoom_button":"0","zoom_button_out_step":"2","zoom_button_in_step":"3","show_post_tag":"1","show_prev_next_post":"1","show_popup_post":"1","number_popup_post":"1","show_author_box":"0","show_post_related":"0","show_inline_post_related":"0"}],"override_image_size":"0","image_override":[{"single_post_thumbnail_size":"crop-500","single_post_gallery_size":"crop-500"}],"trending_post":"0","trending_post_position":"meta","trending_post_label":"Trending","sponsored_post":"0","sponsored_post_label":"Sponsored by","sponsored_post_name":"","sponsored_post_url":"","sponsored_post_logo_enable":"0","sponsored_post_logo":"","sponsored_post_desc":"","disable_ad":"0"},"jnews_primary_category":{"id":"","hide":""},"jnews_social_meta":{"fb_title":"","fb_description":"","fb_image":"","twitter_title":"","twitter_description":"","twitter_image":""},"footnotes":""},"categories":[39],"tags":[],"class_list":["post-423441","post","type-post","status-publish","format-standard","has-post-thumbnail","hentry","category-viajes"],"_links":{"self":[{"href":"https:\/\/dimensionturistica.com\/es\/wp-json\/wp\/v2\/posts\/423441","targetHints":{"allow":["GET"]}}],"collection":[{"href":"https:\/\/dimensionturistica.com\/es\/wp-json\/wp\/v2\/posts"}],"about":[{"href":"https:\/\/dimensionturistica.com\/es\/wp-json\/wp\/v2\/types\/post"}],"author":[{"embeddable":true,"href":"https:\/\/dimensionturistica.com\/es\/wp-json\/wp\/v2\/users\/1"}],"replies":[{"embeddable":true,"href":"https:\/\/dimensionturistica.com\/es\/wp-json\/wp\/v2\/comments?post=423441"}],"version-history":[{"count":0,"href":"https:\/\/dimensionturistica.com\/es\/wp-json\/wp\/v2\/posts\/423441\/revisions"}],"wp:featuredmedia":[{"embeddable":true,"href":"https:\/\/dimensionturistica.com\/es\/wp-json\/wp\/v2\/media\/423444"}],"wp:attachment":[{"href":"https:\/\/dimensionturistica.com\/es\/wp-json\/wp\/v2\/media?parent=423441"}],"wp:term":[{"taxonomy":"category","embeddable":true,"href":"https:\/\/dimensionturistica.com\/es\/wp-json\/wp\/v2\/categories?post=423441"},{"taxonomy":"post_tag","embeddable":true,"href":"https:\/\/dimensionturistica.com\/es\/wp-json\/wp\/v2\/tags?post=423441"}],"curies":[{"name":"wp","href":"https:\/\/api.w.org\/{rel}","templated":true}]}}