{"id":423359,"date":"2022-11-11T16:27:53","date_gmt":"2022-11-11T16:27:53","guid":{"rendered":"https:\/\/dimensionturistica.com\/es\/?p=423359"},"modified":"2022-11-11T16:27:54","modified_gmt":"2022-11-11T16:27:54","slug":"espana-se-acerca-a-santiago-de-cuba-con-su-primer-vuelo","status":"publish","type":"post","link":"https:\/\/dimensionturistica.com\/es\/espana-se-acerca-a-santiago-de-cuba-con-su-primer-vuelo\/","title":{"rendered":"Espa\u00f1a se acerca a Santiago de Cuba con su primer vuelo"},"content":{"rendered":"<p> <br \/>\n<\/p>\n<div>\n<p>   Una alegre ceremonia de despedida en la Terminal 1 del aeropuerto de Barajas de Madrid, estuvo encabezada por Paul Verhagen, subdirector common de Iberojet, Jon Arriaga presidente de DIT Gesti\u00f3n, y Niurka P\u00e9rez Denis, consejera cubana de Turismo para Espa\u00f1a y Portugal.<\/p>\n<p>   Arianne Gorgas, l\u00edder del grupo de familiarizaci\u00f3n del turoperador Fly for Holidays, que viaje en el vuelo hacia Santiago de Cuba, se mostr\u00f3 exultante con la apertura de un nuevo trayecto hacia la mayor de las Antillas.<\/p>\n<p>   \u201cVamos con mucha ilusi\u00f3n con un grupo de 39 agentes de viaje de todo el pa\u00eds, touroperadores que vendemos una Cuba real, comprometidos en dedicarlo al oriente del pa\u00eds, Santiago, Baracoa, Holgu\u00edn, Camaguey y Las Tunas\u201d, coment\u00f3 Gorgas.<\/p>\n<p>   \u201cSer\u00e1 para conocer un poco la Cuba m\u00e1s aut\u00e9ntica, desconocida, de gente natural, de un pa\u00eds lleno de bellezas y all\u00e1 vamos, a descubrirlo\u201d, a\u00f1adi\u00f3.<\/p>\n<p>   Entre las atracciones que pondera el itinerario sobresalen Santiago de Cuba y Baracoa, la Ciudad Primada de la Mayor de las Antillas, playas como Cayo Cruz y Santa Luc\u00eda en Camag\u00fcey; Covarrubias en Las Tunas; Ram\u00f3n Antilla, Guardalavaca, Don Lino, Pesquero y Esmeralda en Holgu\u00edn, <\/p>\n<p>  Todo esto, sin olvidar los tesoros de la naturaleza de monta\u00f1a de los parajes orientales, los sitios patrimoniales y la propia Camag\u00fcey, ciudad de los tinajones.<\/p>\n<p>   Cuna del ron cubano, la m\u00fasica de excelencia que recuerda siempre a Compay Segundo, el tr\u00edo Matamoros, Sindo Garay, Eliades Ochoa, \u00d1ico Saquito o Ibrahim Ferrer, entre muchas figuras de prestigio del pentagrama.<\/p>\n<p>   En fecha reciente, Diana Salcedo, comercial de ventas de Iberojet, apunt\u00f3 a Prensa Latina que su compa\u00f1\u00eda tiene muchas expectativas con este vuelo, que en principio se mantendr\u00e1 hasta marzo de 2023.<\/p>\n<p>   \u201cEs una zona poco conocida por los espa\u00f1oles, que tiene enormes potencialidades y permitir\u00e1 a turistas y gente con familia en esos lugares adentrarse m\u00e1s en el destino y, con el apoyo de agencias de viajes y la red minorista, esperamos vuelos llenos\u201d, apunt\u00f3 Salcedo.<\/p>\n<p>mv\/ft<\/p>\n<\/p><\/div>\n\n<p><em> &#8221; Fuentes news.google.com &#8221; <\/em><\/p>\n","protected":false},"excerpt":{"rendered":"<p>Una alegre ceremonia de despedida en la Terminal 1 del aeropuerto de Barajas de Madrid, estuvo encabezada por Paul Verhagen, subdirector common de Iberojet, Jon Arriaga presidente de DIT Gesti\u00f3n, y Niurka P\u00e9rez Denis, consejera cubana de Turismo para Espa\u00f1a y Portugal. Arianne Gorgas, l\u00edder del grupo de familiarizaci\u00f3n del turoperador Fly for Holidays, que [&hellip;]<\/p>\n","protected":false},"author":4,"featured_media":403788,"comment_status":"open","ping_status":"closed","sticky":false,"template":"","format":"standard","meta":{"om_disable_all_campaigns":false,"jnews-multi-image_gallery":[],"jnews_single_post":[],"jnews_primary_category":[],"jnews_social_meta":[],"footnotes":""},"categories":[40],"tags":[956,715,770,35201,544],"class_list":["post-423359","post","type-post","status-publish","format-standard","has-post-thumbnail","hentry","category-industria","tag-cuba","tag-economia","tag-espana","tag-nota-informativa","tag-turismo"],"_links":{"self":[{"href":"https:\/\/dimensionturistica.com\/es\/wp-json\/wp\/v2\/posts\/423359","targetHints":{"allow":["GET"]}}],"collection":[{"href":"https:\/\/dimensionturistica.com\/es\/wp-json\/wp\/v2\/posts"}],"about":[{"href":"https:\/\/dimensionturistica.com\/es\/wp-json\/wp\/v2\/types\/post"}],"author":[{"embeddable":true,"href":"https:\/\/dimensionturistica.com\/es\/wp-json\/wp\/v2\/users\/4"}],"replies":[{"embeddable":true,"href":"https:\/\/dimensionturistica.com\/es\/wp-json\/wp\/v2\/comments?post=423359"}],"version-history":[{"count":0,"href":"https:\/\/dimensionturistica.com\/es\/wp-json\/wp\/v2\/posts\/423359\/revisions"}],"wp:featuredmedia":[{"embeddable":true,"href":"https:\/\/dimensionturistica.com\/es\/wp-json\/wp\/v2\/media\/403788"}],"wp:attachment":[{"href":"https:\/\/dimensionturistica.com\/es\/wp-json\/wp\/v2\/media?parent=423359"}],"wp:term":[{"taxonomy":"category","embeddable":true,"href":"https:\/\/dimensionturistica.com\/es\/wp-json\/wp\/v2\/categories?post=423359"},{"taxonomy":"post_tag","embeddable":true,"href":"https:\/\/dimensionturistica.com\/es\/wp-json\/wp\/v2\/tags?post=423359"}],"curies":[{"name":"wp","href":"https:\/\/api.w.org\/{rel}","templated":true}]}}