{"id":423068,"date":"2022-11-11T06:39:12","date_gmt":"2022-11-11T06:39:12","guid":{"rendered":"https:\/\/dimensionturistica.com\/es\/?p=423068"},"modified":"2022-11-11T06:39:13","modified_gmt":"2022-11-11T06:39:13","slug":"convocante-inicio-del-encuentro-argentino-de-turismo-religioso","status":"publish","type":"post","link":"https:\/\/dimensionturistica.com\/es\/convocante-inicio-del-encuentro-argentino-de-turismo-religioso\/","title":{"rendered":"Convocante inicio del Encuentro Argentino de Turismo Religioso"},"content":{"rendered":"<p> <br \/>\n<\/p>\n<div>\n<div class=\"fecha-movil\">\n<p>\n<span class=\"dia\">viernes, 11 de noviembre de 2022<\/span><br \/>\n<span class=\"brand-circle\"\/><br \/>\n<span class=\"hora\">01:27<\/span>\n<\/p>\n<\/div>\n<p>Con una exitosa respuesta del p\u00fablico comenz\u00f3 el 15\u00b0 Encuentro Argentino de Turismo Religioso que se realizar\u00e1 entre hoy y ma\u00f1ana el Cine Teatro Catamarca y en la Casa de la Cultura de la Capital.\u00a0<\/p>\n<p>Alrededor de 5 mil visitas a la p\u00e1gina oficial del evento y unos 995 inscriptos &#8211; de los cuales la mitad son presenciales y la mitad por streaming-, fue el resultado de del c\u00f3nclave que reuni\u00f3 a destacados disertantes relacionados con el desarrollo tur\u00edstico de la regi\u00f3n.\u00a0<\/p>\n<p>En el inicio de la primera jornada, y tras la bendici\u00f3n del Padre Gustavo Flores, las palabras de bienvenida estuvieron a cargo de la Secretaria de Turismo y Desarrollo Econ\u00f3mico de la Municipalidad de San Fernando del Valle de Catamarca, In\u00e9s Gal\u00edndez y del Director de EMPRESUR y creador del Encuentro Argentino de Turismo organizador Prof. Santiago Cano, organizador del encuentro. Posteriormente, se realiz\u00f3 el reconocimiento institucional a diferentes actores del sector p\u00fablico por el aporte realizado para declarar de inter\u00e9s provincial, cultural y municipal el Encuentro como as\u00ed tambi\u00e9n la resoluci\u00f3n ministerial para lograr el puntaje docente.\u00a0<\/p>\n<p>Luego, la muse\u00f3loga Natalia Ponferrada resalt\u00f3 la importancia del evento y realiz\u00f3 un reconocimiento especial a Antonio Torrej\u00f3n, importante referente y funcionario del turismo nacional quien sugiri\u00f3 en la presidencia del Gral. Juan Domingo Per\u00f3n que la Virgen del Valle fuera la Patrona del Turismo.\u00a0<\/p>\n<p>La primera disertaci\u00f3n estuvo a cargo del Mgter. Marcelo Gershani que ahond\u00f3 tambi\u00e9n en la devoci\u00f3n hacia la Virgen del Valle y c\u00f3mo las peregrinaciones en su honor convirtieron a Catamarca en un polo del turismo religioso nacional. \u00a0<br \/>Posteriormente, la secretaria In\u00e9s Gal\u00edndez disert\u00f3 sobre la planificaci\u00f3n tur\u00edstica de la ciudad, resaltando el avance de las pol\u00edticas orientadas a ese fin que produjeron, entre otras cosas, un impacto econ\u00f3mico de m\u00e1s de 3.500 millones de pesos.\u00a0<br \/>Luego de las alocuciones del Mario Daniel Vera, sobre Vida y obra de Fray Mamerto Esqui\u00fa y de Carlos G\u00f3mez sobre \u201cLas huellas de San Francisco Solano\u201d, en horas de la tarde el Rabino Marcelo Polakof del Centro Uni\u00f3n Israelita de C\u00f3rdoba, destac\u00f3 la importancia cultural del turismo para conocer y respetar la diversidad religiosa.\u00a0<\/p>\n<p>En el acto oficial de Apertura del evento, el Director de EMPRESUR, Prof. Santiago Cano, anunci\u00f3 que se otorgar\u00e1 una beca a un estudiante de turismo de la ciudad de Catamarca para que pueda participar del pr\u00f3ximo Encuentro de Turismo Religioso en 2023. Por su parte el Ministro de Cultura y Turismo y Deporte de la Provincia, Roberto Brunello agradeci\u00f3 al equipo organizador del encuentro e inst\u00f3 a los municipios del inside a organizar jornadas similares.\u00a0<\/p>\n<p>Hoy, a partir de las 9 de la ma\u00f1ana se realizar\u00e1 la segunda y \u00faltima jornada del encuentro que incluir\u00e1 las exposiciones de importantes especialistas procedentes de C\u00f3rdoba, Buenos Aires, San Luis, Santa Fe, Jujuy y Salta.\u00a0<\/p>\n<p>\u201cHay un campo f\u00e9rtil para trabajar y generar nuevas oportunidades de negocios\u201d\u00a0<br \/>Santiago Cano, director de EMPRESUR y creador del Encuentro Argentino de Turismo Religioso, disert\u00f3 sobre los nuevos segmentos que, en t\u00e9rminos de mercado, genera esta modalidad. \u00a0<br \/>En este sentido, centr\u00f3 su ponencia en torno a lo que llam\u00f3 la alternativa de potencialidad precise en el mercado interno y externo: la uni\u00f3n de dos tipos de turistas o viajeros, quienes lo hacen impulsados por sus creencias o fe y quienes lo realizan impulsados por el inter\u00e9s cultural que los sitios religiosos despiertan.\u00a0\n<\/p>\n<p>Cano se\u00f1al\u00f3 que seg\u00fan estimaciones, hoy ser\u00edan unos 500 millones de personas las que se movilizan con dicho fin tur\u00edstico, de los cuales un 30 por ciento no lo hacen por cuesti\u00f3n de fe sino por inter\u00e9s cultural.\u00a0\n<\/p>\n<p>\u201cHace 25 a\u00f1os que se usa el t\u00e9rmino de turismo religioso y este tipo de viajes se vienen organizando en el pa\u00eds desde hace m\u00e1s de 7 d\u00e9cadas, especialmente en agencias de viaje de Buenos Aires, C\u00f3rdoba y Rosario.\u201d Indic\u00f3 tras relatar que incluso, entonces los contingentes eran acompa\u00f1ados por un asesor espiritual y hasta contemplaban la realizaci\u00f3n de misas en algunos lugares que recorr\u00edan. \u00a0\n<\/p>\n<p>Seg\u00fan el referente de EMPRESUR, el primer issue de inter\u00e9s de quienes optan por este tipo de turismo tiene que ver con la arquitectura, atra\u00eddos especialmente por las caracter\u00edsticas de los templos en las diferentes religiones, en tanto que el segundo elemento convocante es la m\u00fasica.\n<\/p>\n<\/div>\n<p><script>\n      window.fbAsyncInit = function() {\n        FB.init({\n          appId      : '{156514237751510}',\n          status     : true,\n\t\t  version:  'v2.7',\n          xfbml      : true\n        });\nFB.Event.subscribe('comment.create', function (response) {grabacom_compa(455223)});\t\nFB.Event.subscribe('comment.remove',  function (response) {grabacom_compa(455223)});\t\nFB.Event.subscribe('edge.create',  function (response) {grabacom_compa(455223)});\nFB.Event.subscribe('edge.remove',  function (response) {grabacom_compa(455223)});\n      };\n(function(d, s, id) {\n  var js, fjs = d.getElementsByTagName(s)[0];\n  if (d.getElementById(id)) return;\n  js = d.createElement(s); js.id = id;\n  js.src = \"\/\/connect.facebook.net\/es_LA\/sdk.js#xfbml=1&version=v2.7&appId=156514237751510\";\n  fjs.parentNode.insertBefore(js, fjs);\n}(document, 'script', 'facebook-jssdk'));\n    <\/script><br \/>\n<br \/><\/p>\n<p><em> &#8221; Fuentes news.google.com &#8221; <\/em><\/p>\n","protected":false},"excerpt":{"rendered":"<p>viernes, 11 de noviembre de 2022 01:27 Con una exitosa respuesta del p\u00fablico comenz\u00f3 el 15\u00b0 Encuentro Argentino de Turismo Religioso que se realizar\u00e1 entre hoy y ma\u00f1ana el Cine Teatro Catamarca y en la Casa de la Cultura de la Capital.\u00a0 Alrededor de 5 mil visitas a la p\u00e1gina oficial del evento y unos [&hellip;]<\/p>\n","protected":false},"author":4,"featured_media":423069,"comment_status":"open","ping_status":"closed","sticky":false,"template":"","format":"standard","meta":{"om_disable_all_campaigns":false,"jnews-multi-image_gallery":[],"jnews_single_post":[],"jnews_primary_category":[],"jnews_social_meta":[],"footnotes":""},"categories":[40],"tags":[3402,20272],"class_list":["post-423068","post","type-post","status-publish","format-standard","has-post-thumbnail","hentry","category-industria","tag-encuentro","tag-turismo-religioso"],"_links":{"self":[{"href":"https:\/\/dimensionturistica.com\/es\/wp-json\/wp\/v2\/posts\/423068","targetHints":{"allow":["GET"]}}],"collection":[{"href":"https:\/\/dimensionturistica.com\/es\/wp-json\/wp\/v2\/posts"}],"about":[{"href":"https:\/\/dimensionturistica.com\/es\/wp-json\/wp\/v2\/types\/post"}],"author":[{"embeddable":true,"href":"https:\/\/dimensionturistica.com\/es\/wp-json\/wp\/v2\/users\/4"}],"replies":[{"embeddable":true,"href":"https:\/\/dimensionturistica.com\/es\/wp-json\/wp\/v2\/comments?post=423068"}],"version-history":[{"count":0,"href":"https:\/\/dimensionturistica.com\/es\/wp-json\/wp\/v2\/posts\/423068\/revisions"}],"wp:featuredmedia":[{"embeddable":true,"href":"https:\/\/dimensionturistica.com\/es\/wp-json\/wp\/v2\/media\/423069"}],"wp:attachment":[{"href":"https:\/\/dimensionturistica.com\/es\/wp-json\/wp\/v2\/media?parent=423068"}],"wp:term":[{"taxonomy":"category","embeddable":true,"href":"https:\/\/dimensionturistica.com\/es\/wp-json\/wp\/v2\/categories?post=423068"},{"taxonomy":"post_tag","embeddable":true,"href":"https:\/\/dimensionturistica.com\/es\/wp-json\/wp\/v2\/tags?post=423068"}],"curies":[{"name":"wp","href":"https:\/\/api.w.org\/{rel}","templated":true}]}}