{"id":422960,"date":"2022-11-11T03:34:18","date_gmt":"2022-11-11T03:34:18","guid":{"rendered":"https:\/\/dimensionturistica.com\/es\/?p=422960"},"modified":"2022-11-11T03:34:18","modified_gmt":"2022-11-11T03:34:18","slug":"da-inicio-ado-a-su-onceava-caravana-rosa-por-el-cancer-de-mama-nuestro-recorrido-empieza-aqui","status":"publish","type":"post","link":"https:\/\/dimensionturistica.com\/es\/da-inicio-ado-a-su-onceava-caravana-rosa-por-el-cancer-de-mama-nuestro-recorrido-empieza-aqui\/","title":{"rendered":"Da inicio ADO a su Onceava Caravana Rosa por el Cancer de Mama: \u00abNuestro recorrido empieza aqui\u00bb"},"content":{"rendered":"<p>Este martes, MOBILITY ADO, empresa socialmente responsable y l\u00edder en movilidad integral, a trav\u00e9s de sus marcas ADO, OCC y Estrella de Oro, dio el banderazo de salida a\u00a0<img decoding=\"async\" class=\"size-medium wp-image-422986 alignright\" src=\"https:\/\/dimensionturistica.com\/es\/wp-content\/uploads\/2022\/11\/Banderazo-Caravana-Rosa-ADO_WEB-1140x641-1-300x169.jpg\" alt=\"\" width=\"300\" height=\"169\" srcset=\"https:\/\/dimensionturistica.com\/es\/wp-content\/uploads\/2022\/11\/Banderazo-Caravana-Rosa-ADO_WEB-1140x641-1-300x169.jpg 300w, https:\/\/dimensionturistica.com\/es\/wp-content\/uploads\/2022\/11\/Banderazo-Caravana-Rosa-ADO_WEB-1140x641-1-1024x576.jpg 1024w, https:\/\/dimensionturistica.com\/es\/wp-content\/uploads\/2022\/11\/Banderazo-Caravana-Rosa-ADO_WEB-1140x641-1-768x432.jpg 768w, https:\/\/dimensionturistica.com\/es\/wp-content\/uploads\/2022\/11\/Banderazo-Caravana-Rosa-ADO_WEB-1140x641-1-750x422.jpg 750w, https:\/\/dimensionturistica.com\/es\/wp-content\/uploads\/2022\/11\/Banderazo-Caravana-Rosa-ADO_WEB-1140x641-1.jpg 1140w\" sizes=\"(max-width: 300px) 100vw, 300px\" \/>\u00a0su \u201cCaravana Rosa 2022\u201d; una iniciativa que adem\u00e1s de facilitar el diagn\u00f3stico y tratamiento del c\u00e1ncer de mama en M\u00e9xico, promueve la importancia de su detecci\u00f3n temprana.<br \/>\nLa presentaci\u00f3n del autob\u00fas conmemorativo color rosa, que identifica la lucha contra el c\u00e1ncer de mama a nivel global, tuvo lugar en Casa Lamm en la CDMX, donde directivos de la empresa de movilidad, FUCAM, TELASIST, SCANIA, FUNDACI\u00d3N ADO y aliados, as\u00ed como diversos medios de comunicaci\u00f3n se dieron cita refrendando su compromiso en pro de la salud y bienestar de las mujeres.<br \/>\nEn su onceava edici\u00f3n de Caravana Rosa, sus distintas unidades rosas recorrer\u00e1n las terminales del pa\u00eds para iniciar su campa\u00f1a e impulsar el mensaje de concientizaci\u00f3n<img decoding=\"async\" class=\"size-medium wp-image-422988 alignright\" src=\"https:\/\/dimensionturistica.com\/es\/wp-content\/uploads\/2022\/11\/th-1-6-300x200.jpeg\" alt=\"\" width=\"300\" height=\"200\" srcset=\"https:\/\/dimensionturistica.com\/es\/wp-content\/uploads\/2022\/11\/th-1-6-300x200.jpeg 300w, https:\/\/dimensionturistica.com\/es\/wp-content\/uploads\/2022\/11\/th-1-6.jpeg 474w\" sizes=\"(max-width: 300px) 100vw, 300px\" \/> \u201cNuestro Recorrido Empieza Aqu\u00ed\u201d, donde durante los meses de octubre, noviembre y diciembre, realizar\u00e1n mastograf\u00edas gratuitas a todas aquellas mujeres de 40 a\u00f1os en adelantes en el centro, golfo, sur y sureste del pa\u00eds.<br \/>\n\u201cSon ya 11 a\u00f1os desde que inicio Caravana Rosa. M\u00e1s de 12 mil mastograf\u00edas gratuitas a lo largo de m\u00e1s de una d\u00e9cada; y, m\u00e1s de 2,500 apoyos a mujeres en traslados para el seguimiento de su tratamiento. Cuando uno ve o escucha estas cifras; sin duda se enorgullece y aplaude todo el esfuerzo que hay detr\u00e1s para lograr estos resultados y apoyos a favor de las mujeres mexicanas\u201d, expres\u00f3 Valeria Garc\u00eda, Gerente de Campa\u00f1as y Relaciones P\u00fablicas de ADO.<br \/>\nTras el gran recorrido de la iniciativa, las marcas ADO, OCC y Estrella de Oro de MOBILTIY ADO, han realizado m\u00e1s de 12 mil estudios; y en este 2022, entregar\u00e1 pases de acceso en distintos terminales de los estados como; Puebla, Pachuca, Campeche, Villahermosa, M\u00e9rida, Veracruz y Canc\u00fan, mismos que podr\u00e1n ser redimidos por cientos de mujeres<img decoding=\"async\" class=\"size-medium wp-image-422987 alignright\" src=\"https:\/\/dimensionturistica.com\/es\/wp-content\/uploads\/2022\/11\/Scania-en-Caravana-Rosa-2022-1050x525-1-300x150.jpeg\" alt=\"\" width=\"300\" height=\"150\" srcset=\"https:\/\/dimensionturistica.com\/es\/wp-content\/uploads\/2022\/11\/Scania-en-Caravana-Rosa-2022-1050x525-1-300x150.jpeg 300w, https:\/\/dimensionturistica.com\/es\/wp-content\/uploads\/2022\/11\/Scania-en-Caravana-Rosa-2022-1050x525-1-1024x512.jpeg 1024w, https:\/\/dimensionturistica.com\/es\/wp-content\/uploads\/2022\/11\/Scania-en-Caravana-Rosa-2022-1050x525-1-768x384.jpeg 768w, https:\/\/dimensionturistica.com\/es\/wp-content\/uploads\/2022\/11\/Scania-en-Caravana-Rosa-2022-1050x525-1-360x180.jpeg 360w, https:\/\/dimensionturistica.com\/es\/wp-content\/uploads\/2022\/11\/Scania-en-Caravana-Rosa-2022-1050x525-1-750x375.jpeg 750w, https:\/\/dimensionturistica.com\/es\/wp-content\/uploads\/2022\/11\/Scania-en-Caravana-Rosa-2022-1050x525-1.jpeg 1050w\" sizes=\"(max-width: 300px) 100vw, 300px\" \/> para llevar a cabo su mastograf\u00eda, adem\u00e1s de contar con un mast\u00f3grafo en las terminales de Tuxtla Guti\u00e9rrez, Xalapa y Chilpancingo.<br \/>\nCabe destacar que ADO, OCC y Estrella de Oro, ofrecer\u00e1n transporte gratuito a la Ciudad de M\u00e9xico a las mujeres que lo requieran, con la finalidad de que puedan acudir a la Fundaci\u00f3n del C\u00e1ncer de Mama (FUCAM) y den puntual seguimiento a su tratamiento.<br \/>\nPor su parte, en seguimiento a la b\u00fasqueda del bienestar de la poblaci\u00f3n y a trav\u00e9s del brazo social de la marca, FUNDACI\u00d3N ADO en colaboraci\u00f3n con el voluntariado corporativo, ofrece pl\u00e1ticas acerca del tratamiento, la autoexploraci\u00f3n, la detecci\u00f3n temprana y talleres para concientizaci\u00f3n sobre esta enfermedad, entre ellos, la visita a fundaciones que elaboran pelucas oncol\u00f3gicas aunado a la iniciativa \u201cTrenzat\u00f3n\u201d que promueve la donaci\u00f3n del cabello en las m\u00e1s de 60 terminales para este fin.<br \/>\nAdem\u00e1s, \u201cPara FUNDACI\u00d3N ADO es importante acompa\u00f1ar todo el proceso de las mujeres que tienen que lidiar con esta enfermedad, y no solo para ellas, si no para sus familias pensando en el antes, durante y despu\u00e9s con el objetivo de que se sientan acompa\u00f1adas. Como brazo social de MOBILITY ADO promovemos varias acciones para<img decoding=\"async\" class=\"size-medium wp-image-422985 alignright\" src=\"https:\/\/dimensionturistica.com\/es\/wp-content\/uploads\/2022\/11\/th-2-3-300x200.jpeg\" alt=\"\" width=\"300\" height=\"200\" srcset=\"https:\/\/dimensionturistica.com\/es\/wp-content\/uploads\/2022\/11\/th-2-3-300x200.jpeg 300w, https:\/\/dimensionturistica.com\/es\/wp-content\/uploads\/2022\/11\/th-2-3.jpeg 474w\" sizes=\"(max-width: 300px) 100vw, 300px\" \/> complementar la iniciativa de Caravana Rosa, llevando un mensaje de solidaridad a todos los rincones del pa\u00eds\u201d, expres\u00f3 Andr\u00e9s P\u00e9rez Pe\u00f1a, Gerente General de FUNDACI\u00d3N ADO en MOBILITY ADO.<br \/>\nDe acuerdo con la Organizaci\u00f3n Mundial de la Salud (OMS), el c\u00e1ncer de mama representa la primera causa de muerte por c\u00e1ncer en las mujeres y, en los \u00faltimos a\u00f1os el n\u00famero de muertes causadas por este padecimiento ha aumentado de forma alarmante. Por ello, adem\u00e1s de una detecci\u00f3n temprana y oportuna, Caravana Rosa se ha convertido en una iniciativa clave y fundamental para hacerle frente a esta enfermedad, a trav\u00e9s de la movilidad.<br \/>\nPara m\u00e1s informaci\u00f3n acerca de la Caravana Rosa 2022, visita: www.adocontraelcancer.com.mx<br \/>\nRedes Sociales:<br \/>\nADO: Facebook: @tuADO Twitter: @tuADO Instagram: @tuADOMX YouTube:ADO<br \/>\nEstrella de Oro: Facebook: @EstrelladeOro Twitter: @estrella_de_oro Instagram: estrelladeoromx<br \/>\nOCC: Facebook: @Autobuses.OCC Twitter: @AutobusesOCC Instagram: @autobusesOCC<br \/>\nTELASIST: Facebook: @Telasist LinkedIn: Telasist<br \/>\nFUNDACI\u00d3N ADO: Facebook: @fundacionadomx Instagram: @fundacion.ado YouTube: Fundaci\u00f3n ADO<br \/>\nMOBILITY ADO: Facebook: @MOBILITYADO Twitter: @MOBILITYADO Instagram: @mobilityado<br \/>\nLinkedIn: MOBILITY ADO<br \/>\n#DetectaATiempo #NuestroRecorridoEmpiezaAqu\u00ed<\/p>\n","protected":false},"excerpt":{"rendered":"<p>Este martes, MOBILITY ADO, empresa socialmente responsable y l\u00edder en movilidad integral, a trav\u00e9s de sus marcas ADO, OCC y Estrella de Oro, dio el banderazo de salida a\u00a0\u00a0su \u201cCaravana Rosa 2022\u201d; una iniciativa que adem\u00e1s de facilitar el diagn\u00f3stico y tratamiento del c\u00e1ncer de mama en M\u00e9xico, promueve la importancia de su detecci\u00f3n temprana. [&hellip;]<\/p>\n","protected":false},"author":1,"featured_media":422984,"comment_status":"open","ping_status":"closed","sticky":false,"template":"","format":"standard","meta":{"om_disable_all_campaigns":false,"jnews-multi-image_gallery":[],"jnews_single_post":{"source_name":"","source_url":"","via_name":"","via_url":"","override_template":"0","override":[{"template":"1","single_blog_custom":"","parallax":"1","fullscreen":"1","layout":"right-sidebar","sidebar":"default-sidebar","second_sidebar":"default-sidebar","sticky_sidebar":"1","share_position":"top","share_float_style":"share-monocrhome","show_share_counter":"1","show_view_counter":"1","show_featured":"1","show_post_meta":"1","show_post_author":"1","show_post_author_image":"1","show_post_date":"1","post_date_format":"default","post_date_format_custom":"Y\/m\/d","show_post_category":"1","show_post_reading_time":"0","post_reading_time_wpm":"300","show_zoom_button":"0","zoom_button_out_step":"2","zoom_button_in_step":"3","show_post_tag":"1","show_prev_next_post":"1","show_popup_post":"1","number_popup_post":"1","show_author_box":"0","show_post_related":"0","show_inline_post_related":"0"}],"override_image_size":"0","image_override":[{"single_post_thumbnail_size":"crop-500","single_post_gallery_size":"crop-500"}],"trending_post":"0","trending_post_position":"meta","trending_post_label":"Trending","sponsored_post":"0","sponsored_post_label":"Sponsored by","sponsored_post_name":"","sponsored_post_url":"","sponsored_post_logo_enable":"0","sponsored_post_logo":"","sponsored_post_desc":"","disable_ad":"0"},"jnews_primary_category":{"id":"","hide":""},"jnews_social_meta":{"fb_title":"","fb_description":"","fb_image":"","twitter_title":"","twitter_description":"","twitter_image":""},"footnotes":""},"categories":[40],"tags":[],"class_list":["post-422960","post","type-post","status-publish","format-standard","has-post-thumbnail","hentry","category-industria"],"_links":{"self":[{"href":"https:\/\/dimensionturistica.com\/es\/wp-json\/wp\/v2\/posts\/422960","targetHints":{"allow":["GET"]}}],"collection":[{"href":"https:\/\/dimensionturistica.com\/es\/wp-json\/wp\/v2\/posts"}],"about":[{"href":"https:\/\/dimensionturistica.com\/es\/wp-json\/wp\/v2\/types\/post"}],"author":[{"embeddable":true,"href":"https:\/\/dimensionturistica.com\/es\/wp-json\/wp\/v2\/users\/1"}],"replies":[{"embeddable":true,"href":"https:\/\/dimensionturistica.com\/es\/wp-json\/wp\/v2\/comments?post=422960"}],"version-history":[{"count":0,"href":"https:\/\/dimensionturistica.com\/es\/wp-json\/wp\/v2\/posts\/422960\/revisions"}],"wp:featuredmedia":[{"embeddable":true,"href":"https:\/\/dimensionturistica.com\/es\/wp-json\/wp\/v2\/media\/422984"}],"wp:attachment":[{"href":"https:\/\/dimensionturistica.com\/es\/wp-json\/wp\/v2\/media?parent=422960"}],"wp:term":[{"taxonomy":"category","embeddable":true,"href":"https:\/\/dimensionturistica.com\/es\/wp-json\/wp\/v2\/categories?post=422960"},{"taxonomy":"post_tag","embeddable":true,"href":"https:\/\/dimensionturistica.com\/es\/wp-json\/wp\/v2\/tags?post=422960"}],"curies":[{"name":"wp","href":"https:\/\/api.w.org\/{rel}","templated":true}]}}