{"id":422816,"date":"2022-11-11T00:26:35","date_gmt":"2022-11-11T00:26:35","guid":{"rendered":"https:\/\/dimensionturistica.com\/es\/?p=422816"},"modified":"2022-11-11T00:26:35","modified_gmt":"2022-11-11T00:26:35","slug":"caribe-cooler-y-7-se-reunen-pata-llevar-a-cabo-un-taller-de-mixologia-maridaje","status":"publish","type":"post","link":"https:\/\/dimensionturistica.com\/es\/caribe-cooler-y-7-se-reunen-pata-llevar-a-cabo-un-taller-de-mixologia-maridaje\/","title":{"rendered":"Caribe Cooler y 7\u00b0 , se re\u00fanen pata llevar a cabo un taller de mixolog\u00eda maridaje"},"content":{"rendered":"<p>Con recetas del Mix\u00f3logo Alejandro Rojas y el Chef Jelsen Costales, los asistentes prepararon bebidas refrescantes con la variedad de sabores y presentaciones de Caribe Cooler, y degustaron exquisitos platillos, de las especialidades de 7\u00b0 Oster\u00eda.<br \/>\nLa sesi\u00f3n se llev\u00f3 a cabo en el reci\u00e9n remodelado 7\u00b0 Oster\u00eda Altavista que est\u00e1 por<img decoding=\"async\" class=\"size-medium wp-image-422823 alignright\" src=\"https:\/\/dimensionturistica.com\/es\/wp-content\/uploads\/2022\/11\/Tinto-Fresco-1-173x300.jpeg\" alt=\"\" width=\"173\" height=\"300\" srcset=\"https:\/\/dimensionturistica.com\/es\/wp-content\/uploads\/2022\/11\/Tinto-Fresco-1-173x300.jpeg 173w, https:\/\/dimensionturistica.com\/es\/wp-content\/uploads\/2022\/11\/Tinto-Fresco-1.jpeg 591w\" sizes=\"(max-width: 173px) 100vw, 173px\" \/> celebrar su d\u00e9cimo aniversario y, a partir de noviembre inaugura los desayunos todos los d\u00edas de la semana.<\/p>\n<p>Ciudad de M\u00e9xico, a 10 de noviembre de 2022.- Caribe Cooler y el restaurante 7\u00ba Oster\u00eda, ofrecieron una experiencia para los sentidos con un taller de mixolog\u00eda y maridaje de platillos en Altavista de la colonia San \u00c1ngel Inn. Los invitados, recibieron la bienvenida por parte de A\u00edda Rangel, gerente de marca para Caribe Cooler y del lado de 7\u00b0 Oster\u00eda, el Chef Jelsen Costales y el Mix\u00f3logo Alejandro Rojas.<br \/>\nLos invitados disfrutaron de una tarde de drinks de temporada a base de Caribe Cooler con el experto Mix\u00f3logo <img decoding=\"async\" class=\"size-medium wp-image-422830 alignleft\" src=\"https:\/\/dimensionturistica.com\/es\/wp-content\/uploads\/2022\/11\/Image3-225x300.jpeg\" alt=\"\" width=\"225\" height=\"300\" srcset=\"https:\/\/dimensionturistica.com\/es\/wp-content\/uploads\/2022\/11\/Image3-225x300.jpeg 225w, https:\/\/dimensionturistica.com\/es\/wp-content\/uploads\/2022\/11\/Image3-768x1024.jpeg 768w, https:\/\/dimensionturistica.com\/es\/wp-content\/uploads\/2022\/11\/Image3-1152x1536.jpeg 1152w, https:\/\/dimensionturistica.com\/es\/wp-content\/uploads\/2022\/11\/Image3-750x1000.jpeg 750w, https:\/\/dimensionturistica.com\/es\/wp-content\/uploads\/2022\/11\/Image3-1140x1520.jpeg 1140w, https:\/\/dimensionturistica.com\/es\/wp-content\/uploads\/2022\/11\/Image3.jpeg 1200w\" sizes=\"(max-width: 225px) 100vw, 225px\" \/>Alejandro Rojas mientras que, los asistentes al recinto de 7\u00b0 Oster\u00eda, deleitaron su paladar con deliciosos platillos elaborados por el Chef Jelsen Costales, los cuales son la especialidad del restaurante y que son hechos con ingredientes de primera calidad, muchos de ellos importados de Italia.<br \/>\nLa sesi\u00f3n se realiz\u00f3 en el reci\u00e9n remodelado 7\u00b0 Oster\u00eda, el cual est\u00e1 por celebrar diez a\u00f1os de agasajar a sus clientes; y para seguir brindando lo mejor a sus comensales, a partir de noviembre servir\u00e1n desayunos de lunes a domingo de 9:00 a 12:30 Hrs.<br \/>\nEl Mix\u00f3logo Alejandro Rojas se inspir\u00f3 con las diferentes l\u00edneas de Caribe Cooler como la Regular, con el sabor fresco de siempre; la l\u00ednea Ultra, menos dulce y m\u00e1s ligera; y por \u00faltimo la l\u00ednea Seltzer, burbujeante, con un toque de alcohol y 0% carbohidratos.<img decoding=\"async\" class=\"size-medium wp-image-422822 alignright\" src=\"https:\/\/dimensionturistica.com\/es\/wp-content\/uploads\/2022\/11\/Tropical-Bellini-190x300.jpeg\" alt=\"\" width=\"190\" height=\"300\" srcset=\"https:\/\/dimensionturistica.com\/es\/wp-content\/uploads\/2022\/11\/Tropical-Bellini-190x300.jpeg 190w, https:\/\/dimensionturistica.com\/es\/wp-content\/uploads\/2022\/11\/Tropical-Bellini.jpeg 648w\" sizes=\"(max-width: 190px) 100vw, 190px\" \/><br \/>\nCon su amplia variedad en comida y bebidas para toda ocasi\u00f3n, 7\u00ba Oster\u00eda cumple 10 a\u00f1os y siempre en beneficio de sus comensales al cuidar la ecuaci\u00f3n de calidad y precio, con la oportunidad para probar excelentes alimentos dulces, salados y saludables.<br \/>\nToda la l\u00ednea de productos de Caribe Cooler est\u00e1 pensada para cada perfil de consumidor, con el prop\u00f3sito de satisfacer sus diferentes necesidades por su gran variedad de sabores refrescantes, y diversas presentaciones.<br \/>\nPara m\u00e1s informaci\u00f3n de Caribe Cooler y sus l\u00edneas de producto, visita su sitio web y\/o a trav\u00e9s de sus redes sociales.<\/p>\n","protected":false},"excerpt":{"rendered":"<p>Con recetas del Mix\u00f3logo Alejandro Rojas y el Chef Jelsen Costales, los asistentes prepararon bebidas refrescantes con la variedad de sabores y presentaciones de Caribe Cooler, y degustaron exquisitos platillos, de las especialidades de 7\u00b0 Oster\u00eda. La sesi\u00f3n se llev\u00f3 a cabo en el reci\u00e9n remodelado 7\u00b0 Oster\u00eda Altavista que est\u00e1 por celebrar su d\u00e9cimo [&hellip;]<\/p>\n","protected":false},"author":1,"featured_media":422829,"comment_status":"open","ping_status":"closed","sticky":false,"template":"","format":"standard","meta":{"om_disable_all_campaigns":false,"jnews-multi-image_gallery":[],"jnews_single_post":{"source_name":"","source_url":"","via_name":"","via_url":"","override_template":"0","override":[{"template":"1","single_blog_custom":"","parallax":"1","fullscreen":"1","layout":"right-sidebar","sidebar":"default-sidebar","second_sidebar":"default-sidebar","sticky_sidebar":"1","share_position":"top","share_float_style":"share-monocrhome","show_share_counter":"1","show_view_counter":"1","show_featured":"1","show_post_meta":"1","show_post_author":"1","show_post_author_image":"1","show_post_date":"1","post_date_format":"default","post_date_format_custom":"Y\/m\/d","show_post_category":"1","show_post_reading_time":"0","post_reading_time_wpm":"300","show_zoom_button":"0","zoom_button_out_step":"2","zoom_button_in_step":"3","show_post_tag":"1","show_prev_next_post":"1","show_popup_post":"1","number_popup_post":"1","show_author_box":"0","show_post_related":"0","show_inline_post_related":"0"}],"override_image_size":"0","image_override":[{"single_post_thumbnail_size":"crop-500","single_post_gallery_size":"crop-500"}],"trending_post":"0","trending_post_position":"meta","trending_post_label":"Trending","sponsored_post":"0","sponsored_post_label":"Sponsored by","sponsored_post_name":"","sponsored_post_url":"","sponsored_post_logo_enable":"0","sponsored_post_logo":"","sponsored_post_desc":"","disable_ad":"0"},"jnews_primary_category":{"id":"","hide":""},"jnews_social_meta":{"fb_title":"","fb_description":"","fb_image":"","twitter_title":"","twitter_description":"","twitter_image":""},"footnotes":""},"categories":[43],"tags":[],"class_list":["post-422816","post","type-post","status-publish","format-standard","has-post-thumbnail","hentry","category-gourmet"],"_links":{"self":[{"href":"https:\/\/dimensionturistica.com\/es\/wp-json\/wp\/v2\/posts\/422816","targetHints":{"allow":["GET"]}}],"collection":[{"href":"https:\/\/dimensionturistica.com\/es\/wp-json\/wp\/v2\/posts"}],"about":[{"href":"https:\/\/dimensionturistica.com\/es\/wp-json\/wp\/v2\/types\/post"}],"author":[{"embeddable":true,"href":"https:\/\/dimensionturistica.com\/es\/wp-json\/wp\/v2\/users\/1"}],"replies":[{"embeddable":true,"href":"https:\/\/dimensionturistica.com\/es\/wp-json\/wp\/v2\/comments?post=422816"}],"version-history":[{"count":0,"href":"https:\/\/dimensionturistica.com\/es\/wp-json\/wp\/v2\/posts\/422816\/revisions"}],"wp:featuredmedia":[{"embeddable":true,"href":"https:\/\/dimensionturistica.com\/es\/wp-json\/wp\/v2\/media\/422829"}],"wp:attachment":[{"href":"https:\/\/dimensionturistica.com\/es\/wp-json\/wp\/v2\/media?parent=422816"}],"wp:term":[{"taxonomy":"category","embeddable":true,"href":"https:\/\/dimensionturistica.com\/es\/wp-json\/wp\/v2\/categories?post=422816"},{"taxonomy":"post_tag","embeddable":true,"href":"https:\/\/dimensionturistica.com\/es\/wp-json\/wp\/v2\/tags?post=422816"}],"curies":[{"name":"wp","href":"https:\/\/api.w.org\/{rel}","templated":true}]}}