{"id":422786,"date":"2022-11-10T23:27:40","date_gmt":"2022-11-10T23:27:40","guid":{"rendered":"https:\/\/dimensionturistica.com\/es\/?p=422786"},"modified":"2022-11-10T23:27:40","modified_gmt":"2022-11-10T23:27:40","slug":"fetave-organiza-el-foro-madrid-puerta-de-america-el-17-de-noviembre-en-madrid","status":"publish","type":"post","link":"https:\/\/dimensionturistica.com\/es\/fetave-organiza-el-foro-madrid-puerta-de-america-el-17-de-noviembre-en-madrid\/","title":{"rendered":"FETAVE organiza el foro \u201cMadrid puerta de Am\u00e9rica\u201d el 17 de noviembre en Madrid"},"content":{"rendered":"<p> <br \/>\n<\/p>\n<div>\n<p>Madrid, 11 de noviembre de 2022. La Federaci\u00f3n Empresarial de Asociaciones Territoriales de Agencias de Viajes de Espa\u00f1a, <strong>FETAVE<\/strong>, organizar\u00e1 el pr\u00f3ximo 17 de noviembre en el Lodge Radisson Purple su foro anual, con la colaboraci\u00f3n de la Comunidad de Madrid, el Ayuntamiento de Madrid y la Federaci\u00f3n Madrile\u00f1a de Agencias de Viajes, FEMAV.<\/p>\n<p>En el marco de la progresiva recuperaci\u00f3n del turismo internacional en Espa\u00f1a, fundamentalmente del mercado europeo y americano,<strong> la Comunidad de Madrid ha destacado por ser uno de los destinos que m\u00e1s r\u00e1pido ha recuperado cifras de recepci\u00f3n de turistas internacionales pr\u00f3ximas a las del a\u00f1o 2019<\/strong>, con la dificultad a\u00f1adida del bajo n\u00famero de turistas que hasta el momento llegan del continente asi\u00e1tico. En los meses transcurridos de 2022, M\u00e9xico se consolida como el tercer mercado emisor hacia Madrid y tambi\u00e9n destaca <strong>la cuota whole de los mercados latinoamericanos, que asciende al 37,5%.<\/strong><\/p>\n<p>Madrid encabeza el rating de inversi\u00f3n hotelera en Espa\u00f1a durante los \u00faltimos a\u00f1os, siendo esta inversi\u00f3n principalmente extranjera y orientada al sector del lujo, posicion\u00e1ndose como <strong>el segundo destino que m\u00e1s inter\u00e9s despierta en Europa por detr\u00e1s de Par\u00eds.<\/strong><\/p>\n<p>Con este escenario prometedor, el foro anual de <strong>FETAVE abordar\u00e1 la gran oportunidad que se presentan en el futuro inmediato de la regi\u00f3n, convertirse en el centro de atractivo tur\u00edstico e inversi\u00f3n del continente americano en Europa.<\/strong><\/p>\n<p>El foro recupera el formato presencial y contar\u00e1 con un aforo limitado dirigido a agentes de viajes y profesionales y representantes del sector tur\u00edstico.<\/p>\n<p>La apertura institucional del acto ser\u00e1 realizada por Daniel Mart\u00ednez Rodriguez, Viceconsejero de Turismo de la Comunidad de Madrid.<\/p>\n<p>C\u00e9sar Gutierrez Calvo, Presidente de FETAVE ser\u00e1 el encargado de dar la bienvenida y presentar el acto y posteriormente entrevistar a Albert Rivera D\u00edaz, Socio Director de RV Consultores y expresidente de Ciudadanos, que expondr\u00e1 su opini\u00f3n sobre el contexto social, pol\u00edtico y econ\u00f3mico que vive la Comunidad de Madrid y el atractivo de la regi\u00f3n para recibir inversi\u00f3n extranjera y de forma m\u00e1s concreta de los pa\u00edses latinoamericanos adem\u00e1s de Estados Unidos y Canad\u00e1.<\/p>\n<p>La primera sesi\u00f3n, moderada por Manuel Panadero, asedor de presidencia FETAVE Y FEMAV,, analizar\u00e1 la importancia de la conectividad, clave y<strong> oportunidad para el desarrollo de Madrid como principal hub de comunicaciones en el sur de Europa y primer hub en la conexi\u00f3n entre Europa y Latinoam\u00e9rica<\/strong>. Participar\u00e1n en ella Ana Beatriz Guill\u00e9n de V\u00e1zquez, Directora de Ventas Globales en IBERIA, Mario Otero, Director Aeropuerto Adolfo Su\u00e1rez Madrid- Barajas y Guillermo Castillo, Director de Desarrollo de negocio de IRYO.<\/p>\n<p>La segunda Sesi\u00f3n ser\u00e1 moderada por Isabel Santamarta, Consejera de FEMAV, e intentar\u00e1 dar <strong>las claves del \u00e9xito precise de Madrid como centro de atractivo tur\u00edstico e inversi\u00f3n.<\/strong> Participaran en ella Luis Mart\u00edn Izquierdo, Director Basic de Turismo de la Comunidad de Madrid, Abigail Sig\u00fcenza, Directora de Advertising Internacional de Destino Madrid y Sam Bathtub, Cluster Basic Supervisor en Radisson Lodge Group.<\/p>\n<p>El cierre institucional del acto ser\u00e1 realizado por Jose Luis M\u00e9ndez \u00c1lvarez, Copresidente de FEMAV y Almudena Ma\u00edllo, Responsable del \u00e1rea de Turismo del Ayuntamiento de Madrid que clausurar\u00e1 el Foro<\/p>\n<\/p><\/div>\n\n<p><em> &#8221; Fuentes news.google.com &#8221; <\/em><\/p>\n","protected":false},"excerpt":{"rendered":"<p>Madrid, 11 de noviembre de 2022. La Federaci\u00f3n Empresarial de Asociaciones Territoriales de Agencias de Viajes de Espa\u00f1a, FETAVE, organizar\u00e1 el pr\u00f3ximo 17 de noviembre en el Lodge Radisson Purple su foro anual, con la colaboraci\u00f3n de la Comunidad de Madrid, el Ayuntamiento de Madrid y la Federaci\u00f3n Madrile\u00f1a de Agencias de Viajes, FEMAV. En [&hellip;]<\/p>\n","protected":false},"author":4,"featured_media":399427,"comment_status":"open","ping_status":"closed","sticky":false,"template":"","format":"standard","meta":{"om_disable_all_campaigns":false,"jnews-multi-image_gallery":[],"jnews_single_post":[],"jnews_primary_category":[],"jnews_social_meta":[],"footnotes":""},"categories":[40],"tags":[569,572,1898,700,544],"class_list":["post-422786","post","type-post","status-publish","format-standard","has-post-thumbnail","hentry","category-industria","tag-agencias-de-viajes","tag-distribucion","tag-fetave","tag-madrid","tag-turismo"],"_links":{"self":[{"href":"https:\/\/dimensionturistica.com\/es\/wp-json\/wp\/v2\/posts\/422786","targetHints":{"allow":["GET"]}}],"collection":[{"href":"https:\/\/dimensionturistica.com\/es\/wp-json\/wp\/v2\/posts"}],"about":[{"href":"https:\/\/dimensionturistica.com\/es\/wp-json\/wp\/v2\/types\/post"}],"author":[{"embeddable":true,"href":"https:\/\/dimensionturistica.com\/es\/wp-json\/wp\/v2\/users\/4"}],"replies":[{"embeddable":true,"href":"https:\/\/dimensionturistica.com\/es\/wp-json\/wp\/v2\/comments?post=422786"}],"version-history":[{"count":0,"href":"https:\/\/dimensionturistica.com\/es\/wp-json\/wp\/v2\/posts\/422786\/revisions"}],"wp:featuredmedia":[{"embeddable":true,"href":"https:\/\/dimensionturistica.com\/es\/wp-json\/wp\/v2\/media\/399427"}],"wp:attachment":[{"href":"https:\/\/dimensionturistica.com\/es\/wp-json\/wp\/v2\/media?parent=422786"}],"wp:term":[{"taxonomy":"category","embeddable":true,"href":"https:\/\/dimensionturistica.com\/es\/wp-json\/wp\/v2\/categories?post=422786"},{"taxonomy":"post_tag","embeddable":true,"href":"https:\/\/dimensionturistica.com\/es\/wp-json\/wp\/v2\/tags?post=422786"}],"curies":[{"name":"wp","href":"https:\/\/api.w.org\/{rel}","templated":true}]}}