{"id":422094,"date":"2022-11-09T23:00:15","date_gmt":"2022-11-09T23:00:15","guid":{"rendered":"https:\/\/dimensionturistica.com\/es\/?p=422094"},"modified":"2022-11-09T23:00:15","modified_gmt":"2022-11-09T23:00:15","slug":"empresas-turisticas-asociaciones-de-hoteles-y-el-cptq-realizaron-en-conjunto-con-volaris-una-caravana-de-promocion","status":"publish","type":"post","link":"https:\/\/dimensionturistica.com\/es\/empresas-turisticas-asociaciones-de-hoteles-y-el-cptq-realizaron-en-conjunto-con-volaris-una-caravana-de-promocion\/","title":{"rendered":"Empresas Tur\u00edsticas, Asociaciones de Hoteles y el CPTQ realizaron en conjunto con Volaris una Caravana de Promoci\u00f3n"},"content":{"rendered":"<p>El Consejo de Promoci\u00f3n Tur\u00edstica de Quintana Roo (CPTQ), en coordinaci\u00f3n con la aerol\u00ednea Volaris<img decoding=\"async\" class=\"size-medium wp-image-422102 alignright\" src=\"https:\/\/dimensionturistica.com\/es\/wp-content\/uploads\/2022\/11\/unnamed-2-3-225x300.jpg\" alt=\"\" width=\"225\" height=\"300\" srcset=\"https:\/\/dimensionturistica.com\/es\/wp-content\/uploads\/2022\/11\/unnamed-2-3-225x300.jpg 225w, https:\/\/dimensionturistica.com\/es\/wp-content\/uploads\/2022\/11\/unnamed-2-3-768x1024.jpg 768w, https:\/\/dimensionturistica.com\/es\/wp-content\/uploads\/2022\/11\/unnamed-2-3-750x1000.jpg 750w, https:\/\/dimensionturistica.com\/es\/wp-content\/uploads\/2022\/11\/unnamed-2-3.jpg 960w\" sizes=\"(max-width: 225px) 100vw, 225px\" \/> realizaron una caravana de promoci\u00f3n en las ciudades de Quer\u00e9taro, Le\u00f3n, Aguascalientes, Guadalajara y Monterrey con la participaci\u00f3n de las asociaciones de hoteles de Riviera Maya, Isla Cozumel, Chetumal y Bacalar, adem\u00e1s de parques y hoteles de Canc\u00fan, Isla Mujeres y Riviera Maya.<\/p>\n<p>La exitosa semana de promoci\u00f3n sum\u00f3 un total de 358 agentes de viajes a quienes se les dot\u00f3 de informaci\u00f3n sobre la amplia oferta tur\u00edstica de cada uno de los destinos del estado, como opciones de hospedaje, parques tem\u00e1ticos y actividades de esparcimiento, que puedan transmitir a sus clientes. Por su parte Volaris present\u00f3 las opciones de vuelos que tiene desde las ciudades que integraron <img decoding=\"async\" class=\" wp-image-422103 alignleft\" src=\"https:\/\/dimensionturistica.com\/es\/wp-content\/uploads\/2022\/11\/unnamed-1-4-300x138.jpg\" alt=\"\" width=\"389\" height=\"179\" srcset=\"https:\/\/dimensionturistica.com\/es\/wp-content\/uploads\/2022\/11\/unnamed-1-4-300x138.jpg 300w, https:\/\/dimensionturistica.com\/es\/wp-content\/uploads\/2022\/11\/unnamed-1-4-1024x471.jpg 1024w, https:\/\/dimensionturistica.com\/es\/wp-content\/uploads\/2022\/11\/unnamed-1-4-768x353.jpg 768w, https:\/\/dimensionturistica.com\/es\/wp-content\/uploads\/2022\/11\/unnamed-1-4-750x345.jpg 750w, https:\/\/dimensionturistica.com\/es\/wp-content\/uploads\/2022\/11\/unnamed-1-4-1140x525.jpg 1140w, https:\/\/dimensionturistica.com\/es\/wp-content\/uploads\/2022\/11\/unnamed-1-4.jpg 1280w\" sizes=\"(max-width: 389px) 100vw, 389px\" \/>esta caravana hacia el aeropuerto de Canc\u00fan, as\u00ed como las oportunidades que hay de volar a Chetumal, Isla de Cozumel y Canc\u00fan desde Ciudad de M\u00e9xico.<br \/>\nPor parte del sector tur\u00edstico de Quintana Roo se cont\u00f3 con la participaci\u00f3n de las empresas: Seadust Cancun Family Resort, The Top Connections, Aloft Canc\u00fan, Palace Resorts, Princess Hotels, Grand Fiesta Americana Coral Beach Canc\u00fan, Haven Riviera Canc\u00fan, The Reef Resorts &amp; Spa, RCD Hotels, Grupo Xcaret, El Cid Resorts y The Westin Cozumel.<br \/>\nLa buena asistencia de los agentes de viajes de cada uno de los estados deja la puerta abierta para seguir colaborando en conjunto con la aerol\u00ednea Volairs y el CPTQ.<br \/>\nhttps:\/\/www.caribemexicano.travel\/<\/p>\n","protected":false},"excerpt":{"rendered":"<p>El Consejo de Promoci\u00f3n Tur\u00edstica de Quintana Roo (CPTQ), en coordinaci\u00f3n con la aerol\u00ednea Volaris realizaron una caravana de promoci\u00f3n en las ciudades de Quer\u00e9taro, Le\u00f3n, Aguascalientes, Guadalajara y Monterrey con la participaci\u00f3n de las asociaciones de hoteles de Riviera Maya, Isla Cozumel, Chetumal y Bacalar, adem\u00e1s de parques y hoteles de Canc\u00fan, Isla Mujeres [&hellip;]<\/p>\n","protected":false},"author":1,"featured_media":422101,"comment_status":"open","ping_status":"closed","sticky":false,"template":"","format":"standard","meta":{"om_disable_all_campaigns":false,"jnews-multi-image_gallery":[],"jnews_single_post":{"source_name":"","source_url":"","via_name":"","via_url":"","override_template":"0","override":[{"template":"1","single_blog_custom":"","parallax":"1","fullscreen":"1","layout":"right-sidebar","sidebar":"default-sidebar","second_sidebar":"default-sidebar","sticky_sidebar":"1","share_position":"top","share_float_style":"share-monocrhome","show_share_counter":"1","show_view_counter":"1","show_featured":"1","show_post_meta":"1","show_post_author":"1","show_post_author_image":"1","show_post_date":"1","post_date_format":"default","post_date_format_custom":"Y\/m\/d","show_post_category":"1","show_post_reading_time":"0","post_reading_time_wpm":"300","show_zoom_button":"0","zoom_button_out_step":"2","zoom_button_in_step":"3","show_post_tag":"1","show_prev_next_post":"1","show_popup_post":"1","number_popup_post":"1","show_author_box":"0","show_post_related":"0","show_inline_post_related":"0"}],"override_image_size":"0","image_override":[{"single_post_thumbnail_size":"crop-500","single_post_gallery_size":"crop-500"}],"trending_post":"0","trending_post_position":"meta","trending_post_label":"Trending","sponsored_post":"0","sponsored_post_label":"Sponsored by","sponsored_post_name":"","sponsored_post_url":"","sponsored_post_logo_enable":"0","sponsored_post_logo":"","sponsored_post_desc":"","disable_ad":"0"},"jnews_primary_category":{"id":"","hide":""},"jnews_social_meta":{"fb_title":"","fb_description":"","fb_image":"","twitter_title":"","twitter_description":"","twitter_image":""},"footnotes":""},"categories":[39],"tags":[],"class_list":["post-422094","post","type-post","status-publish","format-standard","has-post-thumbnail","hentry","category-viajes"],"_links":{"self":[{"href":"https:\/\/dimensionturistica.com\/es\/wp-json\/wp\/v2\/posts\/422094","targetHints":{"allow":["GET"]}}],"collection":[{"href":"https:\/\/dimensionturistica.com\/es\/wp-json\/wp\/v2\/posts"}],"about":[{"href":"https:\/\/dimensionturistica.com\/es\/wp-json\/wp\/v2\/types\/post"}],"author":[{"embeddable":true,"href":"https:\/\/dimensionturistica.com\/es\/wp-json\/wp\/v2\/users\/1"}],"replies":[{"embeddable":true,"href":"https:\/\/dimensionturistica.com\/es\/wp-json\/wp\/v2\/comments?post=422094"}],"version-history":[{"count":0,"href":"https:\/\/dimensionturistica.com\/es\/wp-json\/wp\/v2\/posts\/422094\/revisions"}],"wp:featuredmedia":[{"embeddable":true,"href":"https:\/\/dimensionturistica.com\/es\/wp-json\/wp\/v2\/media\/422101"}],"wp:attachment":[{"href":"https:\/\/dimensionturistica.com\/es\/wp-json\/wp\/v2\/media?parent=422094"}],"wp:term":[{"taxonomy":"category","embeddable":true,"href":"https:\/\/dimensionturistica.com\/es\/wp-json\/wp\/v2\/categories?post=422094"},{"taxonomy":"post_tag","embeddable":true,"href":"https:\/\/dimensionturistica.com\/es\/wp-json\/wp\/v2\/tags?post=422094"}],"curies":[{"name":"wp","href":"https:\/\/api.w.org\/{rel}","templated":true}]}}