{"id":422077,"date":"2022-11-09T22:24:41","date_gmt":"2022-11-09T22:24:41","guid":{"rendered":"https:\/\/dimensionturistica.com\/es\/?p=422077"},"modified":"2022-11-09T22:24:41","modified_gmt":"2022-11-09T22:24:41","slug":"perro-bermudez-narrara-tus-viajes-en-waze-durante-el-mundial-asi-lo-puedes-configurar-2","status":"publish","type":"post","link":"https:\/\/dimensionturistica.com\/es\/perro-bermudez-narrara-tus-viajes-en-waze-durante-el-mundial-asi-lo-puedes-configurar-2\/","title":{"rendered":"&#8216;Perro&#8217; Berm\u00fadez narrar\u00e1 tus viajes en &#8216;Waze&#8217; durante el Mundial; as\u00ed lo puedes configurar"},"content":{"rendered":"<p> <br \/>\n<\/p>\n<div>\n<p> <span class=\"escrito\">Escrito en <\/span> <span class=\"seccion\">DEPORTES<\/span> <span class=\"el\">el<\/span> <time class=\"fecha-time\" itemprop=\"datePublished\" datetime=\"2022-11-9T12:31:00\">9\/11\/2022 \u00b7 12:31 hs<\/time> <\/p>\n<\/p><\/div>\n<div>\n<p><strong>Ciudad de M\u00e9xico.-<\/strong> Estamos a unos d\u00edas de que inicie la <strong>Copa del Mundo de <a rel=\"nofollow noopener\" target=\"_blank\" href=\"https:\/\/www.tribuna.com.mx\/temas\/qatar-2022-4619.html\">Qatar 2022<\/a> <\/strong>y para que tengas una experiencia totalmente futbolera tambi\u00e9n en tu rutina diaria, durante el torneo podr\u00e1s recibir las indicaciones de viaje de la famosa aplicaci\u00f3n de GPS <strong>Waze <\/strong>en la voz del widespread narrador de futbol, <strong>Enrique &#8216;Perro&#8217; Berm\u00fadez<\/strong>. Esta opci\u00f3n fue presentada como un reconocimiento a la trayectoria del comunicador y estar\u00e1 por tiempo limitado.\u00a0<\/p>\n<p>&#8220;Estamos muy contentos de tener a una voz tan emblem\u00e1tica como la del &#8216;Perro&#8217; Berm\u00fadez disponible en Waze. La justa mundialista es un momento muy especial en el pa\u00eds y nos entusiasma tener un jugador tan importante en nuestro equipo. Estamos seguros que mucha gente viajar\u00e1 al lado de uno de los cronistas m\u00e1s memorables de M\u00e9xico&#8221;, dijo a los\u00a0medios de comunicaci\u00f3n\u00a0<strong>Ingrid Avil\u00e9s,\u00a0Nation Supervisor en M\u00e9xico de Waze.<\/strong><\/p>\n<h2>\u00bfC\u00f3mo configurar la voz del &#8216;Perro&#8217; Berm\u00fadez en Waze?<\/h2>\n<p>Para poder seguir tus trayectos con la voz del narrador lo primero que deber\u00e1s hacer es tener instalada la aplicaci\u00f3n de <a rel=\"nofollow noopener\" target=\"_blank\" href=\"https:\/\/play.google.com\/store\/apps\/details?id=com.waze&amp;hl=es_MX&amp;gl=US\"><strong>Waze<\/strong><\/a>. Una vez ah\u00ed deber\u00e1s <strong>abrir la bocina que aparece en la parte inferior derecha de la pantalla<\/strong>, despu\u00e9s seleccionar la opci\u00f3n que cube <strong>&#8220;Espa\u00f1ol (A. Latina)-Coca-Cola-Perro&#8221; <\/strong>que es la voz del narrador, cerrar esa secci\u00f3n de la app, elegir el destino deseado y comenzar con el viaje con la nueva voz.<\/p>\n<p>Adem\u00e1s de eso tambi\u00e9n podr\u00e1s cambiar el icono de autom\u00f3vil en la pantalla de la aplicaci\u00f3n por un bal\u00f3n y as\u00ed completar toda la experiencia mundialista en tus viajes. Esta ser\u00e1 el \u00faltimo <strong>Mundial <\/strong>que narrar\u00e1 Enrique Berm\u00fadez, as\u00ed lo anunci\u00f3 durante el encuentro ante Estados Unidos en eliminatoria mundialista, por lo que ser\u00e1 una buena forma de despedir su trayectoria que comenz\u00f3 en 1976 en Televisa.<\/p>\n<p>La<strong>\u00a0Selecci\u00f3n Mexicana<\/strong>\u00a0enfrentar\u00e1 esta tarde a\u00a0<strong>Irak\u00a0<\/strong>y la siguiente semana a Suecia\u00a0en sus \u00faltimos partidos de preparaci\u00f3n para justa mundialista el 9 y 16 de noviembre, respectivamente. M\u00e9xico comenzar\u00e1 su participaci\u00f3n en\u00a0el\u00a0<strong>Mundial\u00a0de\u00a0Qatar\u00a0<\/strong>ante\u00a0<strong>Polonia\u00a0<\/strong>el 22 de noviembre en Doha. Posteriormente enfrentar\u00e1 a\u00a0<strong>Argentina\u00a0<\/strong>e 26 de noviembre en Lusail y cerrar\u00e1 la fase de grupos ante<strong>\u00a0Arabia Saudita\u00a0<\/strong>el 30 de noviembre en la misma sede que ante la albiceleste.<\/p>\n<p>Fuente: Tribuna<\/p>\n<\/p><\/div>\n\n<p><em> &#8221; Fuentes news.google.com &#8221; <\/em><\/p>\n","protected":false},"excerpt":{"rendered":"<p>Escrito en DEPORTES el 9\/11\/2022 \u00b7 12:31 hs Ciudad de M\u00e9xico.- Estamos a unos d\u00edas de que inicie la Copa del Mundo de Qatar 2022 y para que tengas una experiencia totalmente futbolera tambi\u00e9n en tu rutina diaria, durante el torneo podr\u00e1s recibir las indicaciones de viaje de la famosa aplicaci\u00f3n de GPS Waze en [&hellip;]<\/p>\n","protected":false},"author":4,"featured_media":422001,"comment_status":"open","ping_status":"closed","sticky":false,"template":"","format":"standard","meta":{"om_disable_all_campaigns":false,"jnews-multi-image_gallery":[],"jnews_single_post":[],"jnews_primary_category":[],"jnews_social_meta":[],"footnotes":""},"categories":[39],"tags":[708,56837],"class_list":["post-422077","post","type-post","status-publish","format-standard","has-post-thumbnail","hentry","category-viajes","tag-deportes","tag-enrique-bermudez"],"_links":{"self":[{"href":"https:\/\/dimensionturistica.com\/es\/wp-json\/wp\/v2\/posts\/422077","targetHints":{"allow":["GET"]}}],"collection":[{"href":"https:\/\/dimensionturistica.com\/es\/wp-json\/wp\/v2\/posts"}],"about":[{"href":"https:\/\/dimensionturistica.com\/es\/wp-json\/wp\/v2\/types\/post"}],"author":[{"embeddable":true,"href":"https:\/\/dimensionturistica.com\/es\/wp-json\/wp\/v2\/users\/4"}],"replies":[{"embeddable":true,"href":"https:\/\/dimensionturistica.com\/es\/wp-json\/wp\/v2\/comments?post=422077"}],"version-history":[{"count":0,"href":"https:\/\/dimensionturistica.com\/es\/wp-json\/wp\/v2\/posts\/422077\/revisions"}],"wp:featuredmedia":[{"embeddable":true,"href":"https:\/\/dimensionturistica.com\/es\/wp-json\/wp\/v2\/media\/422001"}],"wp:attachment":[{"href":"https:\/\/dimensionturistica.com\/es\/wp-json\/wp\/v2\/media?parent=422077"}],"wp:term":[{"taxonomy":"category","embeddable":true,"href":"https:\/\/dimensionturistica.com\/es\/wp-json\/wp\/v2\/categories?post=422077"},{"taxonomy":"post_tag","embeddable":true,"href":"https:\/\/dimensionturistica.com\/es\/wp-json\/wp\/v2\/tags?post=422077"}],"curies":[{"name":"wp","href":"https:\/\/api.w.org\/{rel}","templated":true}]}}