{"id":421520,"date":"2022-11-09T03:09:50","date_gmt":"2022-11-09T03:09:50","guid":{"rendered":"https:\/\/dimensionturistica.com\/es\/?p=421520"},"modified":"2022-11-09T03:09:51","modified_gmt":"2022-11-09T03:09:51","slug":"la-nacion-brasil-y-el-reto-de-consagrarse-tras-20-anos","status":"publish","type":"post","link":"https:\/\/dimensionturistica.com\/es\/la-nacion-brasil-y-el-reto-de-consagrarse-tras-20-anos\/","title":{"rendered":"La Naci\u00f3n \/ Brasil y el reto de consagrarse tras 20 a\u00f1os"},"content":{"rendered":"<p> <br \/>\n<\/p>\n<div>\n<div class=\"pa-c \">\n<p class=\"paragraph\">Brasil fue campe\u00f3n del mundo por \u00faltima vez en Corea\/Jap\u00f3n 2022 tras imponerse en la last 2-0 a Alemania con goles de Ronaldo Lu\u00eds Naz\u00e1rio de Lima, quien con ocho conquistas obtuvo el galard\u00f3n de m\u00e1ximo goleador.Pasaron 20 a\u00f1os de aquella consagraci\u00f3n en el estadio internacional de Yokohama, Jap\u00f3n. Ya son dos d\u00e9cadas sin que ning\u00fan representante de Sudam\u00e9rica acceda a lo m\u00e1s alto del podio.Hoy el desaf\u00edo de Brasil es volver a campeonar. <\/p>\n<p class=\"paragraph\">Est\u00e1 presente el sue\u00f1o del hexacampeonato para la selecci\u00f3n m\u00e1s ganadora de los mundiales y sus cinco coronas lo avalan siempre como serio candidato.El t\u00e9cnico Tite present\u00f3 a sus 26 seleccionados para Qatar, el torneo de f\u00fatbol m\u00e1s importan-te organizado por la FIFA cada cuatro a\u00f1os, que abrir\u00e1 fuego desde el domingo 20 de noviembre y hasta el domingo 18 de diciembre.Brasil gan\u00f3 de punta a punta las clasificatorias sudamerica-nas con 45 puntos. En 17 partidos, logr\u00f3 14 victorias, 3 empates, anot\u00f3 40 goles y solo encaj\u00f3 5 tantos.Son n\u00fameros para afianzar la ilusi\u00f3n en pos de otro logro mundial. Neymar es la figura estelar y la Conmebol palpita con la posibilidad de un hist\u00f3rico d\u00e9cimo campeonato para agrandar el palmar\u00e9s de <a rel=\"nofollow noopener\" target=\"_blank\" href=\"http:\/\/Sudam&#xE9;rica.De\">Sudam\u00e9rica.De<\/a> entrada es amplio favorito para ganar el Grupo G, donde tendr\u00e1 como rivales a Serbia, Suiza y Camer\u00fan.<\/p>\n<figure class=\"image\" style=\"max-width:550px\">\n<figure class=\"ihwh\" style=\"padding-top:60.54545454545455%\"\/><\/figure>\n<figure class=\"image\" style=\"max-width:530px\">\n<figure class=\"ihwh\" style=\"padding-top:162.45283018867926%\"\/><\/figure>\n<figure class=\"image\" style=\"max-width:530px\">\n<figure class=\"ihwh\" style=\"padding-top:246.79245283018867%\"\/><\/figure>\n<figure class=\"image\" style=\"max-width:530px\">\n<figure class=\"ihwh\" style=\"padding-top:342.45283018867923%\"\/><\/figure>\n<figure class=\"image\" style=\"max-width:550px\">\n<figure class=\"ihwh\" style=\"padding-top:103.63636363636364%\"\/><\/figure>\n<\/div>\n<\/div>\n<p><script>!function(f,b,e,v,n,t,s)\n          {if(f.fbq)return;n=f.fbq=function(){n.callMethod?\n          n.callMethod.apply(n,arguments):n.queue.push(arguments)};\n          if(!f._fbq)f._fbq=n;n.push=n;n.loaded=!0;n.version='2.0';\n          n.queue=[];t=b.createElement(e);t.async=!0;\n          t.src=v;s=b.getElementsByTagName(e)[0];\n          s.parentNode.insertBefore(t,s)}(window, document,'script',\n          'https:\/\/connect.facebook.net\/en_US\/fbevents.js');\n          fbq('init', '291189108605310');\n          fbq('track', 'PageView');<\/script><br \/>\n<br \/><\/p>\n<p><em> &#8221; Fuentes news.google.com &#8221; <\/em><\/p>\n","protected":false},"excerpt":{"rendered":"<p>Brasil fue campe\u00f3n del mundo por \u00faltima vez en Corea\/Jap\u00f3n 2022 tras imponerse en la last 2-0 a Alemania con goles de Ronaldo Lu\u00eds Naz\u00e1rio de Lima, quien con ocho conquistas obtuvo el galard\u00f3n de m\u00e1ximo goleador.Pasaron 20 a\u00f1os de aquella consagraci\u00f3n en el estadio internacional de Yokohama, Jap\u00f3n. Ya son dos d\u00e9cadas sin que [&hellip;]<\/p>\n","protected":false},"author":4,"featured_media":421521,"comment_status":"open","ping_status":"closed","sticky":false,"template":"","format":"standard","meta":{"om_disable_all_campaigns":false,"jnews-multi-image_gallery":[],"jnews_single_post":[],"jnews_primary_category":[],"jnews_social_meta":[],"footnotes":""},"categories":[40],"tags":[6060,1824,56796,1970],"class_list":["post-421520","post","type-post","status-publish","format-standard","has-post-thumbnail","hentry","category-industria","tag-anos","tag-brasil","tag-consagrar","tag-reto"],"_links":{"self":[{"href":"https:\/\/dimensionturistica.com\/es\/wp-json\/wp\/v2\/posts\/421520","targetHints":{"allow":["GET"]}}],"collection":[{"href":"https:\/\/dimensionturistica.com\/es\/wp-json\/wp\/v2\/posts"}],"about":[{"href":"https:\/\/dimensionturistica.com\/es\/wp-json\/wp\/v2\/types\/post"}],"author":[{"embeddable":true,"href":"https:\/\/dimensionturistica.com\/es\/wp-json\/wp\/v2\/users\/4"}],"replies":[{"embeddable":true,"href":"https:\/\/dimensionturistica.com\/es\/wp-json\/wp\/v2\/comments?post=421520"}],"version-history":[{"count":0,"href":"https:\/\/dimensionturistica.com\/es\/wp-json\/wp\/v2\/posts\/421520\/revisions"}],"wp:featuredmedia":[{"embeddable":true,"href":"https:\/\/dimensionturistica.com\/es\/wp-json\/wp\/v2\/media\/421521"}],"wp:attachment":[{"href":"https:\/\/dimensionturistica.com\/es\/wp-json\/wp\/v2\/media?parent=421520"}],"wp:term":[{"taxonomy":"category","embeddable":true,"href":"https:\/\/dimensionturistica.com\/es\/wp-json\/wp\/v2\/categories?post=421520"},{"taxonomy":"post_tag","embeddable":true,"href":"https:\/\/dimensionturistica.com\/es\/wp-json\/wp\/v2\/tags?post=421520"}],"curies":[{"name":"wp","href":"https:\/\/api.w.org\/{rel}","templated":true}]}}