{"id":421514,"date":"2022-11-09T02:41:19","date_gmt":"2022-11-09T02:41:19","guid":{"rendered":"https:\/\/dimensionturistica.com\/es\/?p=421514"},"modified":"2022-11-09T02:41:19","modified_gmt":"2022-11-09T02:41:19","slug":"santiago-de-cuba-espera-una-buena-temporada-alta-turistica","status":"publish","type":"post","link":"https:\/\/dimensionturistica.com\/es\/santiago-de-cuba-espera-una-buena-temporada-alta-turistica\/","title":{"rendered":"Santiago de Cuba espera una buena temporada alta tur\u00edstica"},"content":{"rendered":"<p> <br \/>\n<\/p>\n<div property=\"schema:text\">\n<p><span><span><span>La llegada del primer vuelo de Iberojet a Santiago de Cuba el pr\u00f3ximo 11 de noviembre marcar\u00e1 el inicio de la temporada alta en la oriental provincia, la cual se ha preparado para esta con la restauraci\u00f3n de instalaciones hoteleras, firma de convenios con instituciones extranjeras y categorizaci\u00f3n del private.<\/span><\/span><\/span><\/p>\n<p><span><span><span>Seg\u00fan refiri\u00f3 a la Agencia Cubana de Noticias Zoraida Lozano, delegada del ramo en la provincia, el inicio de vuelos directos desde Espa\u00f1a a Santiago de Cuba es una de las novedades de la etapa.<\/span><\/span><\/span><\/p>\n<p><span><span><span>En ese sentido Lozano resalt\u00f3 la importancia de la Feria Internacional de Turismo, desarrollada en mayo del presente a\u00f1o en Varadero, como una v\u00eda que potenci\u00f3 el inter\u00e9s de turoperadores for\u00e1neos por la historia, patrimonio y cultura, principales atractivos de la urbe santiaguera.<\/span><\/span><\/span><\/p>\n<p><span><span><span>La reducci\u00f3n de la actividad tur\u00edstica durante los a\u00f1os de pandemia represent\u00f3 una oportunidad de recuperar y redise\u00f1ar la imagen infraestructural de los complejos hoteleros Sierra Mar-Los Galeones y Carisol-Los Corales, destinos de sol y playa, explic\u00f3.<\/span><\/span><\/span><\/p>\n<p><span><span><span>La funcionaria coment\u00f3 que se ha trabajado en potenciar rutas de senderismo y han sido actualizados los men\u00fas, estos \u00faltimos con el fin de potenciar la elaboraci\u00f3n de platos y bebidas aut\u00f3ctonos y garantizar la satisfacci\u00f3n de quienes visitan el oriente del pa\u00eds.<\/span><\/span><\/span><\/p>\n<p><span><span><span>Respecto a la capacitaci\u00f3n de los trabajadores, destac\u00f3 el desarrollo de jornadas de la calidad, olimpiadas de culinarios y cantineros a nivel nacional, la categorizaci\u00f3n de restaurantes y evaluaci\u00f3n de artistas afiliados a las instalaciones.<\/span><\/span><\/span><\/p>\n<p><span><span><span>Signific\u00f3 la firma de provechosos acuerdos con actores econ\u00f3micos no estatales de la industria agroalimentaria, en aras de reducir la importaci\u00f3n de ingredientes y enriquecer las ofertas gastron\u00f3micas.<\/span><\/span><\/span><\/p>\n<p><span><span><span>Declarada por la Organizaci\u00f3n de Naciones Unidas para la Educaci\u00f3n, la Ciencia y la Cultura como Ciudad Creativa en la M\u00fasica, Santiago de Cuba pretende posicionarse entre los principales destinos tur\u00edsticos de la regi\u00f3n mediante la exaltaci\u00f3n de sus tradiciones.<\/span><\/span><\/span><\/p>\n<\/div>\n\n<p><em> &#8221; Fuentes news.google.com &#8221; <\/em><\/p>\n","protected":false},"excerpt":{"rendered":"<p>La llegada del primer vuelo de Iberojet a Santiago de Cuba el pr\u00f3ximo 11 de noviembre marcar\u00e1 el inicio de la temporada alta en la oriental provincia, la cual se ha preparado para esta con la restauraci\u00f3n de instalaciones hoteleras, firma de convenios con instituciones extranjeras y categorizaci\u00f3n del private. Seg\u00fan refiri\u00f3 a la Agencia [&hellip;]<\/p>\n","protected":false},"author":4,"featured_media":0,"comment_status":"open","ping_status":"closed","sticky":false,"template":"","format":"standard","meta":{"om_disable_all_campaigns":false,"jnews-multi-image_gallery":[],"jnews_single_post":[],"jnews_primary_category":[],"jnews_social_meta":[],"footnotes":""},"categories":[40],"tags":[956,705,38124,6088,544],"class_list":["post-421514","post","type-post","status-publish","format-standard","hentry","category-industria","tag-cuba","tag-noticias","tag-santiago-de-cuba","tag-temporada-alta","tag-turismo"],"_links":{"self":[{"href":"https:\/\/dimensionturistica.com\/es\/wp-json\/wp\/v2\/posts\/421514","targetHints":{"allow":["GET"]}}],"collection":[{"href":"https:\/\/dimensionturistica.com\/es\/wp-json\/wp\/v2\/posts"}],"about":[{"href":"https:\/\/dimensionturistica.com\/es\/wp-json\/wp\/v2\/types\/post"}],"author":[{"embeddable":true,"href":"https:\/\/dimensionturistica.com\/es\/wp-json\/wp\/v2\/users\/4"}],"replies":[{"embeddable":true,"href":"https:\/\/dimensionturistica.com\/es\/wp-json\/wp\/v2\/comments?post=421514"}],"version-history":[{"count":0,"href":"https:\/\/dimensionturistica.com\/es\/wp-json\/wp\/v2\/posts\/421514\/revisions"}],"wp:attachment":[{"href":"https:\/\/dimensionturistica.com\/es\/wp-json\/wp\/v2\/media?parent=421514"}],"wp:term":[{"taxonomy":"category","embeddable":true,"href":"https:\/\/dimensionturistica.com\/es\/wp-json\/wp\/v2\/categories?post=421514"},{"taxonomy":"post_tag","embeddable":true,"href":"https:\/\/dimensionturistica.com\/es\/wp-json\/wp\/v2\/tags?post=421514"}],"curies":[{"name":"wp","href":"https:\/\/api.w.org\/{rel}","templated":true}]}}