{"id":421485,"date":"2022-11-09T01:41:07","date_gmt":"2022-11-09T01:41:07","guid":{"rendered":"https:\/\/dimensionturistica.com\/es\/?p=421485"},"modified":"2022-11-09T01:41:07","modified_gmt":"2022-11-09T01:41:07","slug":"inicia-mexico-su-destacada-presencia-en-el-world-travel-market-2022-en-londres-reino-unido","status":"publish","type":"post","link":"https:\/\/dimensionturistica.com\/es\/inicia-mexico-su-destacada-presencia-en-el-world-travel-market-2022-en-londres-reino-unido\/","title":{"rendered":"Inicia M\u00e9xico su destacada presencia en el World Travel Market 2022 en Londres, Reino Unido"},"content":{"rendered":"<p>El secretario de Turismo del Gobierno de M\u00e9xico, Miguel Torruco Marqu\u00e9s, encabeza la<img decoding=\"async\" class=\"size-medium wp-image-421489 alignright\" src=\"https:\/\/dimensionturistica.com\/es\/wp-content\/uploads\/2022\/11\/Reunion-con-Julia-Simpson-300x200.jpg\" alt=\"\" width=\"300\" height=\"200\" srcset=\"https:\/\/dimensionturistica.com\/es\/wp-content\/uploads\/2022\/11\/Reunion-con-Julia-Simpson-300x200.jpg 300w, https:\/\/dimensionturistica.com\/es\/wp-content\/uploads\/2022\/11\/Reunion-con-Julia-Simpson-768x512.jpg 768w, https:\/\/dimensionturistica.com\/es\/wp-content\/uploads\/2022\/11\/Reunion-con-Julia-Simpson-750x500.jpg 750w, https:\/\/dimensionturistica.com\/es\/wp-content\/uploads\/2022\/11\/Reunion-con-Julia-Simpson.jpg 1024w\" sizes=\"(max-width: 300px) 100vw, 300px\" \/> delegaci\u00f3n mexicana que tiene presencia en el World Travel Market 2022 (WTM) que se lleva a cabo del 7 al 9 de noviembre en Londres, Reino Unido.<br \/>\nAcompa\u00f1ado de la embajadora de M\u00e9xico en Reino Unido, Excma. Josefa Gonz\u00e1lez Blanco; del jefe del Departamento de Comunicaci\u00f3n de la Organizaci\u00f3n Mundial del Turismo (OMT), Marcelo Risi; as\u00ed como autoridades estatales y representantes del sector empresarial; el titular de la Secretar\u00eda de Turismo (Sectur) inaugur\u00f3 el pabell\u00f3n de M\u00e9xico en esta feria de turismo, una de las m\u00e1s importantes a nivel mundial y que contribuye con la promoci\u00f3n de M\u00e9xico a nivel internacional ante el<img decoding=\"async\" class=\"size-medium wp-image-421492 alignright\" src=\"https:\/\/dimensionturistica.com\/es\/wp-content\/uploads\/2022\/11\/Corte-de-liston-Caribe-Mexicano-300x200.jpg\" alt=\"\" width=\"300\" height=\"200\" srcset=\"https:\/\/dimensionturistica.com\/es\/wp-content\/uploads\/2022\/11\/Corte-de-liston-Caribe-Mexicano-300x200.jpg 300w, https:\/\/dimensionturistica.com\/es\/wp-content\/uploads\/2022\/11\/Corte-de-liston-Caribe-Mexicano-768x512.jpg 768w, https:\/\/dimensionturistica.com\/es\/wp-content\/uploads\/2022\/11\/Corte-de-liston-Caribe-Mexicano-750x500.jpg 750w, https:\/\/dimensionturistica.com\/es\/wp-content\/uploads\/2022\/11\/Corte-de-liston-Caribe-Mexicano.jpg 1024w\" sizes=\"(max-width: 300px) 100vw, 300px\" \/> mercado brit\u00e1nico y europeo.<br \/>\nAl realizar el corte de list\u00f3n, Torruco Marqu\u00e9s destac\u00f3 que la recuperaci\u00f3n del turismo en M\u00e9xico ya es una realidad gracias a las acertadas pol\u00edticas del presidente Andr\u00e9s Manuel L\u00f3pez Obrador, de no restringir vuelos internacionales; aplicar los protocolos biosanitarios elaborados en colaboraci\u00f3n con la Secretar\u00eda de Salud y Sectur, as\u00ed como el estrecho apoyo del sector privado; el no endeudamiento que permiti\u00f3 aplicar la estrategia de vacunaci\u00f3n; y no cancelar el Tianguis Tur\u00edstico al innovar con su versi\u00f3n digital.<br \/>\nIndic\u00f3 que este a\u00f1o, de acuerdo con las expectativas, M\u00e9xico recibir\u00e1 42 millones 301 mil turistas internacionales, y destac\u00f3 que se captar\u00e1n 26 mil 121 millones de d\u00f3lares<img decoding=\"async\" class=\"size-medium wp-image-421490 alignright\" src=\"https:\/\/dimensionturistica.com\/es\/wp-content\/uploads\/2022\/11\/Reunion-con-Aeromexico-3-300x200.jpg\" alt=\"\" width=\"300\" height=\"200\" srcset=\"https:\/\/dimensionturistica.com\/es\/wp-content\/uploads\/2022\/11\/Reunion-con-Aeromexico-3-300x200.jpg 300w, https:\/\/dimensionturistica.com\/es\/wp-content\/uploads\/2022\/11\/Reunion-con-Aeromexico-3-768x512.jpg 768w, https:\/\/dimensionturistica.com\/es\/wp-content\/uploads\/2022\/11\/Reunion-con-Aeromexico-3-750x500.jpg 750w, https:\/\/dimensionturistica.com\/es\/wp-content\/uploads\/2022\/11\/Reunion-con-Aeromexico-3.jpg 1024w\" sizes=\"(max-width: 300px) 100vw, 300px\" \/> en divisas por turismo, esto es 6.3% m\u00e1s que lo registrado en 2019.<br \/>\nTambi\u00e9n particip\u00f3 en la inauguraci\u00f3n del pabell\u00f3n del Caribe Mexicano, en donde acompa\u00f1\u00f3 al secretario de Turismo de Quintana Roo, Bernardo Cueto Riestra; al director del Consejo de Promoci\u00f3n Tur\u00edstica de Quintana Roo (CPTQ), Javier Aranda Pedrero; y al presidente de la Asociaci\u00f3n de Hoteles de Canc\u00fan, Puerto Morelos e Isla Mujeres, Jes\u00fas Almaguer Salazar.<br \/>\nDurante el primer d\u00eda de actividades, el secretario de Turismo sostuvo una reuni\u00f3n con el director regional de Ventas de Aerom\u00e9xico para Europa y Asia, Pascual Esperanza, y el gerente pa\u00eds Benelux, Mark Mooren, quienes le notificaron que la aerol\u00ednea bandera de M\u00e9xico incrementar\u00e1 su red global con una nueva ruta a Roma, Italia, desde la Ciudad<img decoding=\"async\" class=\"size-medium wp-image-421488 alignright\" src=\"https:\/\/dimensionturistica.com\/es\/wp-content\/uploads\/2022\/11\/Reunion-con-TUI-1-300x200.jpg\" alt=\"\" width=\"300\" height=\"200\" srcset=\"https:\/\/dimensionturistica.com\/es\/wp-content\/uploads\/2022\/11\/Reunion-con-TUI-1-300x200.jpg 300w, https:\/\/dimensionturistica.com\/es\/wp-content\/uploads\/2022\/11\/Reunion-con-TUI-1-768x512.jpg 768w, https:\/\/dimensionturistica.com\/es\/wp-content\/uploads\/2022\/11\/Reunion-con-TUI-1-750x500.jpg 750w, https:\/\/dimensionturistica.com\/es\/wp-content\/uploads\/2022\/11\/Reunion-con-TUI-1.jpg 1024w\" sizes=\"(max-width: 300px) 100vw, 300px\" \/> de M\u00e9xico a partir del 25 de marzo de 2023.<br \/>\nLos ejecutivos de la aerol\u00ednea tambi\u00e9n informaron sobre la reanudaci\u00f3n del servicio a Asia, a trav\u00e9s de un vuelo diario a Tokio, Jap\u00f3n, directo de la Ciudad de M\u00e9xico, adem\u00e1s, a partir del 27 de marzo aumentar\u00e1 las frecuencias a Madrid, Espa\u00f1a, desde Monterrey y Guadalajara, primero con cinco vuelos semanales y posteriormente con un vuelo diario.<br \/>\nTorruco Marqu\u00e9s celebr\u00f3 la decisi\u00f3n de la aerol\u00ednea por este incremento de rutas y frecuencias hacia los principales mercados emisores de turistas internacionales hacia M\u00e9xico.<br \/>\nCon el prop\u00f3sito de fortalecer los lazos de cooperaci\u00f3n con los principales<img decoding=\"async\" class=\"size-medium wp-image-421486 alignright\" src=\"https:\/\/dimensionturistica.com\/es\/wp-content\/uploads\/2022\/11\/Reunion-con-TUI-2-300x225.jpg\" alt=\"\" width=\"300\" height=\"225\" srcset=\"https:\/\/dimensionturistica.com\/es\/wp-content\/uploads\/2022\/11\/Reunion-con-TUI-2-300x225.jpg 300w, https:\/\/dimensionturistica.com\/es\/wp-content\/uploads\/2022\/11\/Reunion-con-TUI-2-768x576.jpg 768w, https:\/\/dimensionturistica.com\/es\/wp-content\/uploads\/2022\/11\/Reunion-con-TUI-2-750x563.jpg 750w, https:\/\/dimensionturistica.com\/es\/wp-content\/uploads\/2022\/11\/Reunion-con-TUI-2.jpg 1024w\" sizes=\"(max-width: 300px) 100vw, 300px\" \/> touroperadores de Europa, el secretario de Turismo tuvo un encuentro con directivos de TUI Group, encabezado por su CEO, Sebastian Ebel, con quienes convers\u00f3 sobre las oportunidades de conectividad a\u00e9rea entre el Reino Unido, Europa y M\u00e9xico, y acordaron esquemas de colaboraci\u00f3n conjunta para impulsar el turismo hacia nuestro pa\u00eds, desde esta regi\u00f3n, as\u00ed como los nuevos proyectos de inversi\u00f3n que tienen en M\u00e9xico.<br \/>\nMediante un encuentro bilateral, el titular de Sectur se reuni\u00f3 con Marcelo Risi, jefe del Departamento de Comunicaci\u00f3n de la OMT, quien en representaci\u00f3n del secretario general de esta organizaci\u00f3n, Zurab Pololikashvilli, convers\u00f3 sobre las oportunidades de impulsar flujos tur\u00edsticos con M\u00e9xico.<br \/>\nA trav\u00e9s de un importante di\u00e1logo, Torruco Marqu\u00e9s expuso las estrategias que llev\u00f3 a cabo el Gobierno de M\u00e9xico durante la pandemia, que permitieron la pronta<img decoding=\"async\" class=\"size-medium wp-image-421487 alignright\" src=\"https:\/\/dimensionturistica.com\/es\/wp-content\/uploads\/2022\/11\/Reunion-con-TUI-3-300x200.jpg\" alt=\"\" width=\"300\" height=\"200\" srcset=\"https:\/\/dimensionturistica.com\/es\/wp-content\/uploads\/2022\/11\/Reunion-con-TUI-3-300x200.jpg 300w, https:\/\/dimensionturistica.com\/es\/wp-content\/uploads\/2022\/11\/Reunion-con-TUI-3-768x512.jpg 768w, https:\/\/dimensionturistica.com\/es\/wp-content\/uploads\/2022\/11\/Reunion-con-TUI-3-750x500.jpg 750w, https:\/\/dimensionturistica.com\/es\/wp-content\/uploads\/2022\/11\/Reunion-con-TUI-3.jpg 1024w\" sizes=\"(max-width: 300px) 100vw, 300px\" \/> recuperaci\u00f3n de esta industria.<br \/>\nEl sector privado juega un papel fundamental en el sector, en ese sentido el secretario de Turismo se reuni\u00f3 con Julia Simpson, CEO y presidenta del Consejo Mundial de Viajes y Turismo (WTTC), quien reconoci\u00f3 la importancia de este sector para la econom\u00eda de nuestro pa\u00eds y su relevancia a nivel mundial.<br \/>\nEl secretario de Turismo extendi\u00f3 la invitaci\u00f3n a la presidenta del WTTC a participar en el Tianguis Tur\u00edstico M\u00e9xico 2023, que se llevar\u00e1 a cabo del 26 al 29 de marzo en la Ciudad de M\u00e9xico; misma que fue aceptada por Julia Simpson.<br \/>\nAl WTM asisten tambi\u00e9n el subsecretario de Turismo, Humberto Hern\u00e1ndez Haddad; el director general de promoci\u00f3n y asuntos internacionales, Emmanuel Rey; Mariana Herrera-Salcedo, titular de Asuntos Econ\u00f3micos de la Embajada de M\u00e9xico en Reino Unido, entre otros.<\/p>\n<p>&nbsp;<\/p>\n","protected":false},"excerpt":{"rendered":"<p>El secretario de Turismo del Gobierno de M\u00e9xico, Miguel Torruco Marqu\u00e9s, encabeza la delegaci\u00f3n mexicana que tiene presencia en el World Travel Market 2022 (WTM) que se lleva a cabo del 7 al 9 de noviembre en Londres, Reino Unido. Acompa\u00f1ado de la embajadora de M\u00e9xico en Reino Unido, Excma. Josefa Gonz\u00e1lez Blanco; del jefe [&hellip;]<\/p>\n","protected":false},"author":1,"featured_media":421491,"comment_status":"open","ping_status":"closed","sticky":false,"template":"","format":"standard","meta":{"om_disable_all_campaigns":false,"jnews-multi-image_gallery":[],"jnews_single_post":{"source_name":"","source_url":"","via_name":"","via_url":"","override_template":"0","override":[{"template":"1","single_blog_custom":"","parallax":"1","fullscreen":"1","layout":"right-sidebar","sidebar":"default-sidebar","second_sidebar":"default-sidebar","sticky_sidebar":"1","share_position":"top","share_float_style":"share-monocrhome","show_share_counter":"1","show_view_counter":"1","show_featured":"1","show_post_meta":"1","show_post_author":"1","show_post_author_image":"1","show_post_date":"1","post_date_format":"default","post_date_format_custom":"Y\/m\/d","show_post_category":"1","show_post_reading_time":"0","post_reading_time_wpm":"300","show_zoom_button":"0","zoom_button_out_step":"2","zoom_button_in_step":"3","show_post_tag":"1","show_prev_next_post":"1","show_popup_post":"1","number_popup_post":"1","show_author_box":"0","show_post_related":"0","show_inline_post_related":"0"}],"override_image_size":"0","image_override":[{"single_post_thumbnail_size":"crop-500","single_post_gallery_size":"crop-500"}],"trending_post":"0","trending_post_position":"meta","trending_post_label":"Trending","sponsored_post":"0","sponsored_post_label":"Sponsored by","sponsored_post_name":"","sponsored_post_url":"","sponsored_post_logo_enable":"0","sponsored_post_logo":"","sponsored_post_desc":"","disable_ad":"0"},"jnews_primary_category":{"id":"","hide":""},"jnews_social_meta":{"fb_title":"","fb_description":"","fb_image":"","twitter_title":"","twitter_description":"","twitter_image":""},"footnotes":""},"categories":[39],"tags":[],"class_list":["post-421485","post","type-post","status-publish","format-standard","has-post-thumbnail","hentry","category-viajes"],"_links":{"self":[{"href":"https:\/\/dimensionturistica.com\/es\/wp-json\/wp\/v2\/posts\/421485","targetHints":{"allow":["GET"]}}],"collection":[{"href":"https:\/\/dimensionturistica.com\/es\/wp-json\/wp\/v2\/posts"}],"about":[{"href":"https:\/\/dimensionturistica.com\/es\/wp-json\/wp\/v2\/types\/post"}],"author":[{"embeddable":true,"href":"https:\/\/dimensionturistica.com\/es\/wp-json\/wp\/v2\/users\/1"}],"replies":[{"embeddable":true,"href":"https:\/\/dimensionturistica.com\/es\/wp-json\/wp\/v2\/comments?post=421485"}],"version-history":[{"count":0,"href":"https:\/\/dimensionturistica.com\/es\/wp-json\/wp\/v2\/posts\/421485\/revisions"}],"wp:featuredmedia":[{"embeddable":true,"href":"https:\/\/dimensionturistica.com\/es\/wp-json\/wp\/v2\/media\/421491"}],"wp:attachment":[{"href":"https:\/\/dimensionturistica.com\/es\/wp-json\/wp\/v2\/media?parent=421485"}],"wp:term":[{"taxonomy":"category","embeddable":true,"href":"https:\/\/dimensionturistica.com\/es\/wp-json\/wp\/v2\/categories?post=421485"},{"taxonomy":"post_tag","embeddable":true,"href":"https:\/\/dimensionturistica.com\/es\/wp-json\/wp\/v2\/tags?post=421485"}],"curies":[{"name":"wp","href":"https:\/\/api.w.org\/{rel}","templated":true}]}}