{"id":421310,"date":"2022-11-08T22:04:35","date_gmt":"2022-11-08T22:04:35","guid":{"rendered":"https:\/\/dimensionturistica.com\/es\/?p=421310"},"modified":"2022-11-08T22:04:36","modified_gmt":"2022-11-08T22:04:36","slug":"siete-turistas-terminan-lesionados-tras-accidente-en-la-terminal-de-cruceros-de-panama","status":"publish","type":"post","link":"https:\/\/dimensionturistica.com\/es\/siete-turistas-terminan-lesionados-tras-accidente-en-la-terminal-de-cruceros-de-panama\/","title":{"rendered":"Siete turistas terminan lesionados tras accidente en la Terminal de Cruceros de Panam\u00e1"},"content":{"rendered":"<p> <br \/>\n<\/p>\n<div mlnid=\"idcon=2929956;order=6.0\">\n<p class=\"p_0\">Al menos siete turistas resultaron lesionados tras incidente en la Terminal de Cruceros de Panam\u00e1, confirmaron autoridades locales.<\/p>\n<p class=\"p_1\">El hecho que fue reportado en la tarde de este martes, 8 de noviembre, se dio en la terminal ubicada en Isla Perico, Calzada de Amador, cuando el puente que conecta el puerto con la embarcaci\u00f3n cedi\u00f3 a la mitad, supuestamente por el peso y el movimiento de las olas.<\/p>\n<p class=\"p_2\">Se conoci\u00f3 que los turistas fueron atendidos por el private m\u00e9dico del crucero, y preliminarmente no se reportaron lesionados de consideraci\u00f3n.<\/p>\n<\/p><\/div>\n\n<p><em> &#8221; Fuentes news.google.com &#8221; <\/em><\/p>\n","protected":false},"excerpt":{"rendered":"<p>Al menos siete turistas resultaron lesionados tras incidente en la Terminal de Cruceros de Panam\u00e1, confirmaron autoridades locales. El hecho que fue reportado en la tarde de este martes, 8 de noviembre, se dio en la terminal ubicada en Isla Perico, Calzada de Amador, cuando el puente que conecta el puerto con la embarcaci\u00f3n cedi\u00f3 [&hellip;]<\/p>\n","protected":false},"author":4,"featured_media":421311,"comment_status":"open","ping_status":"closed","sticky":false,"template":"","format":"standard","meta":{"om_disable_all_campaigns":false,"jnews-multi-image_gallery":[],"jnews_single_post":[],"jnews_primary_category":[],"jnews_social_meta":[],"footnotes":""},"categories":[41],"tags":[1280],"class_list":["post-421310","post","type-post","status-publish","format-standard","has-post-thumbnail","hentry","category-cruceros","tag-crucero"],"_links":{"self":[{"href":"https:\/\/dimensionturistica.com\/es\/wp-json\/wp\/v2\/posts\/421310","targetHints":{"allow":["GET"]}}],"collection":[{"href":"https:\/\/dimensionturistica.com\/es\/wp-json\/wp\/v2\/posts"}],"about":[{"href":"https:\/\/dimensionturistica.com\/es\/wp-json\/wp\/v2\/types\/post"}],"author":[{"embeddable":true,"href":"https:\/\/dimensionturistica.com\/es\/wp-json\/wp\/v2\/users\/4"}],"replies":[{"embeddable":true,"href":"https:\/\/dimensionturistica.com\/es\/wp-json\/wp\/v2\/comments?post=421310"}],"version-history":[{"count":0,"href":"https:\/\/dimensionturistica.com\/es\/wp-json\/wp\/v2\/posts\/421310\/revisions"}],"wp:featuredmedia":[{"embeddable":true,"href":"https:\/\/dimensionturistica.com\/es\/wp-json\/wp\/v2\/media\/421311"}],"wp:attachment":[{"href":"https:\/\/dimensionturistica.com\/es\/wp-json\/wp\/v2\/media?parent=421310"}],"wp:term":[{"taxonomy":"category","embeddable":true,"href":"https:\/\/dimensionturistica.com\/es\/wp-json\/wp\/v2\/categories?post=421310"},{"taxonomy":"post_tag","embeddable":true,"href":"https:\/\/dimensionturistica.com\/es\/wp-json\/wp\/v2\/tags?post=421310"}],"curies":[{"name":"wp","href":"https:\/\/api.w.org\/{rel}","templated":true}]}}