{"id":421184,"date":"2022-11-08T19:19:51","date_gmt":"2022-11-08T19:19:51","guid":{"rendered":"https:\/\/dimensionturistica.com\/es\/?p=421184"},"modified":"2022-11-08T19:19:54","modified_gmt":"2022-11-08T19:19:54","slug":"la-nacion-emotivas-reacciones-de-jugadores-de-brasil-al-enterarse-de-que-estan-convocados-para-el-mundial","status":"publish","type":"post","link":"https:\/\/dimensionturistica.com\/es\/la-nacion-emotivas-reacciones-de-jugadores-de-brasil-al-enterarse-de-que-estan-convocados-para-el-mundial\/","title":{"rendered":"La Naci\u00f3n \/ Emotivas reacciones de jugadores de Brasil al enterarse de que est\u00e1n convocados para el Mundial"},"content":{"rendered":"<p> <br \/>\n<\/p>\n<div>\n<p class=\"paragraph\">El director t\u00e9cnico de Brasil, Tit\u00e9, dio a conocer la lista definitiva de jugadores convocados para el Mundial este lunes, faltando 13 d\u00edas para su inicio. Varios jugadores como Richarlison, Thiago Silva, Bruno Guimaraes y Alex Telles grabaron sus reacciones al escuchar sus nombres por televisi\u00f3n.<\/p>\n<p class=\"paragraph\">La mayor\u00eda vivi\u00f3 ese momento en compa\u00f1\u00eda de sus padres, parejas, hijos y amigos, por lo que la emoci\u00f3n fue mayor, ya que representar al pa\u00eds en un Mundial es lo m\u00e1s so\u00f1ado por un futbolista. Uno de los movies que se viraliz\u00f3 r\u00e1pidamente fue el del jugador del Tottenham Richarlison. Se lo ve sentado con la cabeza gacha; ni bien escuch\u00f3 su nombre, se levant\u00f3 y festej\u00f3 como gol.<\/p>\n<p class=\"paragraph\"><a rel=\"nofollow noopener\" target=\"_blank\" href=\"https:\/\/www.lanacion.com.py\/lnpop\/2022\/11\/08\/josue-colman-dio-el-si-mas-importante-de-su-vida-en-medio-de-una-guerra-de-novias\/\"><b>Le\u00e9 tambi\u00e9n: Josu\u00e9 Colm\u00e1n dio el \u201cs\u00ed\u201d m\u00e1s importante de su vida en medio de una \u201cguerra de novias\u201d<\/b><\/a><\/p>\n<p class=\"paragraph\">Otra reacci\u00f3n que caus\u00f3 emoci\u00f3n en Brasil y en Europa fue la del jugador de Sevilla FC Alex Telles. Se encontraba con su esposa, que al parecer est\u00e1 embarazada, esperando la lista de buena fe. Cuando Tit\u00e9 lo nombr\u00f3, comenz\u00f3 a llorar; su pareja grit\u00f3 con mucha algarab\u00eda y luego lo abraz\u00f3.<\/p>\n<p class=\"paragraph\">Y lo que gener\u00f3 todo tipo de comentarios, negativos y positivos, fue la reacci\u00f3n de Pedro, jugador del Flamengo. El delantero de 25 a\u00f1os festej\u00f3 su convocatoria pidi\u00e9ndole matrimonio a su novia, Fernanda Nogueira, y argument\u00f3 que decidi\u00f3 hacerlo en esa fecha porque \u201cen los momentos dif\u00edciles ella tambi\u00e9n me ayud\u00f3 y por eso quise dejar esta fecha a\u00fan m\u00e1s especial\u201d.<\/p>\n<p class=\"paragraph\"><a rel=\"nofollow noopener\" target=\"_blank\" href=\"https:\/\/www.lanacion.com.py\/lnpop\/2022\/11\/07\/yeruti-garcia-dijo-que-seria-una-pesima-influencer\/\"><b>Te puede interesar: Yerut\u00ed Garc\u00eda dijo que ser\u00eda una \u201cp\u00e9sima\u201d influencer<\/b><\/a><\/p>\n<p class=\"paragraph\">La otra cara de la moneda es que jugadores como Gabigol y Roberto Firmino no forman parte del equipo de Tit\u00e9 para Qatar, pero el legendario Dani Alves s\u00ed estar\u00e1 en lo que ser\u00e1 su \u00faltimo Mundial (por la edad). En las \u00faltimas horas tambi\u00e9n se confirm\u00f3 la baja de Phillipe Coutinho, jugador clave del cuadro brasile\u00f1o, y Aston Villa, que no participar\u00e1 de esta fiesta deportiva por una lesi\u00f3n en el cu\u00e1driceps.<\/p>\n<\/div>\n<p><script>!function(f,b,e,v,n,t,s)\n          {if(f.fbq)return;n=f.fbq=function(){n.callMethod?\n          n.callMethod.apply(n,arguments):n.queue.push(arguments)};\n          if(!f._fbq)f._fbq=n;n.push=n;n.loaded=!0;n.version='2.0';\n          n.queue=[];t=b.createElement(e);t.async=!0;\n          t.src=v;s=b.getElementsByTagName(e)[0];\n          s.parentNode.insertBefore(t,s)}(window, document,'script',\n          'https:\/\/connect.facebook.net\/en_US\/fbevents.js');\n          fbq('init', '291189108605310');\n          fbq('track', 'PageView');<\/script><br \/>\n<br \/><\/p>\n<p><em> &#8221; Fuentes news.google.com &#8221; <\/em><\/p>\n","protected":false},"excerpt":{"rendered":"<p>El director t\u00e9cnico de Brasil, Tit\u00e9, dio a conocer la lista definitiva de jugadores convocados para el Mundial este lunes, faltando 13 d\u00edas para su inicio. Varios jugadores como Richarlison, Thiago Silva, Bruno Guimaraes y Alex Telles grabaron sus reacciones al escuchar sus nombres por televisi\u00f3n. La mayor\u00eda vivi\u00f3 ese momento en compa\u00f1\u00eda de sus [&hellip;]<\/p>\n","protected":false},"author":4,"featured_media":421185,"comment_status":"open","ping_status":"closed","sticky":false,"template":"","format":"standard","meta":{"om_disable_all_campaigns":false,"jnews-multi-image_gallery":[],"jnews_single_post":[],"jnews_primary_category":[],"jnews_social_meta":[],"footnotes":""},"categories":[40],"tags":[1824,43669,7927,40190,45507,56772],"class_list":["post-421184","post","type-post","status-publish","format-standard","has-post-thumbnail","hentry","category-industria","tag-brasil","tag-convocados","tag-jugadores","tag-mundial-de-qatar","tag-reacciones","tag-tite"],"_links":{"self":[{"href":"https:\/\/dimensionturistica.com\/es\/wp-json\/wp\/v2\/posts\/421184","targetHints":{"allow":["GET"]}}],"collection":[{"href":"https:\/\/dimensionturistica.com\/es\/wp-json\/wp\/v2\/posts"}],"about":[{"href":"https:\/\/dimensionturistica.com\/es\/wp-json\/wp\/v2\/types\/post"}],"author":[{"embeddable":true,"href":"https:\/\/dimensionturistica.com\/es\/wp-json\/wp\/v2\/users\/4"}],"replies":[{"embeddable":true,"href":"https:\/\/dimensionturistica.com\/es\/wp-json\/wp\/v2\/comments?post=421184"}],"version-history":[{"count":0,"href":"https:\/\/dimensionturistica.com\/es\/wp-json\/wp\/v2\/posts\/421184\/revisions"}],"wp:featuredmedia":[{"embeddable":true,"href":"https:\/\/dimensionturistica.com\/es\/wp-json\/wp\/v2\/media\/421185"}],"wp:attachment":[{"href":"https:\/\/dimensionturistica.com\/es\/wp-json\/wp\/v2\/media?parent=421184"}],"wp:term":[{"taxonomy":"category","embeddable":true,"href":"https:\/\/dimensionturistica.com\/es\/wp-json\/wp\/v2\/categories?post=421184"},{"taxonomy":"post_tag","embeddable":true,"href":"https:\/\/dimensionturistica.com\/es\/wp-json\/wp\/v2\/tags?post=421184"}],"curies":[{"name":"wp","href":"https:\/\/api.w.org\/{rel}","templated":true}]}}