{"id":421157,"date":"2022-11-08T19:00:44","date_gmt":"2022-11-08T19:00:44","guid":{"rendered":"https:\/\/dimensionturistica.com\/es\/?p=421157"},"modified":"2022-11-08T19:00:44","modified_gmt":"2022-11-08T19:00:44","slug":"sensitur-pro-tenerife-expone-diversos-desafios-para-impulsar-la-industria-turistica","status":"publish","type":"post","link":"https:\/\/dimensionturistica.com\/es\/sensitur-pro-tenerife-expone-diversos-desafios-para-impulsar-la-industria-turistica\/","title":{"rendered":"Sensitur PRO Tenerife expone diversos desaf\u00edos para impulsar la industria tur\u00edstica"},"content":{"rendered":"<p> <br \/>\n<\/p>\n<div>\n<p>La <strong>jornada de sensibilizaci\u00f3n tur\u00edstica y medioambiental dirigida a empresarios y profesionales del sector<\/strong> est\u00e1 a d\u00edas de comenzar. Este <strong>jueves 10 de noviembre, de 9:00 a 17:00 horas, en el Resort Iberostar Choice Anthelia<\/strong>, en Adeje, sur de la isla tinerfe\u00f1a, se celebrar\u00e1 <strong>Sensitur PRO Tenerife 2022<\/strong>, un evento dedicado a dar valor a los modelos sostenibles en el sector tur\u00edstico. Est\u00e1 jornada aportar\u00e1 concepts, visibilizar\u00e1 acciones y dar\u00e1 a conocer proyectos que se est\u00e1n llevando a cabo en el sector con una meta clara: apoyar, proteger e impulsar la industria tur\u00edstica canaria<\/p>\n<p>A primera hora de la ma\u00f1ana, esta jornada comenzar\u00e1 de la mano de <strong>Ang\u00e9lica Guill\u00e9n<\/strong>, coordinadora de Sostenibilidad de Canarias y Cabo Verde en el Grupo Iberostar, la cual protagonizar\u00e1 la denominada ponencia <strong>\u201cSostenibilidad Hotelera en territorios insulares\u201d<\/strong>. A las 9:15 horas, <strong>Ram\u00f3n Hern\u00e1ndez<\/strong> iniciar\u00e1, como moderador, el primer <em><strong>sensi debate<\/strong><\/em>, en el que intervendr\u00e1n <strong>Juan Carlos De Le\u00f3n<\/strong>, director de operaciones en GF Hoteles (Grupo Fedola); <strong>Enrique Padr\u00f3n<\/strong>, director de Innovaci\u00f3n y Desarrollo Sostenible en Ashotel; <strong>Jes\u00fas Rodr\u00edguez \u00c1lamo<\/strong>, director de Ingenier\u00eda del Instituto Tecnol\u00f3gico y de Energ\u00edas Renovables (ITER) y, por \u00faltimo, <strong>Luis Linares<\/strong>, CEO en EAVE. Los nuevos paradigmas en la eficiencia energ\u00e9tica y la movilidad sostenible de una isla tur\u00edstica ser\u00e1 la tem\u00e1tica que se debatir\u00e1 durante esta mesa.<\/p>\n<p>Tras un breve descanso, <strong>Araceli Reymundo<\/strong>, arquitecta y experta en sostenibilidad, ser\u00e1 la ponente que reanudar\u00e1 esta jornada, a trav\u00e9s del desarrollo de un sensi discuss denominado <strong>\u201cPaisaje, turismo, resiliencia y emergencia clim\u00e1tica\u201d<\/strong>. Seguidamente, alrededor de las 11:00 horas, <strong>Laura Castro Hern\u00e1ndez<\/strong>, directora insular de Turismo del Cabildo de Tenerife y <strong>Ang\u00e9lica Guill\u00e9n<\/strong> proceder\u00e1n con la <strong>inauguraci\u00f3n institucional de las jornadas de Sensitur PRO Tenerife 2022.<\/strong><\/p>\n<p>La econom\u00eda round, agricultura, gastronom\u00eda km cero al servicio del turismo, el desarrollo sostenible y reparto equitativo de la riqueza tur\u00edstica en toda la cadena de valor ser\u00e1n los pilares en los que se profundizar\u00e1 en el segundo <strong><em>sensi debate<\/em><\/strong>. <strong>Raquel Garc\u00eda Reyes<\/strong> presidir\u00e1 este debate, en el que estar\u00e1 presente<strong> Angela Delgado<\/strong>, presidenta de ASAGA Canarias (Asociaci\u00f3n de Agricultores y Ganaderos de Canarias); <strong>Juan Carlos Clemente<\/strong>, asesor gastron\u00f3mico; Emilio Murias, experto en Econom\u00eda Round y CEO en Murias Digital; <strong>Felix \u00c1lvarez<\/strong>, presidente de ACOMETE (Agrupaci\u00f3n de Colectivos de Median\u00edas de Tenerife) y, por \u00faltimo, <strong>Enrique Alfonso<\/strong>, propietario de la bodega Altos de Trevejos.<\/p>\n<p>Llegando al ecuador del evento, <strong>Antonio Salazar<\/strong> moderar\u00e1 el tercer <strong><em>sensi debate<\/em><\/strong>, que ahondar\u00e1 en la gesti\u00f3n de residuos y, por otro lado, la medici\u00f3n de la huella de carbono en cada fase de la actividad tur\u00edstica, comunicaci\u00f3n y promoci\u00f3n eficaz de un destino tur\u00edstico sostenible. <strong>Ang\u00e9lica Guill\u00e9n<\/strong>, coordinadora de Sostenibilidad de Canarias y Cabo Verde en el Grupo Iberostar; <strong>Felipe Hern\u00e1ndez<\/strong>, coordinador Departamento de Medio Ambiente en Fundaci\u00f3n Ataretaco; <strong>Sergio Armas<\/strong>, gerente de la Fundaci\u00f3n Foresta; <strong>Alexis Robles<\/strong>, CEO en Grupo Innovaris; <strong>Javier Tejera<\/strong>, fundador y responsable de Ecotouristing y, por \u00faltimo, <strong>Carolina Rodr\u00edguez D\u00edaz<\/strong>, concejala de Turismo del Ayuntamiento de Puerto de la Cruz, ser\u00e1n los protagonistas de esta mesa.<\/p>\n<p>El evento culminar\u00e1 hablando sobre la sostenibilidad en el turismo activo de la isla de Tenerife y el respeto a la biodiversidad y el patrimonio geol\u00f3gico y, adem\u00e1s, la aplicaci\u00f3n directa de los ODS en destinos y empresas. <strong>Sonia Garcia Fari\u00f1a<\/strong>, CEO en Senet Consultores, dirigir\u00e1 este \u00faltimo <em><strong>sensi debate<\/strong><\/em>, en el cual participar\u00e1n <strong>David Padr\u00f3n Marrero<\/strong>, director Common de Investigaci\u00f3n y coordinaci\u00f3n del Desarrollo Sostenible del Gobierno de Canarias; <strong>Jaime Coello Bravo<\/strong>, director Fundaci\u00f3n Telesforo Bravo Juan Coello; <strong>Higinio Guerra<\/strong>, presidente de ACEST (Asociaci\u00f3n Cet\u00e1ceos del Sur de Tenerife); <strong>Laura Bethencourt Yanes<\/strong>, presidenta de la Asociaci\u00f3n Profesional de Gu\u00edas de Turismo de Tenerife (APIT) y, por \u00faltimo, <strong>Juan Carlos Alvarez Arrocha<\/strong>, adjunto a la direcci\u00f3n departamento Productos Tur\u00edsticos en Turismo de Tenerife.<\/p>\n<p>Adem\u00e1s, <strong>Sensitur PRO Tenerife 2022<\/strong> cuenta con cinco grandes desaf\u00edos del destino en materia medioambiental que se esperan poner en marcha de manera conjunta entre las administraciones competentes y los agentes del sector involucrados en el plazo del 2022 al 2025. La aplicaci\u00f3n directa de los ODS en las empresas y en el destino tur\u00edstico que impliquen a toda la cadena de valor y agentes del sector es el primer desaf\u00edo, organizado por Mois\u00e9s Exp\u00f3sito Gonz\u00e1lez, coordinador de Sostenibilidad en GF Hoteles.<\/p>\n<p>El segundo desaf\u00edo, coordinado por <strong>Emilio Murias<\/strong>, experto en Econom\u00eda Round y CEO en Murias Digital, consiste en identificar las acciones concretas de la econom\u00eda round en empresas pymes y aut\u00f3nomos implicando al sector primario. Asimismo, <strong>Felipe Hern\u00e1ndez<\/strong>, coordinador del departamento de Medio Ambiente en Fundaci\u00f3n Ataretaco, lidera el siguiente desaf\u00edo: la gesti\u00f3n de residuos y reciclaje integral dentro del destino tur\u00edstico. En la misma l\u00ednea, <strong>Jaime Coello Bravo<\/strong>, director Fundaci\u00f3n Telesforo Bravo Juan Coello, coordina el desaf\u00edo sobre la Comunicaci\u00f3n inter-direccional sostenible, promoci\u00f3n, Actual Inexperienced Advertising and marketing, el cual consiste en la divulgaci\u00f3n, educaci\u00f3n medioambiental, concienciaci\u00f3n y sensibilizaci\u00f3n sostenible del destino. El \u00faltimo desaf\u00edo, coordinado por <strong>Diego Broock Hijar,<\/strong> gerente en Cl\u00faster Construcci\u00f3n Sostenible, reside en identificar estrategias y acciones concretas, valientes, eficientes y \u00e1giles de movilidad sostenible en el destino.<\/p>\n<p><strong>Sensitur PRO Tenerife 2022<\/strong> est\u00e1 creado y organizado por <strong>Futurcan Advertising and marketing &amp; Eventos<\/strong>, cuenta con el apoyo de prestigiosas entidades como <strong>Turismo de Islas Canarias<\/strong>, <strong>Canarias Avanza, Fondo Europeo de Desarrollo Regional (FEDER) y Subsequent Era<\/strong>. Adem\u00e1s del patrocinio de <strong>Turismo de Tenerife <\/strong>y<strong> Grupo Iberostar.<\/strong><\/p>\n<p>Puedes inscribirte de forma gratuita para disfrutar de esta jornada en https:\/\/sensitur.com\/sensitur-pro-tenerife.<\/p>\n<\/p><\/div>\n\n<p><em> &#8221; Fuentes news.google.com &#8221; <\/em><\/p>\n","protected":false},"excerpt":{"rendered":"<p>La jornada de sensibilizaci\u00f3n tur\u00edstica y medioambiental dirigida a empresarios y profesionales del sector est\u00e1 a d\u00edas de comenzar. Este jueves 10 de noviembre, de 9:00 a 17:00 horas, en el Resort Iberostar Choice Anthelia, en Adeje, sur de la isla tinerfe\u00f1a, se celebrar\u00e1 Sensitur PRO Tenerife 2022, un evento dedicado a dar valor a [&hellip;]<\/p>\n","protected":false},"author":4,"featured_media":399427,"comment_status":"open","ping_status":"closed","sticky":false,"template":"","format":"standard","meta":{"om_disable_all_campaigns":false,"jnews-multi-image_gallery":[],"jnews_single_post":[],"jnews_primary_category":[],"jnews_social_meta":[],"footnotes":""},"categories":[40],"tags":[1140],"class_list":["post-421157","post","type-post","status-publish","format-standard","has-post-thumbnail","hentry","category-industria","tag-hoteles-y-alojamientos"],"_links":{"self":[{"href":"https:\/\/dimensionturistica.com\/es\/wp-json\/wp\/v2\/posts\/421157","targetHints":{"allow":["GET"]}}],"collection":[{"href":"https:\/\/dimensionturistica.com\/es\/wp-json\/wp\/v2\/posts"}],"about":[{"href":"https:\/\/dimensionturistica.com\/es\/wp-json\/wp\/v2\/types\/post"}],"author":[{"embeddable":true,"href":"https:\/\/dimensionturistica.com\/es\/wp-json\/wp\/v2\/users\/4"}],"replies":[{"embeddable":true,"href":"https:\/\/dimensionturistica.com\/es\/wp-json\/wp\/v2\/comments?post=421157"}],"version-history":[{"count":0,"href":"https:\/\/dimensionturistica.com\/es\/wp-json\/wp\/v2\/posts\/421157\/revisions"}],"wp:featuredmedia":[{"embeddable":true,"href":"https:\/\/dimensionturistica.com\/es\/wp-json\/wp\/v2\/media\/399427"}],"wp:attachment":[{"href":"https:\/\/dimensionturistica.com\/es\/wp-json\/wp\/v2\/media?parent=421157"}],"wp:term":[{"taxonomy":"category","embeddable":true,"href":"https:\/\/dimensionturistica.com\/es\/wp-json\/wp\/v2\/categories?post=421157"},{"taxonomy":"post_tag","embeddable":true,"href":"https:\/\/dimensionturistica.com\/es\/wp-json\/wp\/v2\/tags?post=421157"}],"curies":[{"name":"wp","href":"https:\/\/api.w.org\/{rel}","templated":true}]}}