{"id":421008,"date":"2022-11-08T14:40:46","date_gmt":"2022-11-08T14:40:46","guid":{"rendered":"https:\/\/dimensionturistica.com\/es\/?p=421008"},"modified":"2022-11-08T14:40:46","modified_gmt":"2022-11-08T14:40:46","slug":"los-mejores-hoteles-bodega-de-espana","status":"publish","type":"post","link":"https:\/\/dimensionturistica.com\/es\/los-mejores-hoteles-bodega-de-espana\/","title":{"rendered":"los mejores hoteles-bodega de Espa\u00f1a"},"content":{"rendered":"<p> <br \/>\n<\/p>\n<div id=\"articlebody\">\n<p>Existen hoteles que son destinos en s\u00ed mismos, lugares en los que<strong> no resulta sencillo decidirnos por un solo motivo que justifique nuestra elecci\u00f3n<\/strong>. As\u00ed ocurre en <a rel=\"nofollow noopener\" target=\"_blank\" href=\"https:\/\/www.abadia-retuerta.com\/\">Abad\u00eda Retuerta<\/a>, que, desde hace un tiempo, seduce a viajeros con muy diferentes intenciones. Hay quienes quieren saber <strong>lo que se siente al dormir en una antigua abad\u00eda rom\u00e1nica<\/strong> del siglo XII, con habitaciones en lugar de celdas mon\u00e1sticas, y otros que ans\u00edan la calma de sus sesiones de yoga y mindfulness al aire libre.<\/p>\n<p><img decoding=\"async\" src=\"https:\/\/img1.viajar.elperiodico.com\/67\/05\/c5\/iglesia-abadia-retuerca-inmersion-enologica-650x964.jpg\" alt=\"Iglesia de la Abad\u00eda Retuerca, que puede albergar todo tipo de eventos, almuerzos, cenas...\"\/><\/p>\n<p>La tranquilidad est\u00e1 asegurada en este alojamiento, donde, seg\u00fan nos dicen, <strong>\u201cel tiempo se para\u201d<\/strong> para que el cliente pueda disfrutar de \u201cexperiencias a medida en torno al bienestar, la naturaleza, el vino, la gastronom\u00eda y el arte\u201d. Estamos en<strong> Sard\u00f3n de Duero<\/strong> (Valladolid), en una finca de 700 hect\u00e1reas repleta de vi\u00f1edos, a orillas del r\u00edo, que dota de unas caracter\u00edsticas \u00fanicas a su terru\u00f1o. El resort tiene su propia bodega, que <strong>contin\u00faa con la tradici\u00f3n vitivin\u00edcola iniciada hace m\u00e1s de 800 a\u00f1os<\/strong>. Visitar la sala de elaboraci\u00f3n y la de barricas es algo que tendremos que hacer antes de realizar lo que aqu\u00ed llaman una inmersi\u00f3n enol\u00f3gica, que consiste en<strong> recorrer el entorno en veh\u00edculo 4&#215;4 con paradas para degustar un aperitivo campero<\/strong>, conocer la huerta y asistir a una cata comentada. La jornada puede acabar con una cena en el restaurante, que encuentra acomodo en el antiguo refectorio, o en la vinoteca, situada sobre <strong>La Cueva, antigua cilla del almac\u00e9n<\/strong>.<\/p>\n<p><img decoding=\"async\" src=\"https:\/\/img2.viajar.elperiodico.com\/07\/40\/f0\/acceso-patio-do-senorito-pazo-da-pena-inmersion-enologica-650x433.jpg\" alt=\"Acceso al Patio do Se\u00f1orito en Pazo da Pena\"\/><\/p>\n<p>\u00a0Decenas de bodegas se reparten a lo largo de la margen izquierda del Ebro hasta alcanzar la sierra de Tolo\u00f1o, en esa <strong>privilegiada franja de terreno que conforma la Rioja Alavesa<\/strong>. En su capital, la rom\u00e1ntica Laguardia, abre sus puertas <a rel=\"nofollow noopener\" target=\"_blank\" href=\"http:\/\/egurenugarte.com\">Eguren Ugarte<\/a>. No hay nada m\u00e1s relajante que despertar, tal vez en una suite premium, en el \u00e1tico, decorada toda en madera, y <strong>contemplar el mar de vi\u00f1edos de los alrededores<\/strong>, que se pueden recorrer en segway o en carro de caballos.<\/p>\n<p><img decoding=\"async\" src=\"https:\/\/img2.viajar.elperiodico.com\/4f\/6a\/75\/hotel-rural-rabiol-inmersion-enologica-650x977.jpg\" alt=\"Hotel rural Mas Rabiol\"\/><\/p>\n<p>En la bodega nos esperan <strong>2.000 metros de galer\u00edas excavadas en las rocas<\/strong>, 4.000 barricas y una cata de tres de sus vinos. Una experiencia completa que nos ofrece tambi\u00e9n el <a rel=\"nofollow noopener\" target=\"_blank\" href=\"http:\/\/marquesderiscal.com\">Hotel Marqu\u00e9s de Riscal<\/a>, en Elciego. Cuentan que para convencer a Frank O. Gehry de que dise\u00f1ase su resort los propietarios de las bodegas bajaron a La Catedral, donde duermen vinos hist\u00f3ricos en sus silenciosos pasillos, y <strong>degollaron para \u00e9l una botella del a\u00f1o de su nacimiento, 1929<\/strong>. Y entonces el arquitecto dijo: \u201cS\u00ed\u201d. Visitar esta bodega seguramente sea una de esas cosas que hay que hacer una vez en la vida. Para despu\u00e9s queda una cena en el restaurante, <strong>con vistas a los vi\u00f1edos, y alg\u00fan capricho en el spa<\/strong>.<\/p>\n<p><img decoding=\"async\" src=\"https:\/\/img1.viajar.elperiodico.com\/da\/d8\/b1\/restaurante-jacaranda-finca-serena-mallorca-inmersion-enologica-650x869.jpg\" alt=\"Restaurante Jacaranda en Finca Serena Mallorca\"\/><\/p>\n<p>Rodeado de vi\u00f1edos y olivos, y con vistas a la sierra del Moncayo, el resort boutique <a rel=\"nofollow noopener\" target=\"_blank\" href=\"http:\/\/pagodecirsus.com\">Pago de Cirsus<\/a>, en Ablitas (Navarra), <strong>apuesta tambi\u00e9n por una filosof\u00eda que no falla: descanso y vino<\/strong>, con Denominaci\u00f3n de Origen. Para lo primero est\u00e1n sus 12 habitaciones; para lo segundo, una amplia carta de experiencias, que van desde una <strong>visita a su bodega, cata incluida, a un p\u00edcnic para dos<\/strong> en la finca. Imprescindible es la cena en el restaurante, dirigido por Pedro Larumbe, desde el que contemplar <strong>la sala de barricas, de roble franc\u00e9s, mil en whole<\/strong>, cada una con 225 litros de una sola variedad de uva.<\/p>\n<p><img decoding=\"async\" src=\"https:\/\/img1.viajar.elperiodico.com\/64\/da\/aa\/hotel-trossos-priorat-inmersion-enologica-650x477.jpg\" alt=\"Bodega y hotel Trossos del Priorat, rodeado de sus propios vi\u00f1edos\"\/><\/p>\n<p>A mano, sin prisas y poniendo mucha atenci\u00f3n en los detalles elaboran el vino en la bodega de <a rel=\"nofollow noopener\" target=\"_blank\" href=\"http:\/\/es.trossosdelpriorat.com\">Trossos del Priorat<\/a>, en Gratallops (Tarragona), en una comarca que es una de las mejores zonas vin\u00edcolas de Europa. <strong>Para explorar los vi\u00f1edos y alrededores <\/strong>sus propietarios proponen alojarse en su propio resort, con siete habitaciones. Seguimos viajando, esta vez rumbo al municipio de Peratallada, en la Costa Brava (Girona), donde <a rel=\"nofollow noopener\" target=\"_blank\" href=\"http:\/\/masrabiol.com\">Mas Rabiol<\/a>, un coqueto resort rural de ocho habitaciones, <strong>se nos antoja el mejor centro de operaciones posible<\/strong> para descubrir los secretos de los vinos del Baix Empord\u00e0. A sus hu\u00e9spedes ofrece packs especiales que incluyen alojamiento y <strong>cata especial en alguna bodega cercana<\/strong>.<\/p>\n<p><img decoding=\"async\" src=\"https:\/\/img1.viajar.elperiodico.com\/b8\/6a\/dc\/habitacion-zarautz-hotel-iturregi-inmersion-enologica-650x424.jpg\" alt=\"Habitaci\u00f3n Zarautz en el Hotel Iturregi\"\/><\/p>\n<p>Tampoco poseen bodega propia el <a rel=\"nofollow noopener\" target=\"_blank\" href=\"http:\/\/hoteliturregi.com\">Hotel Iturregi<\/a>, en Getaria (Guip\u00fazcoa),<strong> rodeado de vi\u00f1edos de txacoli<\/strong>, y el <a rel=\"nofollow noopener\" target=\"_blank\" href=\"http:\/\/pazodapena.com\">Pazo da Pena<\/a>, en Manzaneda (Ourense), <strong>alojamiento supreme si lo que queremos es recorrer la Ribeira Sacra<\/strong>. Su escarpado paisaje sirve, desde la Edad Media, para el cultivo de las vi\u00f1as en bancales, tal y como hac\u00edan los monjes que un d\u00eda habitaron los monasterios de la zona.<strong> Buscaban la paz<\/strong>, algo que ofrece como principal reclamo <a rel=\"nofollow noopener\" target=\"_blank\" href=\"http:\/\/fincaserenamallorca.com\">Finca Serena<\/a>, en el Pla de Mallorca. Diez hect\u00e1reas de vi\u00f1edos envuelven las dispersas habitaciones del complejo.<\/p>\n<\/p><\/div>\n<p><script src=\"https:\/\/connect.facebook.net\/es_ES\/sdk.js\"><\/script><br \/>\n<br \/><\/p>\n<p><em> &#8221; Fuentes news.google.com &#8221; <\/em><\/p>\n","protected":false},"excerpt":{"rendered":"<p>Existen hoteles que son destinos en s\u00ed mismos, lugares en los que no resulta sencillo decidirnos por un solo motivo que justifique nuestra elecci\u00f3n. As\u00ed ocurre en Abad\u00eda Retuerta, que, desde hace un tiempo, seduce a viajeros con muy diferentes intenciones. Hay quienes quieren saber lo que se siente al dormir en una antigua abad\u00eda [&hellip;]<\/p>\n","protected":false},"author":4,"featured_media":421009,"comment_status":"open","ping_status":"closed","sticky":false,"template":"","format":"standard","meta":{"om_disable_all_campaigns":false,"jnews-multi-image_gallery":[],"jnews_single_post":[],"jnews_primary_category":[],"jnews_social_meta":[],"footnotes":""},"categories":[39],"tags":[770,1289,56752,4205],"class_list":["post-421008","post","type-post","status-publish","format-standard","has-post-thumbnail","hentry","category-viajes","tag-espana","tag-hoteles","tag-inmersion-enologica","tag-vino"],"_links":{"self":[{"href":"https:\/\/dimensionturistica.com\/es\/wp-json\/wp\/v2\/posts\/421008","targetHints":{"allow":["GET"]}}],"collection":[{"href":"https:\/\/dimensionturistica.com\/es\/wp-json\/wp\/v2\/posts"}],"about":[{"href":"https:\/\/dimensionturistica.com\/es\/wp-json\/wp\/v2\/types\/post"}],"author":[{"embeddable":true,"href":"https:\/\/dimensionturistica.com\/es\/wp-json\/wp\/v2\/users\/4"}],"replies":[{"embeddable":true,"href":"https:\/\/dimensionturistica.com\/es\/wp-json\/wp\/v2\/comments?post=421008"}],"version-history":[{"count":0,"href":"https:\/\/dimensionturistica.com\/es\/wp-json\/wp\/v2\/posts\/421008\/revisions"}],"wp:featuredmedia":[{"embeddable":true,"href":"https:\/\/dimensionturistica.com\/es\/wp-json\/wp\/v2\/media\/421009"}],"wp:attachment":[{"href":"https:\/\/dimensionturistica.com\/es\/wp-json\/wp\/v2\/media?parent=421008"}],"wp:term":[{"taxonomy":"category","embeddable":true,"href":"https:\/\/dimensionturistica.com\/es\/wp-json\/wp\/v2\/categories?post=421008"},{"taxonomy":"post_tag","embeddable":true,"href":"https:\/\/dimensionturistica.com\/es\/wp-json\/wp\/v2\/tags?post=421008"}],"curies":[{"name":"wp","href":"https:\/\/api.w.org\/{rel}","templated":true}]}}