{"id":420959,"date":"2022-11-08T13:38:50","date_gmt":"2022-11-08T13:38:50","guid":{"rendered":"https:\/\/dimensionturistica.com\/es\/?p=420959"},"modified":"2022-11-08T13:38:50","modified_gmt":"2022-11-08T13:38:50","slug":"se-queda-pequeno-el-puerto-de-cadiz-para-alojar-a-tantos-cruceros","status":"publish","type":"post","link":"https:\/\/dimensionturistica.com\/es\/se-queda-pequeno-el-puerto-de-cadiz-para-alojar-a-tantos-cruceros\/","title":{"rendered":"\u00bfSe queda peque\u00f1o el puerto de C\u00e1diz para alojar a tantos cruceros?"},"content":{"rendered":"<p> <br \/>\n<\/p>\n<div itemprop=\"articleBody\">\n<p class=\"mce\">A las cuatro de la ma\u00f1ana de este martes, los pr\u00e1cticos del puerto de C\u00e1diz, remolcadores y amarradores asist\u00edan la<strong class=\"mce\"> salida del Nieves B<\/strong>, uno de los dos portacontenedores que visitar\u00e1 a lo largo de esta jornada la terminal Reina Sof\u00eda. A las dos de la tarde ya estaba nombrada la primera mano de estibadores para cargar y descargar el <strong class=\"mce\">Macarena B<\/strong>, el segundo de estos portacontenedores de la naviera Boluda, que permanecer\u00e1 en la ciudad hasta ma\u00f1ana por la ma\u00f1ana.<\/p>\n<p class=\"mce\">El trasiego de portacontenedores hace que el departamento de<strong class=\"mce\"> Operaciones Portuarias de la APBC haya tenido que reservar un espacio appreciable para los buques de la naviera de don Vicente Boluda<\/strong>, que son los barcos que, junto a los de Naviera Armas Trasmediterr\u00e1nea, tienen la m\u00e1xima prioridad ya que sus operaciones no pueden verse truncadas ni retrasadas al tratarse de tr\u00e1ficos de primera necesidad en la mayor\u00eda de los casos.<\/p>\n<p><!-- mt = 1667914419 --><br \/>\n<!-- INI: intext advertising --><\/p>\n<p><!-- END: intext advertising --><br \/>\n<!-- \/mt = 1667914419 --><\/p>\n<p><!-- .inset --><\/p>\n<p class=\"mce\">As\u00ed, la Autoridad Portuaria de <a rel=\"nofollow noopener\" target=\"_blank\" href=\"https:\/\/www.diariodecadiz.es\/tag\/teofila_martinez\/\" title=\"Te\u00f3fila Mart\u00ednez\" class=\"mce\">Te\u00f3fila Mart\u00ednez<\/a> ha tenido que plantearse ciento y un c\u00e1lculos para <strong class=\"mce\">ubicar de la mejor manera posible los seis cruceros que visitan hoy C\u00e1diz<\/strong>, que se suman a los dos citados portacontenedores de Boluda, que no han coincidido de manera simult\u00e1nea y a la <strong class=\"mce\">llegada de Ciudad Aut\u00f3noma de Melilla<\/strong> que estar\u00e1 operando mientras permanece averiado el Ciudad de Valencia, que sigue en el Muelle de La Libertad ocupando tambi\u00e9n un hueco.<\/p>\n<p class=\"mce\">Las esloras de los seis cruceros <strong class=\"mce\">suman m\u00e1s de un kil\u00f3metro y medio de longitud<\/strong>, lo que hace evidente que <strong class=\"mce\">el espacio que han requerido<\/strong> nada m\u00e1s que los buques tur\u00edsticos <strong class=\"mce\">ha sido enorme<\/strong>. Tanto es as\u00ed que dos de los cruceros, el <strong class=\"mce\">Costa Fascinosa y el Vasco da Gama han tenido que amarrar en los bolardos del Muelle de La Galeona<\/strong>, en lo que en un futuro ser\u00e1 la nueva terminal de contenedores del puerto de C\u00e1diz.<\/p>\n<p class=\"mce\">Si este futuro alojamiento de los portacontenedores estuviera ya en activo, la <a rel=\"nofollow noopener\" target=\"_blank\" href=\"https:\/\/www.diariodecadiz.es\/tag\/apbc\/\" title=\"APBC \" class=\"mce\">APBC <\/a><strong class=\"mce\">habr\u00eda podido contar con los 600 metros completos con los que cuenta el Reina Sof\u00eda<\/strong>, actualmente ocupado por la empresa Concasa para el trasiego de sus buques de containers. A pesar de todo, el crucero Iona, con sus 345 metros de eslora qued\u00f3 esta ma\u00f1ana atracado en el Muelle Alfonso XIII que s\u00f3lo cuenta con 180 metros, por lo que poco menos de la mitad del Iona ha tenido que ocupar una parte del Reina Sof\u00eda.<\/p>\n<p class=\"mce\"><strong class=\"mce\">El Muelle Ciudad, por su parte, con sus 316 metros de cantil, ha quedado casi copado<\/strong> con los 236 metros del Spirit of Journey. Hay que tener en cuenta que el espacio que necesita un buque para su atraque no s\u00f3lo se constri\u00f1e a su eslora sino que la ley obliga a mantener un margen de distancia de seguridad entre los buques y, adem\u00e1s, un cierto n\u00famero de metros que hay que a\u00f1adir para el despliegue de los cabos para su amarre.<\/p>\n<p class=\"mce\">Ya metidos en el <strong class=\"mce\">Muelle Reina Victoria, con sus 220 metros de cantil,<\/strong> est\u00e1 casi ocupado en su totalidad por el espacio que necesita el tr\u00e1fico de los catamaranes.\u00a0<\/p>\n<p class=\"mce\">Ya metidos en el Muelle Marqu\u00e9s de Comillas, espacio concesionado y habitualmente ocupado por los tr\u00e1ficos de Canarias de Naviera Armas Trasmediterr\u00e1nea, ha tenido que contar este martes, como ocurre en muchas ocasiones con <strong class=\"mce\">la presencia del Oosterdam, con sus 285 metros de eslora, y con el Silver Daybreak<\/strong> (184 metros) que precisamente ha protagonizado una pernoctaci\u00f3n ya que lleg\u00f3 este lunes y se marcha a lo\u00a0 largo de la jornada de este martes, 8 de noviembre.<\/p>\n<p class=\"mce\">En la prolongaci\u00f3n del Marqu\u00e9s de Comilla se llega al Muelle de La Libertad, actualmente ocupado por el Ciudad de Valencia que a\u00fan esta averiado. Los movimientos de este buque, que lleva ya semanas d\u00e1ndole <strong class=\"mce\">quebraderos de cabeza<\/strong> a Trasmediterr\u00e1nea, los llevar\u00e1 a cabo el Ciudad Aut\u00f3noma de Melilla.<\/p>\n<p class=\"mce\">Y ya fuera de terreno habitualmente utilizado para el tr\u00e1ficos ordinarios, <strong class=\"mce\">el Costa Fascinosa y el Vasco da Gama han tenido que irse a parar hasta la Galeona<\/strong>.<\/p>\n<p class=\"mce\">De todo esto se deduce que si no fuera por el desahogo que significa la nueva terminal de contenedores, <strong class=\"mce\">en la actualidad ociosa hasta que Concasa no se traslade all\u00ed,<\/strong> algo que podr\u00eda tardar a\u00fan entre uno y dos a\u00f1os, el puerto de C\u00e1diz no habr\u00eda tenido espacio para recibir a estos seis cruceros. Por fortuna es tan s\u00f3lo un decir porque lo principal es que s\u00ed ha podido alojarlos gracias a los metros de cantil con los que cuenta el puerto de C\u00e1diz y gracias a que en todos sus espacios cuenta con calado m\u00e1s que suficiente para hacer frente a todos estos atraques.<\/p>\n<p class=\"mce\">Aun as\u00ed, es evidente que la mudanza de Concasa hasta los nuevos terrenos ganados al mar junto a Navantia<strong class=\"mce\"> ayudar\u00e1 a reorganizar los espacios de la d\u00e1rsena comercial y posibilitar\u00e1 igualmente que, en la medida de lo posible, ning\u00fan crucero tenga que ir a parar hasta La Galeona<\/strong>, con el consiguiente desarreglo que esto significa seg\u00fan indican desde distintas consignatarias, ya que esta situaci\u00f3n requiere modificar las habituales operativas entre las que hay que incluir de manera obligatoria la autorizaci\u00f3n por parte de Navantia para que los autobuses cargados de turistas puedan salir o entrar en su terreno para llegar hasta la futura terminal de contenedores.<\/p>\n<\/div>\n\n<p><em> &#8221; Fuentes news.google.com &#8221; <\/em><\/p>\n","protected":false},"excerpt":{"rendered":"<p>A las cuatro de la ma\u00f1ana de este martes, los pr\u00e1cticos del puerto de C\u00e1diz, remolcadores y amarradores asist\u00edan la salida del Nieves B, uno de los dos portacontenedores que visitar\u00e1 a lo largo de esta jornada la terminal Reina Sof\u00eda. A las dos de la tarde ya estaba nombrada la primera mano de estibadores [&hellip;]<\/p>\n","protected":false},"author":4,"featured_media":420960,"comment_status":"open","ping_status":"closed","sticky":false,"template":"","format":"standard","meta":{"om_disable_all_campaigns":false,"jnews-multi-image_gallery":[],"jnews_single_post":[],"jnews_primary_category":[],"jnews_social_meta":[],"footnotes":""},"categories":[41],"tags":[5734,543,1411],"class_list":["post-420959","post","type-post","status-publish","format-standard","has-post-thumbnail","hentry","category-cruceros","tag-cadiz","tag-cruceros","tag-puerto"],"_links":{"self":[{"href":"https:\/\/dimensionturistica.com\/es\/wp-json\/wp\/v2\/posts\/420959","targetHints":{"allow":["GET"]}}],"collection":[{"href":"https:\/\/dimensionturistica.com\/es\/wp-json\/wp\/v2\/posts"}],"about":[{"href":"https:\/\/dimensionturistica.com\/es\/wp-json\/wp\/v2\/types\/post"}],"author":[{"embeddable":true,"href":"https:\/\/dimensionturistica.com\/es\/wp-json\/wp\/v2\/users\/4"}],"replies":[{"embeddable":true,"href":"https:\/\/dimensionturistica.com\/es\/wp-json\/wp\/v2\/comments?post=420959"}],"version-history":[{"count":0,"href":"https:\/\/dimensionturistica.com\/es\/wp-json\/wp\/v2\/posts\/420959\/revisions"}],"wp:featuredmedia":[{"embeddable":true,"href":"https:\/\/dimensionturistica.com\/es\/wp-json\/wp\/v2\/media\/420960"}],"wp:attachment":[{"href":"https:\/\/dimensionturistica.com\/es\/wp-json\/wp\/v2\/media?parent=420959"}],"wp:term":[{"taxonomy":"category","embeddable":true,"href":"https:\/\/dimensionturistica.com\/es\/wp-json\/wp\/v2\/categories?post=420959"},{"taxonomy":"post_tag","embeddable":true,"href":"https:\/\/dimensionturistica.com\/es\/wp-json\/wp\/v2\/tags?post=420959"}],"curies":[{"name":"wp","href":"https:\/\/api.w.org\/{rel}","templated":true}]}}