{"id":420642,"date":"2022-11-07T22:29:32","date_gmt":"2022-11-07T22:29:32","guid":{"rendered":"https:\/\/dimensionturistica.com\/es\/?p=420642"},"modified":"2022-11-07T22:29:32","modified_gmt":"2022-11-07T22:29:32","slug":"con-buenos-resultados-inicia-participacion-de-la-delegacion-de-quintana-roo-en-wtm-londres-2022","status":"publish","type":"post","link":"https:\/\/dimensionturistica.com\/es\/con-buenos-resultados-inicia-participacion-de-la-delegacion-de-quintana-roo-en-wtm-londres-2022\/","title":{"rendered":"Con buenos resultados inicia participaci\u00f3n de la delegaci\u00f3n de Quintana Roo en WTM Londres 2022"},"content":{"rendered":"<p><img decoding=\"async\" class=\"size-medium wp-image-420647 alignright\" src=\"https:\/\/dimensionturistica.com\/es\/wp-content\/uploads\/2022\/11\/c2846f3f-6a0f-40ba-a820-7e56f6c37ab5-300x225.jpg\" alt=\"\" width=\"300\" height=\"225\" srcset=\"https:\/\/dimensionturistica.com\/es\/wp-content\/uploads\/2022\/11\/c2846f3f-6a0f-40ba-a820-7e56f6c37ab5-300x225.jpg 300w, https:\/\/dimensionturistica.com\/es\/wp-content\/uploads\/2022\/11\/c2846f3f-6a0f-40ba-a820-7e56f6c37ab5-1024x768.jpg 1024w, https:\/\/dimensionturistica.com\/es\/wp-content\/uploads\/2022\/11\/c2846f3f-6a0f-40ba-a820-7e56f6c37ab5-768x576.jpg 768w, https:\/\/dimensionturistica.com\/es\/wp-content\/uploads\/2022\/11\/c2846f3f-6a0f-40ba-a820-7e56f6c37ab5-750x563.jpg 750w, https:\/\/dimensionturistica.com\/es\/wp-content\/uploads\/2022\/11\/c2846f3f-6a0f-40ba-a820-7e56f6c37ab5-1140x855.jpg 1140w, https:\/\/dimensionturistica.com\/es\/wp-content\/uploads\/2022\/11\/c2846f3f-6a0f-40ba-a820-7e56f6c37ab5.jpg 1280w\" sizes=\"(max-width: 300px) 100vw, 300px\" \/>Con gran arranque en citas de negocios inici\u00f3 su participaci\u00f3n la delegaci\u00f3n de Quintana Roo encabezada por el titular de la Secretar\u00eda Estatal de Turismo (SEDETUR) Bernardo Cueto Riestra en la 43 edici\u00f3n del World Travel Market (WTM) Londres 2022 con sede en el Centro de Congresos y Exposiciones Excel de la capital del Reino Unido.<br \/>\nPara generar un desarrollo econ\u00f3mico compartido, sustentable y sostenible que genere oportunidades para todas y todos en Quintana Roo y con base al Nuevo Acuerdo por el Bienestar y Desarrollo que impulsa la gobernadora Mara Lezama Espinosa, se promueven los destinos tur\u00edsticos del Estado que permita una mayor atracci\u00f3n de visitantes europeos.<br \/>\nEl titular de la SEDETUR, Cueto Riestra indic\u00f3 que tras el corte del list\u00f3n inaugural del pabell\u00f3n Caribe<img decoding=\"async\" class=\"size-medium wp-image-420643 alignleft\" src=\"https:\/\/dimensionturistica.com\/es\/wp-content\/uploads\/2022\/11\/1b2790c7-fdc8-4837-bd17-2fe2de9f086d-300x225.jpg\" alt=\"\" width=\"300\" height=\"225\" srcset=\"https:\/\/dimensionturistica.com\/es\/wp-content\/uploads\/2022\/11\/1b2790c7-fdc8-4837-bd17-2fe2de9f086d-300x225.jpg 300w, https:\/\/dimensionturistica.com\/es\/wp-content\/uploads\/2022\/11\/1b2790c7-fdc8-4837-bd17-2fe2de9f086d-1024x768.jpg 1024w, https:\/\/dimensionturistica.com\/es\/wp-content\/uploads\/2022\/11\/1b2790c7-fdc8-4837-bd17-2fe2de9f086d-768x576.jpg 768w, https:\/\/dimensionturistica.com\/es\/wp-content\/uploads\/2022\/11\/1b2790c7-fdc8-4837-bd17-2fe2de9f086d-750x563.jpg 750w, https:\/\/dimensionturistica.com\/es\/wp-content\/uploads\/2022\/11\/1b2790c7-fdc8-4837-bd17-2fe2de9f086d-1140x855.jpg 1140w, https:\/\/dimensionturistica.com\/es\/wp-content\/uploads\/2022\/11\/1b2790c7-fdc8-4837-bd17-2fe2de9f086d.jpg 1280w\" sizes=\"(max-width: 300px) 100vw, 300px\" \/> Mexicano, sostuvo una reuni\u00f3n con el primer ministro de Ecuador, Francisco Eduardo Jim\u00e9nez S\u00e1nchez para tratar el tema de la nueva ruta a\u00e9rea Quito-Canc\u00fan y que ser\u00e1 anunciada oficialmente a finales de este a\u00f1o.<br \/>\nAbund\u00f3 que, dentro de su agenda de trabajo, sostendr\u00e1 reuniones con directivos del RCD Espanyol de Barcelona de la Liga Espa\u00f1ola de f\u00fatbol, con el que se tiene actualmente un convenio de promoci\u00f3n de la Riviera Maya en sus uniformes.<br \/>\nEn este primer d\u00eda de trabajo en el WTM London 2022, a efectuarse hasta el pr\u00f3ximo mi\u00e9rcoles, entre sus principales objetivos es lograr los mejores acuerdos, convenios y planes de negocios en beneficio de las y los quintanarroenses, as\u00ed como del sector empresarial y<img decoding=\"async\" class=\"size-medium wp-image-420644 alignright\" src=\"https:\/\/dimensionturistica.com\/es\/wp-content\/uploads\/2022\/11\/08d43c78-2586-42ac-9374-e81d65bc6e8a-225x300.jpg\" alt=\"\" width=\"225\" height=\"300\" srcset=\"https:\/\/dimensionturistica.com\/es\/wp-content\/uploads\/2022\/11\/08d43c78-2586-42ac-9374-e81d65bc6e8a-225x300.jpg 225w, https:\/\/dimensionturistica.com\/es\/wp-content\/uploads\/2022\/11\/08d43c78-2586-42ac-9374-e81d65bc6e8a-768x1024.jpg 768w, https:\/\/dimensionturistica.com\/es\/wp-content\/uploads\/2022\/11\/08d43c78-2586-42ac-9374-e81d65bc6e8a-750x1000.jpg 750w, https:\/\/dimensionturistica.com\/es\/wp-content\/uploads\/2022\/11\/08d43c78-2586-42ac-9374-e81d65bc6e8a.jpg 960w\" sizes=\"(max-width: 225px) 100vw, 225px\" \/> hotelero del Caribe Mexicano.<br \/>\nAcompa\u00f1aron al titular de la SEDETUR, Bernardo Cueto, el secretario de Turismo en M\u00e9xico, Miguel Torruco Marqu\u00e9s; la embajadora de M\u00e9xico en Reino Unido, Josefa Gonz\u00e1lez-Blanco Ortiz-Mena; Subsecretario de Turismo de M\u00e9xico, Humberto Hern\u00e1ndez Hadad; las presidentas municipales de Solidaridad y Puerto Morelos, Lili Campos Miranda y Blanca Merari Tziu Mu\u00f1oz, respectivamente.<br \/>\nTambi\u00e9n asisten director del Consejo de Promoci\u00f3n Tur\u00edstica de Quintana Roo (CPTQ) Javier Aranda Pedrero; el director general de Turismo Municipal de Benito Ju\u00e1rez, Juan Pablo De Zulueta; el presidente de la Asociaci\u00f3n de Hoteles de Canc\u00fan, Puerto Morelos e Isla Mujeres, Jes\u00fas Almaguer Salazar y titular de la Asociaci\u00f3n de Hoteles de Tulum, David Ortiz Mena.<br \/>\nCabe mencionar que el World Travel Market (WTM) Londres 2022, es la mayor feria tur\u00edstica del mundo donde se realizan intercambios y negociaciones de los principales agentes del turismo quintanarroense con sus similares a nivel mundial.<br \/>\ncgc.qroo.gob.mx\u201cqroo.gob.mx<\/p>\n","protected":false},"excerpt":{"rendered":"<p>Con gran arranque en citas de negocios inici\u00f3 su participaci\u00f3n la delegaci\u00f3n de Quintana Roo encabezada por el titular de la Secretar\u00eda Estatal de Turismo (SEDETUR) Bernardo Cueto Riestra en la 43 edici\u00f3n del World Travel Market (WTM) Londres 2022 con sede en el Centro de Congresos y Exposiciones Excel de la capital del Reino [&hellip;]<\/p>\n","protected":false},"author":1,"featured_media":420645,"comment_status":"open","ping_status":"closed","sticky":false,"template":"","format":"standard","meta":{"om_disable_all_campaigns":false,"jnews-multi-image_gallery":[],"jnews_single_post":{"source_name":"","source_url":"","via_name":"","via_url":"","override_template":"0","override":[{"template":"1","single_blog_custom":"","parallax":"1","fullscreen":"1","layout":"right-sidebar","sidebar":"default-sidebar","second_sidebar":"default-sidebar","sticky_sidebar":"1","share_position":"top","share_float_style":"share-monocrhome","show_share_counter":"1","show_view_counter":"1","show_featured":"1","show_post_meta":"1","show_post_author":"1","show_post_author_image":"1","show_post_date":"1","post_date_format":"default","post_date_format_custom":"Y\/m\/d","show_post_category":"1","show_post_reading_time":"0","post_reading_time_wpm":"300","show_zoom_button":"0","zoom_button_out_step":"2","zoom_button_in_step":"3","show_post_tag":"1","show_prev_next_post":"1","show_popup_post":"1","number_popup_post":"1","show_author_box":"0","show_post_related":"0","show_inline_post_related":"0"}],"override_image_size":"0","image_override":[{"single_post_thumbnail_size":"crop-500","single_post_gallery_size":"crop-500"}],"trending_post":"0","trending_post_position":"meta","trending_post_label":"Trending","sponsored_post":"0","sponsored_post_label":"Sponsored by","sponsored_post_name":"","sponsored_post_url":"","sponsored_post_logo_enable":"0","sponsored_post_logo":"","sponsored_post_desc":"","disable_ad":"0"},"jnews_primary_category":{"id":"","hide":""},"jnews_social_meta":{"fb_title":"","fb_description":"","fb_image":"","twitter_title":"","twitter_description":"","twitter_image":""},"footnotes":""},"categories":[39],"tags":[],"class_list":["post-420642","post","type-post","status-publish","format-standard","has-post-thumbnail","hentry","category-viajes"],"_links":{"self":[{"href":"https:\/\/dimensionturistica.com\/es\/wp-json\/wp\/v2\/posts\/420642","targetHints":{"allow":["GET"]}}],"collection":[{"href":"https:\/\/dimensionturistica.com\/es\/wp-json\/wp\/v2\/posts"}],"about":[{"href":"https:\/\/dimensionturistica.com\/es\/wp-json\/wp\/v2\/types\/post"}],"author":[{"embeddable":true,"href":"https:\/\/dimensionturistica.com\/es\/wp-json\/wp\/v2\/users\/1"}],"replies":[{"embeddable":true,"href":"https:\/\/dimensionturistica.com\/es\/wp-json\/wp\/v2\/comments?post=420642"}],"version-history":[{"count":0,"href":"https:\/\/dimensionturistica.com\/es\/wp-json\/wp\/v2\/posts\/420642\/revisions"}],"wp:featuredmedia":[{"embeddable":true,"href":"https:\/\/dimensionturistica.com\/es\/wp-json\/wp\/v2\/media\/420645"}],"wp:attachment":[{"href":"https:\/\/dimensionturistica.com\/es\/wp-json\/wp\/v2\/media?parent=420642"}],"wp:term":[{"taxonomy":"category","embeddable":true,"href":"https:\/\/dimensionturistica.com\/es\/wp-json\/wp\/v2\/categories?post=420642"},{"taxonomy":"post_tag","embeddable":true,"href":"https:\/\/dimensionturistica.com\/es\/wp-json\/wp\/v2\/tags?post=420642"}],"curies":[{"name":"wp","href":"https:\/\/api.w.org\/{rel}","templated":true}]}}