{"id":420586,"date":"2022-11-07T21:51:02","date_gmt":"2022-11-07T21:51:02","guid":{"rendered":"https:\/\/dimensionturistica.com\/es\/?p=420586"},"modified":"2022-11-07T21:51:02","modified_gmt":"2022-11-07T21:51:02","slug":"pactan-trabajo-coordinado-quintana-roo-y-consul-de-estados-unidos-en-el-marco-del-nuevo-acuerdo","status":"publish","type":"post","link":"https:\/\/dimensionturistica.com\/es\/pactan-trabajo-coordinado-quintana-roo-y-consul-de-estados-unidos-en-el-marco-del-nuevo-acuerdo\/","title":{"rendered":"Pactan trabajo coordinado Quintana Roo y C\u00f3nsul de Estados Unidos en el marco del Nuevo Acuerdo"},"content":{"rendered":"<p>La gobernadora del Estado, Mara Lezama se reuni\u00f3 con la C\u00f3nsul de Estados Unidos en M\u00e9rida, Dorothy Ngutter, con quien establecieron la cooperaci\u00f3n bilateral y trabajo en programas educativos, econ\u00f3micos, para la protecci\u00f3n al medio ambiente, la seguridad y la protecci\u00f3n de ciudadanos estadounidenses.<img decoding=\"async\" class=\"size-medium wp-image-420611 alignright\" src=\"https:\/\/dimensionturistica.com\/es\/wp-content\/uploads\/2022\/11\/QUINTA3-300x200.jpg\" alt=\"\" width=\"300\" height=\"200\" srcset=\"https:\/\/dimensionturistica.com\/es\/wp-content\/uploads\/2022\/11\/QUINTA3-300x200.jpg 300w, https:\/\/dimensionturistica.com\/es\/wp-content\/uploads\/2022\/11\/QUINTA3.jpg 700w\" sizes=\"(max-width: 300px) 100vw, 300px\" \/><br \/>\nEn un clima de cooperaci\u00f3n y calidez, Mara Lezama dio la bienvenida a la diplom\u00e1tica estadounidense, reiter\u00e1ndole que Quintana Roo es su casa, como lo es de millones de visitantes de ese pa\u00eds que a\u00f1o con a\u00f1o prefieren vacacionar en esta parte de la Pen\u00ednsula y llegan a Quintana Roo por la v\u00eda a\u00e9rea.<br \/>\n\u201cQuintana Roo es la casa de los turistas estadounidenses, como lo es de visitantes de todas partes del mundo y nuestros compatriotas que prefieren visitar las maravillas que hay en el estado\u201d, expres\u00f3.<br \/>\nLa gobernadora resalt\u00f3 que Quintana Roo es un destino que buscan los estadounidenses porque les garantiza seguridad, experiencia y atenci\u00f3n. Adem\u00e1s, es el motor de la econom\u00eda estatal, l\u00edder a nivel internacional, que en este nuevo gobierno busca un mejor \u00e1mbito de igualdad y un equilibrio entre crecimiento y bienestar de la comunidad.<br \/>\nMara Lezama y Dorothy Ngutter coincidieron en la importancia de mantener los lazos de alianza y coordinaci\u00f3n, lo que incluso permitir\u00e1 responder r\u00e1pido y en el mismo sentido ante cualquier situaci\u00f3n extraordinaria, como suelen ser las \u201cfakes news\u201d o notas que buscan desacreditar o afectar al destino mexicano.<br \/>\n\u201cQuintana Roo es un estado prioritario y Estados Unidos tiene disponibles sus planes y programas de<img decoding=\"async\" class=\"size-medium wp-image-420610 alignright\" src=\"https:\/\/dimensionturistica.com\/es\/wp-content\/uploads\/2022\/11\/QUINTA2-300x200.jpg\" alt=\"\" width=\"300\" height=\"200\" srcset=\"https:\/\/dimensionturistica.com\/es\/wp-content\/uploads\/2022\/11\/QUINTA2-300x200.jpg 300w, https:\/\/dimensionturistica.com\/es\/wp-content\/uploads\/2022\/11\/QUINTA2.jpg 700w\" sizes=\"(max-width: 300px) 100vw, 300px\" \/> desarrollo para esta zona\u201d, coment\u00f3 la diplom\u00e1tica.<br \/>\nAgreg\u00f3 que hay empresas estadounidenses como Amazon, entre otras, que tienen intenciones de invertir en territorio quintanarroense, esto a trav\u00e9s de la American Chamber of Commerce of Mexico (AmCham).<br \/>\nLa C\u00f3nsul manifest\u00f3 que por medio de la Agenda de los Estados Unidos para el Desarrollo Internacional (USAID) mantienen un apoyo de 30 millones de d\u00f3lares para el sur y sureste de M\u00e9xico, esquema conocido como \u201cSur de M\u00e9xico, Generando Empleos y Sostenibilidad\u201d (SURGES).<br \/>\nEn la reuni\u00f3n participaron tambi\u00e9n el secretario de Turismo, Bernardo Cueto Riestra, el jefe de Oficina de la Gobernadora, Artemio Santos y Rub\u00e9n Olmos, enlace entre Quintana Roo y el gobierno de Estados Unidos.<\/p>\n","protected":false},"excerpt":{"rendered":"<p>La gobernadora del Estado, Mara Lezama se reuni\u00f3 con la C\u00f3nsul de Estados Unidos en M\u00e9rida, Dorothy Ngutter, con quien establecieron la cooperaci\u00f3n bilateral y trabajo en programas educativos, econ\u00f3micos, para la protecci\u00f3n al medio ambiente, la seguridad y la protecci\u00f3n de ciudadanos estadounidenses. En un clima de cooperaci\u00f3n y calidez, Mara Lezama dio la [&hellip;]<\/p>\n","protected":false},"author":1,"featured_media":420609,"comment_status":"open","ping_status":"closed","sticky":false,"template":"","format":"standard","meta":{"om_disable_all_campaigns":false,"jnews-multi-image_gallery":[],"jnews_single_post":{"source_name":"","source_url":"","via_name":"","via_url":"","override_template":"0","override":[{"template":"1","single_blog_custom":"","parallax":"1","fullscreen":"1","layout":"right-sidebar","sidebar":"default-sidebar","second_sidebar":"default-sidebar","sticky_sidebar":"1","share_position":"top","share_float_style":"share-monocrhome","show_share_counter":"1","show_view_counter":"1","show_featured":"1","show_post_meta":"1","show_post_author":"1","show_post_author_image":"1","show_post_date":"1","post_date_format":"default","post_date_format_custom":"Y\/m\/d","show_post_category":"1","show_post_reading_time":"0","post_reading_time_wpm":"300","show_zoom_button":"0","zoom_button_out_step":"2","zoom_button_in_step":"3","show_post_tag":"1","show_prev_next_post":"1","show_popup_post":"1","number_popup_post":"1","show_author_box":"0","show_post_related":"0","show_inline_post_related":"0"}],"override_image_size":"0","image_override":[{"single_post_thumbnail_size":"crop-500","single_post_gallery_size":"crop-500"}],"trending_post":"0","trending_post_position":"meta","trending_post_label":"Trending","sponsored_post":"0","sponsored_post_label":"Sponsored by","sponsored_post_name":"","sponsored_post_url":"","sponsored_post_logo_enable":"0","sponsored_post_logo":"","sponsored_post_desc":"","disable_ad":"0"},"jnews_primary_category":{"id":"","hide":""},"jnews_social_meta":{"fb_title":"","fb_description":"","fb_image":"","twitter_title":"","twitter_description":"","twitter_image":""},"footnotes":""},"categories":[39],"tags":[],"class_list":["post-420586","post","type-post","status-publish","format-standard","has-post-thumbnail","hentry","category-viajes"],"_links":{"self":[{"href":"https:\/\/dimensionturistica.com\/es\/wp-json\/wp\/v2\/posts\/420586","targetHints":{"allow":["GET"]}}],"collection":[{"href":"https:\/\/dimensionturistica.com\/es\/wp-json\/wp\/v2\/posts"}],"about":[{"href":"https:\/\/dimensionturistica.com\/es\/wp-json\/wp\/v2\/types\/post"}],"author":[{"embeddable":true,"href":"https:\/\/dimensionturistica.com\/es\/wp-json\/wp\/v2\/users\/1"}],"replies":[{"embeddable":true,"href":"https:\/\/dimensionturistica.com\/es\/wp-json\/wp\/v2\/comments?post=420586"}],"version-history":[{"count":0,"href":"https:\/\/dimensionturistica.com\/es\/wp-json\/wp\/v2\/posts\/420586\/revisions"}],"wp:featuredmedia":[{"embeddable":true,"href":"https:\/\/dimensionturistica.com\/es\/wp-json\/wp\/v2\/media\/420609"}],"wp:attachment":[{"href":"https:\/\/dimensionturistica.com\/es\/wp-json\/wp\/v2\/media?parent=420586"}],"wp:term":[{"taxonomy":"category","embeddable":true,"href":"https:\/\/dimensionturistica.com\/es\/wp-json\/wp\/v2\/categories?post=420586"},{"taxonomy":"post_tag","embeddable":true,"href":"https:\/\/dimensionturistica.com\/es\/wp-json\/wp\/v2\/tags?post=420586"}],"curies":[{"name":"wp","href":"https:\/\/api.w.org\/{rel}","templated":true}]}}