{"id":420537,"date":"2022-11-07T19:37:33","date_gmt":"2022-11-07T19:37:33","guid":{"rendered":"https:\/\/dimensionturistica.com\/es\/?p=420537"},"modified":"2022-11-07T19:37:33","modified_gmt":"2022-11-07T19:37:33","slug":"participa-cuba-en-feria-de-viajes-world-travel-market","status":"publish","type":"post","link":"https:\/\/dimensionturistica.com\/es\/participa-cuba-en-feria-de-viajes-world-travel-market\/","title":{"rendered":"Participa Cuba en feria de viajes World Travel Market"},"content":{"rendered":"<p> <br \/>\n<\/p>\n<div id=\"\">\n\t\t\t\t\t\t\t\t&#13;<\/p>\n<p>\u00a0<\/p>\n<p>&#13;<\/p>\n<p><img decoding=\"async\" src=\"https:\/\/www.prensa-latina.cu\/wp-content\/uploads\/2022\/11\/londres-feria.jpg\" alt=\"\"\/><\/p>\n<p>&#13;<\/p>\n<p>La Habana, 7 nov (ACN) Cuba participa desde hoy en el la feria de viajes World Journey Market (WTM), en Londres, con la expectativa de negociar operaciones a\u00e9reas directas con turoperadores brit\u00e1nicos y europeos.<\/p>\n<p>&#13;<\/p>\n<p><a rel=\"nofollow noopener\" target=\"_blank\" href=\"https:\/\/twitter.com\/JuannCarlosGG\"><strong>Juan Carlos Garc\u00eda<\/strong><\/a>, ministro cubano de Turismo, encabeza la delegaci\u00f3n caribe\u00f1a integrada por representantes de las principales cadenas hoteleras, agencias de viaje y de la Oficina de Turismo de Cuba en el Reino Unido, inform\u00f3 la agencia Prensa Latina.<\/p>\n<p>&#13;<\/p>\n<p>Ya\u00edma Su\u00e1rez, vicepresidenta de mercadotecnia del grupo hotelero Cubanac\u00e1n, explic\u00f3 que la isla busca promover nuevas ofertas en Cayo Coco, otros destinos y, sobre todo, recuperar la ruta Londres-Holgu\u00edn.<\/p>\n<p>&#13;<\/p>\n<p>Las cadenas cubanas Gran Caribe, Gaviota, Cubana de Aviaci\u00f3n y grupos hoteleros radicados en Cuba como Roc Motels, Blue Diamond, Iberostar, Meli\u00e1, Muthu Motels, Barcel\u00f3, Archipelago Worldwide y Havanatour UK, tambi\u00e9n tienen presencia en el evento que se desarrolla en el centro de exhibiciones Excel.<\/p>\n<p>&#13;<\/p>\n<p>Este martes el certamen acoger\u00e1 una cumbre de titulares del Turismo, quienes debatir\u00e1n sobre las formas de impulsar el desarrollo del sector de una manera sostenible.<\/p>\n<p>&#13;<\/p>\n<p>La edici\u00f3n 43 del WTM se extender\u00e1 por tres d\u00edas de manera presencial, con la participaci\u00f3n de unos tres mil expositores de m\u00e1s de un centenar de pa\u00edses.<\/p>\n<\/p><\/div>\n<p><script async src=\"\/\/platform.twitter.com\/widgets.js\" charset=\"utf-8\"><\/script><br \/>\n<br \/><\/p>\n<p><em> &#8221; Fuentes news.google.com &#8221; <\/em><\/p>\n","protected":false},"excerpt":{"rendered":"<p>&#13; \u00a0 &#13; &#13; La Habana, 7 nov (ACN) Cuba participa desde hoy en el la feria de viajes World Journey Market (WTM), en Londres, con la expectativa de negociar operaciones a\u00e9reas directas con turoperadores brit\u00e1nicos y europeos. &#13; Juan Carlos Garc\u00eda, ministro cubano de Turismo, encabeza la delegaci\u00f3n caribe\u00f1a integrada por representantes de las [&hellip;]<\/p>\n","protected":false},"author":4,"featured_media":420538,"comment_status":"open","ping_status":"closed","sticky":false,"template":"","format":"standard","meta":{"om_disable_all_campaigns":false,"jnews-multi-image_gallery":[],"jnews_single_post":[],"jnews_primary_category":[],"jnews_social_meta":[],"footnotes":""},"categories":[40],"tags":[956,56702],"class_list":["post-420537","post","type-post","status-publish","format-standard","has-post-thumbnail","hentry","category-industria","tag-cuba","tag-participa-cuba-en-feria-de-viajes-world-travel-market"],"_links":{"self":[{"href":"https:\/\/dimensionturistica.com\/es\/wp-json\/wp\/v2\/posts\/420537","targetHints":{"allow":["GET"]}}],"collection":[{"href":"https:\/\/dimensionturistica.com\/es\/wp-json\/wp\/v2\/posts"}],"about":[{"href":"https:\/\/dimensionturistica.com\/es\/wp-json\/wp\/v2\/types\/post"}],"author":[{"embeddable":true,"href":"https:\/\/dimensionturistica.com\/es\/wp-json\/wp\/v2\/users\/4"}],"replies":[{"embeddable":true,"href":"https:\/\/dimensionturistica.com\/es\/wp-json\/wp\/v2\/comments?post=420537"}],"version-history":[{"count":0,"href":"https:\/\/dimensionturistica.com\/es\/wp-json\/wp\/v2\/posts\/420537\/revisions"}],"wp:featuredmedia":[{"embeddable":true,"href":"https:\/\/dimensionturistica.com\/es\/wp-json\/wp\/v2\/media\/420538"}],"wp:attachment":[{"href":"https:\/\/dimensionturistica.com\/es\/wp-json\/wp\/v2\/media?parent=420537"}],"wp:term":[{"taxonomy":"category","embeddable":true,"href":"https:\/\/dimensionturistica.com\/es\/wp-json\/wp\/v2\/categories?post=420537"},{"taxonomy":"post_tag","embeddable":true,"href":"https:\/\/dimensionturistica.com\/es\/wp-json\/wp\/v2\/tags?post=420537"}],"curies":[{"name":"wp","href":"https:\/\/api.w.org\/{rel}","templated":true}]}}