{"id":420406,"date":"2022-11-07T15:58:14","date_gmt":"2022-11-07T15:58:14","guid":{"rendered":"https:\/\/dimensionturistica.com\/es\/?p=420406"},"modified":"2022-11-07T15:58:14","modified_gmt":"2022-11-07T15:58:14","slug":"los-destinos-mas-populares-para-los-viajeros-espanoles-en-2022","status":"publish","type":"post","link":"https:\/\/dimensionturistica.com\/es\/los-destinos-mas-populares-para-los-viajeros-espanoles-en-2022\/","title":{"rendered":"Los destinos m\u00e1s populares para los viajeros espa\u00f1oles en 2022"},"content":{"rendered":"<p> <br \/>\n<\/p>\n<div id=\"article-sumary\">\n<div class=\"article-txt ad-mobile-top\">\n<p>Las tendencias de viaje de la period postcoronavirus son el eje vertebrador del \u00faltimo estudio de eDreams ODIGEO, con el que se han analizado los destinos m\u00e1s reservados tanto a nivel international como de algunos pa\u00edses en concreto, entre los que destaca Espa\u00f1a.\u00a0Seg\u00fan el informe, un 40% de los clientes espa\u00f1oles ha viajado con vuelos dom\u00e9sticos, un 51% a destinos continentales y solo el 9% lo ha hecho con vuelos internacionales. El rating international de clientes de todo el mundo\u00a0muestra una realidad un tanto diferente, ya que los vuelos internacionales alcanzan el 21%, los continentales un 54% y los nacionales un 26%.<\/p>\n<p>eDreams ODIGEO ofrece una visi\u00f3n common de la mentalidad viajera de sus clientes con el analsis de<strong>\u00a0las reservas realizadas por los espa\u00f1oles entre el 1 de enero y el 31 de octubre de 2022, con fechas de viaje que van hasta el 31 de diciembre.\u00a0<\/strong>Los destinos nacionales siguen siendo los m\u00e1s populares, con Barcelona, Madrid,\u00a0Palma de Mallorca, Ibiza y Sevilla en el High 10, seguidos de Italia con Roma y Mil\u00e1n y las europeas Bruselas, Londres y Par\u00eds.\u00a0<\/p>\n<\/div>\n<\/div>\n\n<p><em> &#8221; Fuentes news.google.com &#8221; <\/em><\/p>\n","protected":false},"excerpt":{"rendered":"<p>Las tendencias de viaje de la period postcoronavirus son el eje vertebrador del \u00faltimo estudio de eDreams ODIGEO, con el que se han analizado los destinos m\u00e1s reservados tanto a nivel international como de algunos pa\u00edses en concreto, entre los que destaca Espa\u00f1a.\u00a0Seg\u00fan el informe, un 40% de los clientes espa\u00f1oles ha viajado con vuelos [&hellip;]<\/p>\n","protected":false},"author":4,"featured_media":420407,"comment_status":"open","ping_status":"closed","sticky":false,"template":"","format":"standard","meta":{"om_disable_all_campaigns":false,"jnews-multi-image_gallery":[],"jnews_single_post":[],"jnews_primary_category":[],"jnews_social_meta":[],"footnotes":""},"categories":[39],"tags":[47258,47257],"class_list":["post-420406","post","type-post","status-publish","format-standard","has-post-thumbnail","hentry","category-viajes","tag-cargado-desde-el-fichero-de-recursos","tag-keywords-por-defecto"],"_links":{"self":[{"href":"https:\/\/dimensionturistica.com\/es\/wp-json\/wp\/v2\/posts\/420406","targetHints":{"allow":["GET"]}}],"collection":[{"href":"https:\/\/dimensionturistica.com\/es\/wp-json\/wp\/v2\/posts"}],"about":[{"href":"https:\/\/dimensionturistica.com\/es\/wp-json\/wp\/v2\/types\/post"}],"author":[{"embeddable":true,"href":"https:\/\/dimensionturistica.com\/es\/wp-json\/wp\/v2\/users\/4"}],"replies":[{"embeddable":true,"href":"https:\/\/dimensionturistica.com\/es\/wp-json\/wp\/v2\/comments?post=420406"}],"version-history":[{"count":0,"href":"https:\/\/dimensionturistica.com\/es\/wp-json\/wp\/v2\/posts\/420406\/revisions"}],"wp:featuredmedia":[{"embeddable":true,"href":"https:\/\/dimensionturistica.com\/es\/wp-json\/wp\/v2\/media\/420407"}],"wp:attachment":[{"href":"https:\/\/dimensionturistica.com\/es\/wp-json\/wp\/v2\/media?parent=420406"}],"wp:term":[{"taxonomy":"category","embeddable":true,"href":"https:\/\/dimensionturistica.com\/es\/wp-json\/wp\/v2\/categories?post=420406"},{"taxonomy":"post_tag","embeddable":true,"href":"https:\/\/dimensionturistica.com\/es\/wp-json\/wp\/v2\/tags?post=420406"}],"curies":[{"name":"wp","href":"https:\/\/api.w.org\/{rel}","templated":true}]}}