{"id":420220,"date":"2022-11-07T10:54:02","date_gmt":"2022-11-07T10:54:02","guid":{"rendered":"https:\/\/dimensionturistica.com\/es\/?p=420220"},"modified":"2022-11-07T10:54:02","modified_gmt":"2022-11-07T10:54:02","slug":"en-moto-por-ebasque-la-primera-ruta-para-vehiculos-electricos-de-espana","status":"publish","type":"post","link":"https:\/\/dimensionturistica.com\/es\/en-moto-por-ebasque-la-primera-ruta-para-vehiculos-electricos-de-espana\/","title":{"rendered":"En moto por eBasque, la primera ruta para veh\u00edculos el\u00e9ctricos de Espa\u00f1a"},"content":{"rendered":"<p> <br \/>\n<\/p>\n<div id=\"article-sumary\">\n<div class=\"article-txt ad-mobile-top\">\n<p>Viajar en moto es un placer. Pocas experiencias son capaces de transmitir tanto, de disfrutar del viaje de una forma tan intensa, de sentir c\u00f3mo cala esa sensaci\u00f3n adictiva de libertad. Como la vida misma, el mundo de la moto tambi\u00e9n evoluciona,<strong> evoluciona hacia una movilidad m\u00e1s sostenible y cuidadosa con el medio ambiente con las motos el\u00e9ctricas como protagonistas. <\/strong>La mejora de la autonom\u00eda de estos veh\u00edculos y el paulatino crecimiento de la pink de recarga ha hecho que viajar en una moto el\u00e9ctrica deje de ser una utop\u00eda para convertirse en realidad. El a\u00f1o pasado ya lo dej\u00f3 patente <a rel=\"nofollow noopener\" target=\"_blank\" href=\"https:\/\/viajes.nationalgeographic.com.es\/lifestyle\/alicia-sornosa-por-mi-experiencia-diria-que-mujeres-estamos-mas-preparadas-para-viajar-que-hombres_17105\">Alicia Sornosa al irse de Madrid a Suiza con una Zero SR\/F, <\/a>una moto 100% el\u00e9ctrica, y realizar parte de la <a rel=\"nofollow noopener\" target=\"_blank\" href=\"https:\/\/viajes.nationalgeographic.com.es\/lifestyle\/puertos-para-coches-electricos-suiza_14174\">eGran Ruta, <\/a>la ruta para descubrir Suiza en veh\u00edculo el\u00e9ctrico. Esta vez cambian los protagonistas y el escenario, pero la premisa es la misma: <strong>viajar en moto el\u00e9ctrica s\u00ed se puede.<\/strong><\/p>\n<p>No hace falta irse a Suiza para disfrutar de una ruta pensada para los veh\u00edculos el\u00e9ctricos. Ni tal solo se tiene que cruzar la frontera, bastar\u00e1 con dirigirse al norte, m\u00e1s concretamente al Pa\u00eds Vasco. All\u00ed han estrenado<strong> <a rel=\"nofollow noopener\" target=\"_blank\" href=\"https:\/\/www.thebasqueroute.eus\/es\/the-e-basque-route\">la e-Basque Route<\/a>, la primera ruta tur\u00edstica a nivel nacional pensada para los veh\u00edculos el\u00e9ctricos y con toda una serie de puntos de recarga el\u00e9ctrica <\/strong>para recorrer Euskadi a lo largo de los 950 kil\u00f3metros que dan forma a la ruta. Ocho son los tramos dise\u00f1ados pero no hace falta hacerlos todos, se puede hacer por etapas y seg\u00fan las preferencias de cada uno. En este caso se cubrieron los tres primeros, a saber, de Bilbao a Lekeitio, de Lekeitio a Zarautz y de Zarautz a San Sebasti\u00e1n, aunque la e-Basque Route sigue hacia Vitoria, Ordu\u00f1a\u2026<\/p>\n<\/div>\n<\/div>\n<div id=\"article-text\">\n<div class=\"txt\">\n<aside class=\"subscription-highlighted\">\n<div class=\"subscription-container\">\n<div class=\"non-subscribed\">\n<p class=\"description\">Somos de rutas, no de rutinas. Descubre Viajes Nationwide Geographic<\/p>\n<p><a rel=\"nofollow noopener\" target=\"_blank\" href=\"https:\/\/tienda.rba.es\/revistas\/viajes-national-geographic?rba_source=viajes.nationalgeographic.com.es&amp;rba_medium=referral&amp;rba_campaign=NGMV&amp;rba_content=frase-articulo\" class=\"more-link\">SABER M\u00c1S<\/a><\/div>\n<\/div>\n<\/aside>\n<p style=\"display: none;\"><img decoding=\"async\" id=\"ctl01_ctl00_phMain_phMain_ctl00_ctl02_ctl17_ctl01_imgContent\" src=\"https:\/\/news.google.com\/medio\/2022\/11\/07\/zero-ebasque-route-2022-fernandez-20_9b9c9e7b_800x800.jpg\" alt=\"Zero eBasque Route 2022 Ferna\u0301ndez 20\" style=\"border-width:0px;\"\/><\/p>\n<aside class=\"add300x250 publi-interior-top ad-container-r1 ad-inline\"\/>\n<h2>Planificaci\u00f3n<\/h2>\n<p>La diferencia entre viajar con una moto con motor a explosi\u00f3n o con una el\u00e9ctrica es que esta \u00faltima requiere m\u00e1s planificaci\u00f3n. <strong>Con una moto el\u00e9ctrica se debe tener en cuenta la autonom\u00eda, los puntos de recarga en ruta y los tiempos de carga.<\/strong> Existen diferentes aplicaciones para conocer la ubicaci\u00f3n de los puntos de recarga, el tipo, la potencia e incluso dependiendo del proveedor se puede reservar. A partir de aqu\u00ed es sencillo; incluso algunos calculan la mejor ruta en funci\u00f3n del modelo del coche o de la moto.<\/p>\n<p>Sobre un escenario como <strong>la e-Basque Route, motos como las Zero SR\/S y SR\/F ofrecen una autonom\u00eda por carretera de entre 160 y 190 kil\u00f3metros, <\/strong>recorrido que no se realiza del tir\u00f3n por lo viradas de sus carreteras de manera que cuando se detiene a hacer una visita tur\u00edstica o a comer se puede aprovechar para recargar. En este sentido un cargador r\u00e1pido permite cargar el 100% de la bater\u00eda en una hora pero si se tiene en cuenta que nunca se llega con la bater\u00eda a cero, el tiempo se scale back.<\/p>\n<figure class=\"thumb zoom\"><img loading=\"lazy\" decoding=\"async\" sizes=\"auto, 100vw\" srcset=\"https:\/\/news.google.com\/medio\/2022\/11\/07\/moto-electrica_e535bd13_720x480.jpg 720w,https:\/\/news.google.com\/medio\/2022\/11\/07\/moto-electrica_271f7ff8_1200x800.jpg 1200w\" src=\"https:\/\/news.google.com\/medio\/2022\/11\/07\/moto-electrica_271f7ff8_1200x800.jpg\" alt=\"Moto el\u00e9ctrica\" class=\"lazyload\" width=\"1200\" height=\"800\" data-aspectratio=\"1200\/800\"\/><noscript><img decoding=\"async\" src=\"https:\/\/news.google.com\/medio\/2022\/11\/07\/moto-electrica_271f7ff8_1200x800.jpg\" alt=\"Moto el\u00e9ctrica\"\/><\/noscript><\/p>\n<p>&#13;<figcaption class=\"by\">&#13;Foto: iStock<\/figcaption>&#13;<\/p>\n<\/figure>\n<p>Las etapas de esta ruta por Pa\u00eds Vasco son de unos 100 kil\u00f3metros y se invierte unas tres horas en recorrer cada una. Si se suma el tiempo de las paradas para visitar los puntos de inter\u00e9s y la comida se llega tranquilamente al resort a media tarde con las bater\u00edas de las Zero a un 40% de su capacidad. Ser\u00e1 el momento de poner a cargar y que est\u00e9n listas para la siguiente jornada. Porque la propia e-Basque Route cuenta con un listado de hoteles con puntos de recarga para poder planificar la ruta.<\/p>\n<p>La otra gran diferencia de viajar en una moto el\u00e9ctrica es la experiencia en s\u00ed: <strong>sin ruido del motor y sin calor del motor. <\/strong>Adem\u00e1s, las Zero no tienen cambio de marchas de manera que bastar\u00e1 con acelerar y frenar para llevarlas. La facilidad de conducci\u00f3n va a permitir al conductor no estar tan pendiente del cambio de marchas y disfrutar m\u00e1s del paisaje y del entorno. En este sentido, estas motos cuentan con carga regenerativa, es decir, que cuando se \u2018corta gas\u2019 carga la bater\u00eda a la vez que hace de freno motor. De la misma manera disponen de diferentes modos de conducci\u00f3n para adaptar el dinamismo de la moto a la situaci\u00f3n en t\u00e9rminos de potencia, velocidad m\u00e1xima, management de tracci\u00f3n y otros par\u00e1metros.<\/p>\n<h2>La eRuta<\/h2>\n<h3>De Bilbao a Lekeitio<\/h3>\n<p>La primera etapa, de 111 kms, <strong>arranca en Bilbao hacia Getxo pasando junto al Puente de Bizkaia y bordeando la costa por localidades como Sopelana<\/strong> donde cuentan los lugare\u00f1os que se puede disfrutar de unas mejores puestas de sol del Pa\u00eds Vasco. La parada en <a rel=\"nofollow noopener\" target=\"_blank\" href=\"https:\/\/viajes.nationalgeographic.com.es\/a\/diez-curiosidades-sobre-san-juan-gaztelugatxe_15562\">San Juan de Gaztelugatxe<\/a> es obligatoria, aunque sea para hacer la foto desde el mirador de su iglesia y de la escalita que populariz\u00f3 la serie televisiva <em>Juego de Tronos<\/em>. Siguiendo por <strong>Barrika<\/strong> pasa por <strong>Bakio, Bermeo y Mundaka.<\/strong> Tanto parar en Bermeo para pasear por su puerto como detenerse en Mundaka para respirar su ambiente surfero resulta m\u00e1s que recomendable, al igual que visitar la Casa de Juntas de Guernika y conocer parte de su historia. Las carreteras de <strong>Urdaibai,<\/strong> Reserva de la Biosfera, animan la ruta mientras que la bella localidad de <strong>Lekeitio<\/strong> marca el punto y ultimate de la primera etapa donde el resort Silken es la referencia obligada del lugar para poder recargar las bater\u00edas de las motos.<\/p>\n<figure class=\"thumb zoom\"><img loading=\"lazy\" decoding=\"async\" sizes=\"auto, 100vw\" srcset=\"https:\/\/news.google.com\/medio\/2022\/11\/07\/zero-ebasque-route-2022-fernandez-20_a1f50a9e_720x479.jpg 720w,https:\/\/news.google.com\/medio\/2022\/11\/07\/zero-ebasque-route-2022-fernandez-20_9236efab_1200x799.jpg 1200w\" src=\"https:\/\/news.google.com\/medio\/2022\/11\/07\/zero-ebasque-route-2022-fernandez-20_9236efab_1200x799.jpg\" alt=\"Zero eBasque Route 2022 Ferna\u0301ndez 20\" class=\"lazyload\" width=\"1200\" height=\"799\" data-aspectratio=\"1200\/799\"\/><noscript><img decoding=\"async\" src=\"https:\/\/news.google.com\/medio\/2022\/11\/07\/zero-ebasque-route-2022-fernandez-20_9236efab_1200x799.jpg\" alt=\"Zero eBasque Route 2022 Ferna\u0301ndez 20\"\/><\/noscript><\/p>\n<p>&#13;<figcaption class=\"by\">&#13;Foto: Fern\u00e1ndez<\/figcaption>&#13;<\/p>\n<\/figure>\n<h3>De Lekeitio a Zumaia<\/h3>\n<p>Ver como los primeros rayos del sol ba\u00f1an la Isla de Garraitz en Lekeitio es la mejor manera de encarar la segunda etapa de la e-Basque Route. Con las motos cargadas durante la noche, <strong>Ondarroa y Mutriku<\/strong> son los primeros puntos de paso. De camino no deja de sorprender la facilidad de conducci\u00f3n de las Zero a pesar de sus altas prestaciones. Pero lo que m\u00e1s sorprende es el silencio solo roto por el zumbido del motor el\u00e9ctrico al acerar con decisi\u00f3n.<\/p>\n<p>Pueblos pesqueros como Mutriku y <strong>Deba<\/strong> tienen mucho encanto, al igual que <strong>Azpeitia<\/strong> donde la visita al Santuario de Loiola no defrauda. Construido alrededor de la casa natal de Ignacio de Loyola, el fundador de la Compa\u00f1\u00eda de Jes\u00fas conocida como los Jesuitas, emerge como un complejo monumental y religioso digno de visitar. Igual de interesante, o m\u00e1s, es acercarse al <strong>Flysch de Zumaia<\/strong> y darse un paseo para admirar este fen\u00f3meno pure del Geoparque de la Costa Vasca, una formaci\u00f3n geol\u00f3gica que permite estudiar la formaci\u00f3n del planeta.<\/p>\n<p>Tras el paseo, la ruta inicial de la e-Basque Route deber\u00eda seguir hacia<strong> Guetaria y Zarautz<\/strong> pero en este caso el recorrido finaliz\u00f3 en la propia Zumaia, m\u00e1s concretamente en Jesuskoa, una casa rural construida el siglo XVII, y que cuenta con seis puntos de carga r\u00e1pida, dos Tesla y cuatro Porsche; el para\u00edso del veh\u00edculo el\u00e9ctrico, por no hablar de su apreciada gastronom\u00eda.<\/p>\n<figure class=\"thumb zoom\"><img loading=\"lazy\" decoding=\"async\" sizes=\"auto, 100vw\" srcset=\"https:\/\/news.google.com\/medio\/2022\/11\/07\/zero-ebasque-route-2022-fernandez-55_661e7a22_720x479.jpg 720w,https:\/\/news.google.com\/medio\/2022\/11\/07\/zero-ebasque-route-2022-fernandez-55_ce2ffeb0_1200x799.jpg 1200w\" src=\"https:\/\/news.google.com\/medio\/2022\/11\/07\/zero-ebasque-route-2022-fernandez-55_ce2ffeb0_1200x799.jpg\" alt=\"Zero eBasque Route 2022 Ferna\u0301ndez 55\" class=\"lazyload\" width=\"1200\" height=\"799\" data-aspectratio=\"1200\/799\"\/><noscript><img decoding=\"async\" src=\"https:\/\/news.google.com\/medio\/2022\/11\/07\/zero-ebasque-route-2022-fernandez-55_ce2ffeb0_1200x799.jpg\" alt=\"Zero eBasque Route 2022 Ferna\u0301ndez 55\"\/><\/noscript><\/p>\n<p>&#13;<figcaption class=\"by\">&#13;Foto: Fern\u00e1ndez<\/figcaption>&#13;<\/p>\n<\/figure>\n<h3>De Zumaia a San Sebasti\u00e1n<\/h3>\n<p>Con el silencio de las motos el\u00e9ctrica como compa\u00f1ero de viaje, el recorrido de esta ecoruta sigue pasando por las emblem\u00e1ticas Guetaria y Zarautz, tierra de txakol\u00ed y de grandes cocineros como Karlos Argui\u00f1ano, en cuya cafeter\u00eda lo mismo se puede desayunar que comprar el pan o boller\u00eda &#8220;rica, rica&#8221;. La subida al <strong>monte Jaizkibel,<\/strong> escenario de carreras de monta\u00f1a y eventos como el Wheels &amp; Waves, es un regalo al manillar de una Zero con la que hilvanar una curva tras otra y disfrutar del paisaje. Round por <strong>Hondarribia<\/strong> y regresar por <strong>Pasaia<\/strong> es el preludio para finalizar este tercer d\u00eda en <strong>San Sebasti\u00e1n.<\/strong> Pero los intr\u00e9pidos viajeros al manillar de sus motos el\u00e9ctricas no se quieren ir de Pa\u00eds Vasco sin visitar una bodega de txakol\u00ed. As\u00ed es como acaban haciendo una cata de en Hiruzta Bodega en Hondarribia y despiden la ruta con un men\u00fa gastron\u00f3mico al lado, en el Asador Sutan. Porque viajar en moto es un placer, como la gastronom\u00eda del Pa\u00eds Vasco, m\u00e1s cuando ya despu\u00e9s no tienes que conducir.<\/p>\n<aside class=\"add300x600 publi-interior-bot ad-inline ad-container-r2\"\/><\/div>\n<p><!-- START: tags-rel  --><!-- END: tags-rel   --><br \/>\n<!-- START:toolbar --><!-- END:toolbar --><\/div>\n\n<p><em> &#8221; Fuentes news.google.com &#8221; <\/em><\/p>\n","protected":false},"excerpt":{"rendered":"<p>Viajar en moto es un placer. Pocas experiencias son capaces de transmitir tanto, de disfrutar del viaje de una forma tan intensa, de sentir c\u00f3mo cala esa sensaci\u00f3n adictiva de libertad. Como la vida misma, el mundo de la moto tambi\u00e9n evoluciona, evoluciona hacia una movilidad m\u00e1s sostenible y cuidadosa con el medio ambiente con [&hellip;]<\/p>\n","protected":false},"author":4,"featured_media":420221,"comment_status":"open","ping_status":"closed","sticky":false,"template":"","format":"standard","meta":{"om_disable_all_campaigns":false,"jnews-multi-image_gallery":[],"jnews_single_post":[],"jnews_primary_category":[],"jnews_social_meta":[],"footnotes":""},"categories":[39],"tags":[47258,47257],"class_list":["post-420220","post","type-post","status-publish","format-standard","has-post-thumbnail","hentry","category-viajes","tag-cargado-desde-el-fichero-de-recursos","tag-keywords-por-defecto"],"_links":{"self":[{"href":"https:\/\/dimensionturistica.com\/es\/wp-json\/wp\/v2\/posts\/420220","targetHints":{"allow":["GET"]}}],"collection":[{"href":"https:\/\/dimensionturistica.com\/es\/wp-json\/wp\/v2\/posts"}],"about":[{"href":"https:\/\/dimensionturistica.com\/es\/wp-json\/wp\/v2\/types\/post"}],"author":[{"embeddable":true,"href":"https:\/\/dimensionturistica.com\/es\/wp-json\/wp\/v2\/users\/4"}],"replies":[{"embeddable":true,"href":"https:\/\/dimensionturistica.com\/es\/wp-json\/wp\/v2\/comments?post=420220"}],"version-history":[{"count":0,"href":"https:\/\/dimensionturistica.com\/es\/wp-json\/wp\/v2\/posts\/420220\/revisions"}],"wp:featuredmedia":[{"embeddable":true,"href":"https:\/\/dimensionturistica.com\/es\/wp-json\/wp\/v2\/media\/420221"}],"wp:attachment":[{"href":"https:\/\/dimensionturistica.com\/es\/wp-json\/wp\/v2\/media?parent=420220"}],"wp:term":[{"taxonomy":"category","embeddable":true,"href":"https:\/\/dimensionturistica.com\/es\/wp-json\/wp\/v2\/categories?post=420220"},{"taxonomy":"post_tag","embeddable":true,"href":"https:\/\/dimensionturistica.com\/es\/wp-json\/wp\/v2\/tags?post=420220"}],"curies":[{"name":"wp","href":"https:\/\/api.w.org\/{rel}","templated":true}]}}