{"id":420204,"date":"2022-11-07T10:32:57","date_gmt":"2022-11-07T10:32:57","guid":{"rendered":"https:\/\/dimensionturistica.com\/es\/?p=420204"},"modified":"2022-11-07T10:32:58","modified_gmt":"2022-11-07T10:32:58","slug":"un-viaje-a-traves-de-sus-parques-naturales-imprescindibles","status":"publish","type":"post","link":"https:\/\/dimensionturistica.com\/es\/un-viaje-a-traves-de-sus-parques-naturales-imprescindibles\/","title":{"rendered":"un viaje a trav\u00e9s de sus parques naturales imprescindibles"},"content":{"rendered":"<p> <br \/>\n<\/p>\n<div>\n<p class=\"date\"> <time itemprop=\"dateModified\" datetime=\"2022-11-07T11:15:00+01:00\" data-timestamp=\"1667819700\">&#13;07 de noviembre de 2022 \u00b7 11:15<\/time>&#13;<\/p>\n<\/div>\n<div id=\"article-sumary\">\n<div class=\"article-txt ad-mobile-top\">\n<p>Rodeada de <strong>Parques Naturales<\/strong> y <strong>Reservas de la Biosfera<\/strong>, la <a rel=\"nofollow noopener\" target=\"_blank\" href=\"https:\/\/cordobaturismo.es\/\">provincia de <strong>C\u00f3rdoba<\/strong><\/a> es el perfecto sin\u00f3nimo de naturaleza. Aqu\u00ed las v\u00edas verdes, los senderos y las rutas para realizar a lo largo y ancho de esta zona se convierten en el atractivo perfecto de todos aquellos amantes de las aventuras al aire libre. Sin olvidarse de la parte cultural, ornitol\u00f3gica y rural. C\u00f3rdoba lo tiene todo dentro de su entorno pure.<\/p>\n<\/div>\n<\/div>\n\n<p><em> &#8221; Fuentes news.google.com &#8221; <\/em><\/p>\n","protected":false},"excerpt":{"rendered":"<p>&#13;07 de noviembre de 2022 \u00b7 11:15&#13; Rodeada de Parques Naturales y Reservas de la Biosfera, la provincia de C\u00f3rdoba es el perfecto sin\u00f3nimo de naturaleza. Aqu\u00ed las v\u00edas verdes, los senderos y las rutas para realizar a lo largo y ancho de esta zona se convierten en el atractivo perfecto de todos aquellos amantes [&hellip;]<\/p>\n","protected":false},"author":4,"featured_media":420205,"comment_status":"open","ping_status":"closed","sticky":false,"template":"","format":"standard","meta":{"om_disable_all_campaigns":false,"jnews-multi-image_gallery":[],"jnews_single_post":[],"jnews_primary_category":[],"jnews_social_meta":[],"footnotes":""},"categories":[39],"tags":[47258,47257],"class_list":["post-420204","post","type-post","status-publish","format-standard","has-post-thumbnail","hentry","category-viajes","tag-cargado-desde-el-fichero-de-recursos","tag-keywords-por-defecto"],"_links":{"self":[{"href":"https:\/\/dimensionturistica.com\/es\/wp-json\/wp\/v2\/posts\/420204","targetHints":{"allow":["GET"]}}],"collection":[{"href":"https:\/\/dimensionturistica.com\/es\/wp-json\/wp\/v2\/posts"}],"about":[{"href":"https:\/\/dimensionturistica.com\/es\/wp-json\/wp\/v2\/types\/post"}],"author":[{"embeddable":true,"href":"https:\/\/dimensionturistica.com\/es\/wp-json\/wp\/v2\/users\/4"}],"replies":[{"embeddable":true,"href":"https:\/\/dimensionturistica.com\/es\/wp-json\/wp\/v2\/comments?post=420204"}],"version-history":[{"count":0,"href":"https:\/\/dimensionturistica.com\/es\/wp-json\/wp\/v2\/posts\/420204\/revisions"}],"wp:featuredmedia":[{"embeddable":true,"href":"https:\/\/dimensionturistica.com\/es\/wp-json\/wp\/v2\/media\/420205"}],"wp:attachment":[{"href":"https:\/\/dimensionturistica.com\/es\/wp-json\/wp\/v2\/media?parent=420204"}],"wp:term":[{"taxonomy":"category","embeddable":true,"href":"https:\/\/dimensionturistica.com\/es\/wp-json\/wp\/v2\/categories?post=420204"},{"taxonomy":"post_tag","embeddable":true,"href":"https:\/\/dimensionturistica.com\/es\/wp-json\/wp\/v2\/tags?post=420204"}],"curies":[{"name":"wp","href":"https:\/\/api.w.org\/{rel}","templated":true}]}}