{"id":420190,"date":"2022-11-07T10:16:40","date_gmt":"2022-11-07T10:16:40","guid":{"rendered":"https:\/\/dimensionturistica.com\/es\/?p=420190"},"modified":"2022-11-07T10:16:40","modified_gmt":"2022-11-07T10:16:40","slug":"6-descuento-en-maldivas-la-nueva-campana-de-tui-para-impulsar-las-ventas-en-2023","status":"publish","type":"post","link":"https:\/\/dimensionturistica.com\/es\/6-descuento-en-maldivas-la-nueva-campana-de-tui-para-impulsar-las-ventas-en-2023\/","title":{"rendered":"6% descuento en Maldivas, la nueva campa\u00f1a de TUI para impulsar las ventas en 2023"},"content":{"rendered":"<p> <br \/>\n<\/p>\n<div>\n<p>Maldivas, el archipi\u00e9lago insular del oc\u00e9ano \u00cdndico m\u00e1s paradisiaco del planeta, suele recibir m\u00e1s de 1,7 millones de visitantes al a\u00f1o. TUI apuesta con fuerza por el destino y quiere colaborar con el incremento de la demanda. Por este motivo, acaba de lanzar una campa\u00f1a con un 6 % de descuento para las reservas realizadas en es.tui.com, y tambi\u00e9n a trav\u00e9s del departamento de Reserving de la mayorista, en toda la programaci\u00f3n del bolet\u00edn digital de ofertas especial: \u201cQuincena Maldivas 2023\u201d.<\/p>\n<p>La promoci\u00f3n est\u00e1 activa desde hoy, 7 de noviembre, y hasta el 31 del mismo mes, ambos inclusive. Por su parte, el per\u00edodo disponible para viajar est\u00e1 abierto durante 2023.<\/p>\n<div class=\"wysiwyg-photo\"><img decoding=\"async\" src=\"https:\/\/static.hosteltur.com\/app\/public\/uploads\/img\/releases\/2022\/11\/07\/L_103916_tui-quincena-maldivas.jpg\" alt=\"Imagen nota de prensa Hosteltur\" width=\"1042\" height=\"1313\"\/><\/div>\n<p>La campa\u00f1a es v\u00e1lida para cualquier resort de los paquetes de estancia en Maldivas de TUI. Gran variedad de alojamientos adaptados a todo tipo de p\u00fablicos.<\/p>\n<p>Entre las principales condiciones de esta acci\u00f3n destacan que la promoci\u00f3n no es acumulable a ninguna otra oferta y\/o campa\u00f1a. Tampoco es aplicable para grupos.<\/p>\n<p><strong>Las mejores playas del mundo repartidas en m\u00e1s de 1.200 islas y atolones.<\/strong><\/p>\n<p>Aguas claras, cristalinas, shade azul cian. Enviornment fina, suave, que resbala por la piel con sutilidad. Exclusividad y privacidad en todos los rincones. Adem\u00e1s, cuenta con algunos de los mejores enclaves de buceo del panorama mundial. Hay miles de razones para viajar a Maldivas.<\/p>\n<\/p><\/div>\n\n<p><em> &#8221; Fuentes news.google.com &#8221; <\/em><\/p>\n","protected":false},"excerpt":{"rendered":"<p>Maldivas, el archipi\u00e9lago insular del oc\u00e9ano \u00cdndico m\u00e1s paradisiaco del planeta, suele recibir m\u00e1s de 1,7 millones de visitantes al a\u00f1o. TUI apuesta con fuerza por el destino y quiere colaborar con el incremento de la demanda. Por este motivo, acaba de lanzar una campa\u00f1a con un 6 % de descuento para las reservas realizadas [&hellip;]<\/p>\n","protected":false},"author":4,"featured_media":420191,"comment_status":"open","ping_status":"closed","sticky":false,"template":"","format":"standard","meta":{"om_disable_all_campaigns":false,"jnews-multi-image_gallery":[],"jnews_single_post":[],"jnews_primary_category":[],"jnews_social_meta":[],"footnotes":""},"categories":[39],"tags":[572],"class_list":["post-420190","post","type-post","status-publish","format-standard","has-post-thumbnail","hentry","category-viajes","tag-distribucion"],"_links":{"self":[{"href":"https:\/\/dimensionturistica.com\/es\/wp-json\/wp\/v2\/posts\/420190","targetHints":{"allow":["GET"]}}],"collection":[{"href":"https:\/\/dimensionturistica.com\/es\/wp-json\/wp\/v2\/posts"}],"about":[{"href":"https:\/\/dimensionturistica.com\/es\/wp-json\/wp\/v2\/types\/post"}],"author":[{"embeddable":true,"href":"https:\/\/dimensionturistica.com\/es\/wp-json\/wp\/v2\/users\/4"}],"replies":[{"embeddable":true,"href":"https:\/\/dimensionturistica.com\/es\/wp-json\/wp\/v2\/comments?post=420190"}],"version-history":[{"count":0,"href":"https:\/\/dimensionturistica.com\/es\/wp-json\/wp\/v2\/posts\/420190\/revisions"}],"wp:featuredmedia":[{"embeddable":true,"href":"https:\/\/dimensionturistica.com\/es\/wp-json\/wp\/v2\/media\/420191"}],"wp:attachment":[{"href":"https:\/\/dimensionturistica.com\/es\/wp-json\/wp\/v2\/media?parent=420190"}],"wp:term":[{"taxonomy":"category","embeddable":true,"href":"https:\/\/dimensionturistica.com\/es\/wp-json\/wp\/v2\/categories?post=420190"},{"taxonomy":"post_tag","embeddable":true,"href":"https:\/\/dimensionturistica.com\/es\/wp-json\/wp\/v2\/tags?post=420190"}],"curies":[{"name":"wp","href":"https:\/\/api.w.org\/{rel}","templated":true}]}}