{"id":420033,"date":"2022-11-06T23:30:24","date_gmt":"2022-11-06T23:30:24","guid":{"rendered":"https:\/\/dimensionturistica.com\/es\/?p=420033"},"modified":"2022-11-06T23:30:24","modified_gmt":"2022-11-06T23:30:24","slug":"imserso-destinos-culturales-y-de-naturaleza-cada-vez-mas-demandados","status":"publish","type":"post","link":"https:\/\/dimensionturistica.com\/es\/imserso-destinos-culturales-y-de-naturaleza-cada-vez-mas-demandados\/","title":{"rendered":"Imserso: destinos culturales y de naturaleza, cada vez m\u00e1s demandados"},"content":{"rendered":"<p> <br \/>\n<\/p>\n<div>\n<p>Los <a rel=\"nofollow noopener\" target=\"_blank\" href=\"https:\/\/www.hosteltur.com\/tag\/turismo-cultural\">destinos culturales<\/a> o que tienen como principal aliciente el contacto con la naturaleza est\u00e1n <strong>registrando un repunte<\/strong> en la demanda de los usuarios del programa de <a rel=\"nofollow noopener\" target=\"_blank\" href=\"https:\/\/www.hosteltur.com\/tag\/viajes-imserso\">viajes del Imserso<\/a>, una novedad que bien podr\u00eda deberse a los efectos de la pandemia sobre los viajeros.<\/p>\n<\/div>\n<div>\n<p>La tendencia ha sido confirmada a Hosteltur por el presidente de la Asociaci\u00f3n Empresarial de Agencias de Viajes de Sevilla (<a rel=\"nofollow noopener\" target=\"_blank\" href=\"https:\/\/www.hosteltur.com\/tag\/aevise\">Aevise<\/a>), Jos\u00e9 Manuel Lastra, quien ha precisado que ese <strong>&#8220;importante incremento&#8221;<\/strong> de demanda en ambos segmentos se est\u00e1 dando &#8220;en los \u00faltimos tiempos&#8221;, al menos en su regi\u00f3n.<\/p>\n<div class=\"wysiwyg-photo\"><img decoding=\"async\" title=\"\" src=\"https:\/\/static.hosteltur.com\/app\/public\/uploads\/img\/articles\/2022\/11\/04\/L_102110_casa-batllo12.jpg\" alt=\"\" data-id=\"242137\"\/> <\/p>\n<p>Casa Batll\u00f3, Barcelona.<\/p>\n<\/p><\/div>\n<p>Cabe precisar que <a rel=\"nofollow noopener\" target=\"_blank\" href=\"https:\/\/www.hosteltur.com\/tag\/andalucia\">Andaluc\u00eda<\/a> es a la vez la comunidad aut\u00f3noma que mayor n\u00famero de viajeros procedentes del Imserso recibe, por su amplia oferta tur\u00edstica tanto en costas como de inside, y tambi\u00e9n es la regi\u00f3n con <strong>m\u00e1s cantidad de usuarios registrados<\/strong> para el disfrute de estas vacaciones, toda vez que es la de mayor poblaci\u00f3n a nivel nacional.<\/p>\n<p>Lastra ha detallado que la campa\u00f1a del invierno 2022-2023 <strong>&#8220;est\u00e1 resultando exitosa&#8221;<\/strong> para las agencias sevillanas. Especialmente, tras tres a\u00f1os muy complejos:<\/p>\n<blockquote>\n<p>En 2020 tuvo que ser cancelada anticipadamente, en 2020\/2021 no se convoc\u00f3 y, en 2021\/2022 sali\u00f3 muy tarde y coincidi\u00f3 con la sexta ola de COVID-19<\/p>\n<\/blockquote>\n<p>Por tanto, tras este periodo y con la nueva convocatoria, &#8220;nos hemos encontrado con un <strong>ferviente deseo<\/strong> del segmento senior por recuperar sus actividades de viajes y de ocio, y ello se ha dejado ver en la rapidez con que han acudido a sus agencias de viajes para reservar sus plazas&#8221; en la campa\u00f1a del Imserso.<\/p>\n<h2>Mejorar las remuneraciones<\/h2>\n<p>En otro sentido, Jos\u00e9 Manuel Lastra considera que en el programa se deben &#8220;revisar varios aspectos&#8221;, entre los que destaca las remuneraciones, &#8220;principalmente a hoteles y agencias&#8221;. Seg\u00fan ha precisado, para que <strong>&#8220;sea sostenible y viable&#8221;<\/strong> debe ser rentable para las empresas que lo llevan a cabo.<\/p>\n<blockquote>\n<p>Mas noticias relacionadas con viajes del Imserso:<\/p>\n<p><a rel=\"nofollow noopener\" target=\"_blank\" href=\"https:\/\/www.hosteltur.com\/154016_imserso-aviba-reclama-mas-plazas-porque-hay-mucha-mas-demanda.html\">Imserso: Aviba reclama m\u00e1s plazas porque hay mucha demanda<\/a><\/p>\n<p><a rel=\"nofollow noopener\" target=\"_blank\" href=\"https:\/\/www.hosteltur.com\/154017_imserso-los-balnearios-exigen-una-revision-de-los-precios-para-2023.html\">Imserso; los balnearios exigen una revisi\u00f3n de los precios para 2023<\/a><\/p>\n<p><a rel=\"nofollow noopener\" target=\"_blank\" href=\"https:\/\/www.hosteltur.com\/154031_ibiza-aportara-400000-euros-para-los-viajes-del-imserso.html\">Ibiza aportar\u00e1 para los viajes del Imserso 400.000 euros<\/a><\/p>\n<p><a rel=\"nofollow noopener\" target=\"_blank\" href=\"https:\/\/www.hosteltur.com\/153971_imserso-valdes-coincide-con-los-hoteleros-en-que-debe-cubrir-los-costes.html\">Imserso: Vald\u00e9s coincide con los hoteleros en que \u201cdebe cubrir los costes\u201d<\/a><\/p>\n<\/blockquote>\n<p>A lo anterior, ha agregado que el empleo que ayuden a mantener en temporada baja los viajes del Imserso &#8220;ha ser de calidad&#8221;. Y, para lograrlo, &#8220;los precios que se arbitren por los servicios que se prestan <strong>deben ser razonables<\/strong>&#8220;, ha concluido el presidente de Aevise.<\/p>\n<\/div>\n\n<p><em> &#8221; Fuentes news.google.com &#8221; <\/em><\/p>\n","protected":false},"excerpt":{"rendered":"<p>Los destinos culturales o que tienen como principal aliciente el contacto con la naturaleza est\u00e1n registrando un repunte en la demanda de los usuarios del programa de viajes del Imserso, una novedad que bien podr\u00eda deberse a los efectos de la pandemia sobre los viajeros. La tendencia ha sido confirmada a Hosteltur por el presidente [&hellip;]<\/p>\n","protected":false},"author":4,"featured_media":420034,"comment_status":"open","ping_status":"closed","sticky":false,"template":"","format":"standard","meta":{"om_disable_all_campaigns":false,"jnews-multi-image_gallery":[],"jnews_single_post":[],"jnews_primary_category":[],"jnews_social_meta":[],"footnotes":""},"categories":[39],"tags":[10056,569,1182,572,10057,4044,14298,5743,819],"class_list":["post-420033","post","type-post","status-publish","format-standard","has-post-thumbnail","hentry","category-viajes","tag-aevise","tag-agencias-de-viajes","tag-andalucia","tag-distribucion","tag-jose-manuel-lastra","tag-sevilla","tag-turismo-cultural","tag-turismo-de-naturaleza","tag-viajes-imserso"],"_links":{"self":[{"href":"https:\/\/dimensionturistica.com\/es\/wp-json\/wp\/v2\/posts\/420033","targetHints":{"allow":["GET"]}}],"collection":[{"href":"https:\/\/dimensionturistica.com\/es\/wp-json\/wp\/v2\/posts"}],"about":[{"href":"https:\/\/dimensionturistica.com\/es\/wp-json\/wp\/v2\/types\/post"}],"author":[{"embeddable":true,"href":"https:\/\/dimensionturistica.com\/es\/wp-json\/wp\/v2\/users\/4"}],"replies":[{"embeddable":true,"href":"https:\/\/dimensionturistica.com\/es\/wp-json\/wp\/v2\/comments?post=420033"}],"version-history":[{"count":0,"href":"https:\/\/dimensionturistica.com\/es\/wp-json\/wp\/v2\/posts\/420033\/revisions"}],"wp:featuredmedia":[{"embeddable":true,"href":"https:\/\/dimensionturistica.com\/es\/wp-json\/wp\/v2\/media\/420034"}],"wp:attachment":[{"href":"https:\/\/dimensionturistica.com\/es\/wp-json\/wp\/v2\/media?parent=420033"}],"wp:term":[{"taxonomy":"category","embeddable":true,"href":"https:\/\/dimensionturistica.com\/es\/wp-json\/wp\/v2\/categories?post=420033"},{"taxonomy":"post_tag","embeddable":true,"href":"https:\/\/dimensionturistica.com\/es\/wp-json\/wp\/v2\/tags?post=420033"}],"curies":[{"name":"wp","href":"https:\/\/api.w.org\/{rel}","templated":true}]}}