{"id":419989,"date":"2022-11-06T22:14:33","date_gmt":"2022-11-06T22:14:33","guid":{"rendered":"https:\/\/dimensionturistica.com\/es\/?p=419989"},"modified":"2022-11-06T22:14:34","modified_gmt":"2022-11-06T22:14:34","slug":"esperan-que-repunte-turismo","status":"publish","type":"post","link":"https:\/\/dimensionturistica.com\/es\/esperan-que-repunte-turismo\/","title":{"rendered":"Esperan que repunte turismo"},"content":{"rendered":"<p> <br \/>\n<\/p>\n<div id=\"nota_firmas_fecha\">\n<p>Manuel Quezada\/ El Diario<\/p>\n<p>                    <small>domingo, 06 noviembre 2022 | 15:51 <\/small>\n                <\/div>\n<div id=\"cuerpo_nota\">\n<p><strong><em>Chihuahua, Chih.-<\/em><\/strong> El aumento en el periodo de vacaciones y el pago de la prima vacacional a los trabajadores que se espera entre en vigor el pr\u00f3ximo a\u00f1o, puede tener un impacto positivo en el sector tur\u00edstico, consider\u00f3 ayer la presidente de la Asociaci\u00f3n Mexicana de Agencias de Viaje Filial Chihuahua, Roc\u00edo Tovar Marmolejo.<\/p>\n<p>No obstante, dijo que desde el punto de vista de los negocios, no se puede ignorar que \u00e9sto generar\u00e1 un mayor costo de operaci\u00f3n y afectar\u00e1 en forma importante a las micro y peque\u00f1as empresas, quienes tienen poco private y, ahora por ley, estar\u00e1n ausentes m\u00e1s tiempo de los negocios.<\/p>\n<p>\u201cA cualquier empresario nos afecta el hecho de que se incrementen los costos en cuesti\u00f3n de prima vacacional y d\u00edas de asueto, porque aunque el empleado no laborar\u00e1 m\u00e1s d\u00edas, uno tiene que pagarlos de todos modos\u201d, expuso.<\/p>\n<p>Roc\u00edo Tovar dijo que el aumento de la prima vacacional tambi\u00e9n se debe ver como algo proporcional de aumento al sueldo de los trabajadores.<\/p>\n<p>Lament\u00f3 que como sector empresarial no se tenga injerencia en la toma de decisiones en la aprobaci\u00f3n de cambios en la ley, y se tiene que acatar las consecuencias de lo que deciden las autoridades.<\/p>\n<p>Apunt\u00f3 que si se ten\u00eda proyectada determinada ganancia o utilidad en las ventas, ahora se disminuir\u00e1 por los costos fijos.<\/p>\n<p>Indic\u00f3 que como empleados, la modificaci\u00f3n se puede ver bien, ya que se tendr\u00e1 un beneficio adicional y solo queda disfrutarlo.<\/p>\n<p>Roc\u00edo Tovar dijo que en otra perspectiva, tambi\u00e9n puede ser que como sector turismo, s\u00ed se pueda ver beneficiado porque la gente tendr\u00eda m\u00e1s d\u00edas de descanso y un poco m\u00e1s de dinero por cuesti\u00f3n de prima vacacional.<\/p>\n<p>No obstante, aclaro que en realidad la gente aprovecha cualquier d\u00eda, promociones y oportunidades que pueda tener de viaje, sea por d\u00edas feriados, fines de semana, entre otros.<\/p>\n<p>\u201cEso se hace dependiendo de las posibilidades y aficiones que tenga la persona, aunque s\u00ed, est\u00e1 claro que definitivamente s\u00ed amplia las posibilidades de que se mejore la actividad tur\u00edstica con el aumento del periodo vacacional\u201d, recalc\u00f3.<\/p>\n<p>La presente de la AMAV Filial Chihuahua recomend\u00f3 a la poblaci\u00f3n tener cuidado en la adquisici\u00f3n de paquetes vacacionales, ya que en la Web y redes sociales hay muchas \u201cagencias patito\u201d y hasta fraudulentas, que no garantizan al explicit tener realmente un buen periodo vacacional.<\/p>\n<p>Finalmente subray\u00f3 que es mejor acudir a agencias formales, bien establecidas, que asesoren y garanticen que la reservaci\u00f3n de los servicios es verdadera y que se van a hacer valida, ya que se han encontrado con gente que se queja de que hizo una compra en Web y no pudo viajar u hospedarse en su destino.<\/p>\n<\/p><\/div>\n\n<p><em> &#8221; Fuentes news.google.com &#8221; <\/em><\/p>\n","protected":false},"excerpt":{"rendered":"<p>Manuel Quezada\/ El Diario domingo, 06 noviembre 2022 | 15:51 Chihuahua, Chih.- El aumento en el periodo de vacaciones y el pago de la prima vacacional a los trabajadores que se espera entre en vigor el pr\u00f3ximo a\u00f1o, puede tener un impacto positivo en el sector tur\u00edstico, consider\u00f3 ayer la presidente de la Asociaci\u00f3n Mexicana [&hellip;]<\/p>\n","protected":false},"author":4,"featured_media":419990,"comment_status":"open","ping_status":"closed","sticky":false,"template":"","format":"standard","meta":{"om_disable_all_campaigns":false,"jnews-multi-image_gallery":[],"jnews_single_post":[],"jnews_primary_category":[],"jnews_social_meta":[],"footnotes":""},"categories":[40],"tags":[715],"class_list":["post-419989","post","type-post","status-publish","format-standard","has-post-thumbnail","hentry","category-industria","tag-economia"],"_links":{"self":[{"href":"https:\/\/dimensionturistica.com\/es\/wp-json\/wp\/v2\/posts\/419989","targetHints":{"allow":["GET"]}}],"collection":[{"href":"https:\/\/dimensionturistica.com\/es\/wp-json\/wp\/v2\/posts"}],"about":[{"href":"https:\/\/dimensionturistica.com\/es\/wp-json\/wp\/v2\/types\/post"}],"author":[{"embeddable":true,"href":"https:\/\/dimensionturistica.com\/es\/wp-json\/wp\/v2\/users\/4"}],"replies":[{"embeddable":true,"href":"https:\/\/dimensionturistica.com\/es\/wp-json\/wp\/v2\/comments?post=419989"}],"version-history":[{"count":0,"href":"https:\/\/dimensionturistica.com\/es\/wp-json\/wp\/v2\/posts\/419989\/revisions"}],"wp:featuredmedia":[{"embeddable":true,"href":"https:\/\/dimensionturistica.com\/es\/wp-json\/wp\/v2\/media\/419990"}],"wp:attachment":[{"href":"https:\/\/dimensionturistica.com\/es\/wp-json\/wp\/v2\/media?parent=419989"}],"wp:term":[{"taxonomy":"category","embeddable":true,"href":"https:\/\/dimensionturistica.com\/es\/wp-json\/wp\/v2\/categories?post=419989"},{"taxonomy":"post_tag","embeddable":true,"href":"https:\/\/dimensionturistica.com\/es\/wp-json\/wp\/v2\/tags?post=419989"}],"curies":[{"name":"wp","href":"https:\/\/api.w.org\/{rel}","templated":true}]}}