{"id":419848,"date":"2022-11-06T16:45:19","date_gmt":"2022-11-06T16:45:19","guid":{"rendered":"https:\/\/dimensionturistica.com\/es\/?p=419848"},"modified":"2022-11-06T16:45:19","modified_gmt":"2022-11-06T16:45:19","slug":"el-turismo-y-la-aviacion-binomio-inseparable-que-se-fortalece-con-los-anos","status":"publish","type":"post","link":"https:\/\/dimensionturistica.com\/es\/el-turismo-y-la-aviacion-binomio-inseparable-que-se-fortalece-con-los-anos\/","title":{"rendered":"El Turismo y la aviaci\u00f3n, binomio inseparable que se fortalece con los a\u00f1os"},"content":{"rendered":"<p>El secretario de Turismo del Gobierno de M\u00e9xico, Miguel Torruco Marqu\u00e9s, destac\u00f3 que el turismo no puede entenderse sin el aporte de la aviaci\u00f3n; ya que conforman un binomio inseparable, cuyos lazos se fortalecen con el paso de los a\u00f1os.<br \/>\nAl asistir como invitado de honor a la celebraci\u00f3n del 70 aniversario de KLM en M\u00e9xico, el titular de la<img decoding=\"async\" class=\"size-medium wp-image-419854 alignleft\" src=\"https:\/\/dimensionturistica.com\/es\/wp-content\/uploads\/2022\/11\/Celebracion-del-70-aniversario-de-KLM-en-Mexico-3-300x213.jpg\" alt=\"\" width=\"300\" height=\"213\" srcset=\"https:\/\/dimensionturistica.com\/es\/wp-content\/uploads\/2022\/11\/Celebracion-del-70-aniversario-de-KLM-en-Mexico-3-300x213.jpg 300w, https:\/\/dimensionturistica.com\/es\/wp-content\/uploads\/2022\/11\/Celebracion-del-70-aniversario-de-KLM-en-Mexico-3-1024x727.jpg 1024w, https:\/\/dimensionturistica.com\/es\/wp-content\/uploads\/2022\/11\/Celebracion-del-70-aniversario-de-KLM-en-Mexico-3-768x545.jpg 768w, https:\/\/dimensionturistica.com\/es\/wp-content\/uploads\/2022\/11\/Celebracion-del-70-aniversario-de-KLM-en-Mexico-3-120x86.jpg 120w, https:\/\/dimensionturistica.com\/es\/wp-content\/uploads\/2022\/11\/Celebracion-del-70-aniversario-de-KLM-en-Mexico-3-350x250.jpg 350w, https:\/\/dimensionturistica.com\/es\/wp-content\/uploads\/2022\/11\/Celebracion-del-70-aniversario-de-KLM-en-Mexico-3-750x533.jpg 750w, https:\/\/dimensionturistica.com\/es\/wp-content\/uploads\/2022\/11\/Celebracion-del-70-aniversario-de-KLM-en-Mexico-3-1140x810.jpg 1140w, https:\/\/dimensionturistica.com\/es\/wp-content\/uploads\/2022\/11\/Celebracion-del-70-aniversario-de-KLM-en-Mexico-3.jpg 1484w\" sizes=\"(max-width: 300px) 100vw, 300px\" \/> Secretar\u00eda de Turismo (Sectur) precis\u00f3 que la industria de la aviaci\u00f3n representa el 43.6% del flujo tur\u00edstico internacional que viaja hacia M\u00e9xico; adem\u00e1s, contribuye con mil 955 millones de d\u00f3lares al PIB Nacional y genera casi 35 mil empleos.<br \/>\nAcompa\u00f1ado del embajador de Pa\u00edses Bajos en M\u00e9xico, Excmo. Wilfred Mohr, indic\u00f3 que la red aeroportuaria de nuestro pa\u00eds est\u00e1 integrada por 78 aeropuertos: 65 internacionales y 13 nacionales, operando mil 303 rutas origen-destino, de las cuales 838 permiten la conectividad con 41 naciones.<br \/>\nSin embargo, subray\u00f3 que el Gobierno de M\u00e9xico, comandado por el presidente Andr\u00e9s Manuel L\u00f3pez Obrador, trabaja por una mayor y mejor conectividad a\u00e9rea para el engrandecimiento tur\u00edstico de M\u00e9xico; al impulsar proyectos en las diferentes regiones del pa\u00eds.<br \/>\nTal es el caso del reci\u00e9n inaugurado Aeropuerto Internacional Felipe \u00c1ngeles (AIFA); la ampliaci\u00f3n y<img decoding=\"async\" class=\"size-medium wp-image-419853 alignright\" src=\"https:\/\/dimensionturistica.com\/es\/wp-content\/uploads\/2022\/11\/Celebracion-del-70-aniversario-de-KLM-en-Mexico-1-300x225.jpg\" alt=\"\" width=\"300\" height=\"225\" srcset=\"https:\/\/dimensionturistica.com\/es\/wp-content\/uploads\/2022\/11\/Celebracion-del-70-aniversario-de-KLM-en-Mexico-1-300x225.jpg 300w, https:\/\/dimensionturistica.com\/es\/wp-content\/uploads\/2022\/11\/Celebracion-del-70-aniversario-de-KLM-en-Mexico-1-1024x768.jpg 1024w, https:\/\/dimensionturistica.com\/es\/wp-content\/uploads\/2022\/11\/Celebracion-del-70-aniversario-de-KLM-en-Mexico-1-768x576.jpg 768w, https:\/\/dimensionturistica.com\/es\/wp-content\/uploads\/2022\/11\/Celebracion-del-70-aniversario-de-KLM-en-Mexico-1-1536x1152.jpg 1536w, https:\/\/dimensionturistica.com\/es\/wp-content\/uploads\/2022\/11\/Celebracion-del-70-aniversario-de-KLM-en-Mexico-1-750x563.jpg 750w, https:\/\/dimensionturistica.com\/es\/wp-content\/uploads\/2022\/11\/Celebracion-del-70-aniversario-de-KLM-en-Mexico-1-1140x855.jpg 1140w, https:\/\/dimensionturistica.com\/es\/wp-content\/uploads\/2022\/11\/Celebracion-del-70-aniversario-de-KLM-en-Mexico-1.jpg 1600w\" sizes=\"(max-width: 300px) 100vw, 300px\" \/> remodelaci\u00f3n del Aeropuerto de Chetumal, en Quintana Roo, terminada en noviembre del 2020; as\u00ed como el desarrollo de proyectos como el Aeropuerto de Barrancas del Cobre, en Creel, Chihuahua, que se prev\u00e9 inicie operaciones en junio del pr\u00f3ximo a\u00f1o; y la ampliaci\u00f3n y modernizaci\u00f3n del aeropuerto de Tepic, Nayarit, que ser\u00e1 puesto en marcha en diciembre de este a\u00f1o.<br \/>\nFrente a Wouter Alders, director general de Air France-KLM en M\u00e9xico, destac\u00f3 tambi\u00e9n el Aeropuerto Internacional de Tulum, donde se llevan a cabo estudios de ingenier\u00eda b\u00e1sica; la modernizaci\u00f3n del Aeropuerto de Tamu\u00edn, en San Luis Potos\u00ed; y la ampliaci\u00f3n y modernizaci\u00f3n del Aeropuerto de Puerto Escondido, Oaxaca, obras estimadas para concluir en diciembre del 2023.<br \/>\nTorruco Marqu\u00e9s subray\u00f3 que la actividad a\u00e9rea ha sido intensa en nuestro pa\u00eds, de enero a septiembre llegaron a M\u00e9xico 15 millones 59 mil turistas internacionales v\u00eda a\u00e9rea, significando un incremento de 6.1% comparado con similar lapso del 2019.<br \/>\n\u201cEl desarrollo de la tecnolog\u00eda, el transporte a\u00e9reo se ha convertido en un medio efectivo, c\u00f3modo y seguro, que favorece la conectividad, acortando distancias y tiempos entre ciudades, pa\u00edses y continentes e impactando en el crecimiento de las naciones\u201d, declar\u00f3.<br \/>\nEl secretario de Turismo refiri\u00f3 que son ya 70 a\u00f1os ininterrumpidos de vuelos entre M\u00e9xico y los Pa\u00edses<img decoding=\"async\" class=\"size-medium wp-image-419851 alignleft\" src=\"https:\/\/dimensionturistica.com\/es\/wp-content\/uploads\/2022\/11\/Celebracion-del-70-aniversario-de-KLM-en-Mexico-7-225x300.jpg\" alt=\"\" width=\"225\" height=\"300\" srcset=\"https:\/\/dimensionturistica.com\/es\/wp-content\/uploads\/2022\/11\/Celebracion-del-70-aniversario-de-KLM-en-Mexico-7-225x300.jpg 225w, https:\/\/dimensionturistica.com\/es\/wp-content\/uploads\/2022\/11\/Celebracion-del-70-aniversario-de-KLM-en-Mexico-7-750x1000.jpg 750w, https:\/\/dimensionturistica.com\/es\/wp-content\/uploads\/2022\/11\/Celebracion-del-70-aniversario-de-KLM-en-Mexico-7.jpg 768w\" sizes=\"(max-width: 225px) 100vw, 225px\" \/> Bajos, y destac\u00f3 que ni durante la pandemia se detuvieron. Actualmente, KLM llega a dos destinos de nuestro pa\u00eds: la Ciudad de M\u00e9xico con un vuelo diario, y Canc\u00fan, con cuatro vuelos semanales.<br \/>\nResalt\u00f3 que la recuperaci\u00f3n del turismo ya es una realidad gracias a las pol\u00edticas implementas por el presidente, Andr\u00e9s Manuel L\u00f3pez Obrador, al no restringir los vuelos internacionales; la implementaci\u00f3n de los protocolos biosanitarios, en un trabajo conjunto entre la iniciativa privada, Secretar\u00eda de Salud y Secretar\u00eda de Turismo; y el Plan Nacional de Vacunaci\u00f3n.<br \/>\nFelicit\u00f3 a la aerol\u00ednea por estas siete d\u00e9cadas de vida en M\u00e9xico y dese\u00f3 que sean muchas m\u00e1s en beneficio de nuestra actividad tur\u00edstica.<\/p>\n","protected":false},"excerpt":{"rendered":"<p>El secretario de Turismo del Gobierno de M\u00e9xico, Miguel Torruco Marqu\u00e9s, destac\u00f3 que el turismo no puede entenderse sin el aporte de la aviaci\u00f3n; ya que conforman un binomio inseparable, cuyos lazos se fortalecen con el paso de los a\u00f1os. Al asistir como invitado de honor a la celebraci\u00f3n del 70 aniversario de KLM en [&hellip;]<\/p>\n","protected":false},"author":1,"featured_media":419852,"comment_status":"open","ping_status":"closed","sticky":false,"template":"","format":"standard","meta":{"om_disable_all_campaigns":false,"jnews-multi-image_gallery":[],"jnews_single_post":{"source_name":"","source_url":"","via_name":"","via_url":"","override_template":"0","override":[{"template":"1","single_blog_custom":"","parallax":"1","fullscreen":"1","layout":"right-sidebar","sidebar":"default-sidebar","second_sidebar":"default-sidebar","sticky_sidebar":"1","share_position":"top","share_float_style":"share-monocrhome","show_share_counter":"1","show_view_counter":"1","show_featured":"1","show_post_meta":"1","show_post_author":"1","show_post_author_image":"1","show_post_date":"1","post_date_format":"default","post_date_format_custom":"Y\/m\/d","show_post_category":"1","show_post_reading_time":"0","post_reading_time_wpm":"300","show_zoom_button":"0","zoom_button_out_step":"2","zoom_button_in_step":"3","show_post_tag":"1","show_prev_next_post":"1","show_popup_post":"1","number_popup_post":"1","show_author_box":"0","show_post_related":"0","show_inline_post_related":"0"}],"override_image_size":"0","image_override":[{"single_post_thumbnail_size":"crop-500","single_post_gallery_size":"crop-500"}],"trending_post":"0","trending_post_position":"meta","trending_post_label":"Trending","sponsored_post":"0","sponsored_post_label":"Sponsored by","sponsored_post_name":"","sponsored_post_url":"","sponsored_post_logo_enable":"0","sponsored_post_logo":"","sponsored_post_desc":"","disable_ad":"0"},"jnews_primary_category":{"id":"","hide":""},"jnews_social_meta":{"fb_title":"","fb_description":"","fb_image":"","twitter_title":"","twitter_description":"","twitter_image":""},"footnotes":""},"categories":[39],"tags":[],"class_list":["post-419848","post","type-post","status-publish","format-standard","has-post-thumbnail","hentry","category-viajes"],"_links":{"self":[{"href":"https:\/\/dimensionturistica.com\/es\/wp-json\/wp\/v2\/posts\/419848","targetHints":{"allow":["GET"]}}],"collection":[{"href":"https:\/\/dimensionturistica.com\/es\/wp-json\/wp\/v2\/posts"}],"about":[{"href":"https:\/\/dimensionturistica.com\/es\/wp-json\/wp\/v2\/types\/post"}],"author":[{"embeddable":true,"href":"https:\/\/dimensionturistica.com\/es\/wp-json\/wp\/v2\/users\/1"}],"replies":[{"embeddable":true,"href":"https:\/\/dimensionturistica.com\/es\/wp-json\/wp\/v2\/comments?post=419848"}],"version-history":[{"count":0,"href":"https:\/\/dimensionturistica.com\/es\/wp-json\/wp\/v2\/posts\/419848\/revisions"}],"wp:featuredmedia":[{"embeddable":true,"href":"https:\/\/dimensionturistica.com\/es\/wp-json\/wp\/v2\/media\/419852"}],"wp:attachment":[{"href":"https:\/\/dimensionturistica.com\/es\/wp-json\/wp\/v2\/media?parent=419848"}],"wp:term":[{"taxonomy":"category","embeddable":true,"href":"https:\/\/dimensionturistica.com\/es\/wp-json\/wp\/v2\/categories?post=419848"},{"taxonomy":"post_tag","embeddable":true,"href":"https:\/\/dimensionturistica.com\/es\/wp-json\/wp\/v2\/tags?post=419848"}],"curies":[{"name":"wp","href":"https:\/\/api.w.org\/{rel}","templated":true}]}}