{"id":419790,"date":"2022-11-06T14:57:43","date_gmt":"2022-11-06T14:57:43","guid":{"rendered":"https:\/\/dimensionturistica.com\/es\/?p=419790"},"modified":"2022-11-06T15:09:19","modified_gmt":"2022-11-06T15:09:19","slug":"tag-airlines-en-world-connect-2022-realizado-en-malta","status":"publish","type":"post","link":"https:\/\/dimensionturistica.com\/es\/tag-airlines-en-world-connect-2022-realizado-en-malta\/","title":{"rendered":"Tag Airlines en World Connect 2022, realizado en Malta"},"content":{"rendered":"<p>TagAirlines, la aerol\u00ednea bandera de Guatemala y del Mundo Maya, participa en los trabajos de World Connect 2022, la conferencia anual de aerol\u00edneas organizada por la APG en la isla de Malta, del 26 al 28 de octubre.<img decoding=\"async\" class=\"size-medium wp-image-419792 alignright\" src=\"https:\/\/dimensionturistica.com\/es\/wp-content\/uploads\/2022\/11\/unnamed-2-1-300x189.jpg\" alt=\"\" width=\"300\" height=\"189\" srcset=\"https:\/\/dimensionturistica.com\/es\/wp-content\/uploads\/2022\/11\/unnamed-2-1-300x189.jpg 300w, https:\/\/dimensionturistica.com\/es\/wp-content\/uploads\/2022\/11\/unnamed-2-1-1024x645.jpg 1024w, https:\/\/dimensionturistica.com\/es\/wp-content\/uploads\/2022\/11\/unnamed-2-1-768x484.jpg 768w, https:\/\/dimensionturistica.com\/es\/wp-content\/uploads\/2022\/11\/unnamed-2-1-1536x968.jpg 1536w, https:\/\/dimensionturistica.com\/es\/wp-content\/uploads\/2022\/11\/unnamed-2-1-750x473.jpg 750w, https:\/\/dimensionturistica.com\/es\/wp-content\/uploads\/2022\/11\/unnamed-2-1-1140x718.jpg 1140w, https:\/\/dimensionturistica.com\/es\/wp-content\/uploads\/2022\/11\/unnamed-2-1.jpg 1600w\" sizes=\"(max-width: 300px) 100vw, 300px\" \/><br \/>\nJulio Gamero, CEO de TagAirlines, formar\u00e1 parte del panel \u201c\u00bfC\u00f3mo definen su papel las aerol\u00edneas medianas?\u201d, junto con Monserrat Barriga, Directora General de ERA; David Curmi, Presidente de Air Malta, y Michel Monvoisin, CEO de Tahit\u00ed Nui, con la moderaci\u00f3n de Marc Rochet, Presidente de Aerogesti\u00f3n y CEO de French Bee.<br \/>\nEl CEO de TagAirlines presentar\u00e1 los detalles de la nueva era de la compa\u00f1\u00eda, que incluye el relanzamiento de la marca y el fortalecimiento de su flota a\u00e9rea con la incorporaci\u00f3n de aeronaves tipo ATR 72, consideradas las m\u00e1s eficientes, ecol\u00f3gicas y seguras del mercado, que permitir\u00e1n a la empresa continuar con la estrategia para ampliar la conectividad a\u00e9rea y mantener el mejor servicio y comodidad para los pasajeros.<\/p>\n<p>Adicionalmente, sostendr\u00e1 reuniones de trabajo con Sandrine de Saint Sauveur, Presidenta y CEO de APG, y con Richard Burgess, Presidente de APG Network, entre otros l\u00edderes de la industria a\u00e9rea internacional.<br \/>\nAPG es una empresa global con mas de 25 a\u00f1os de experiencia en su campo, cubre comercialmente todos los continentes, tiene presencia en 170 pa\u00edses con mas de 100 oficinas y 200 aereol\u00edneas afiliadas. APG ha sido un socio comercial de TAG airlines desde hace cinco a\u00f1os y esta alianza ha permitido incrementar la cobertura de venta alrededor del mundo, APG es una pieza fundamental en el crecimiento comercial de TagAirlines.<img decoding=\"async\" class=\"size-medium wp-image-419793 alignright\" src=\"https:\/\/dimensionturistica.com\/es\/wp-content\/uploads\/2022\/11\/unnamed-1-2-300x200.jpg\" alt=\"\" width=\"300\" height=\"200\" srcset=\"https:\/\/dimensionturistica.com\/es\/wp-content\/uploads\/2022\/11\/unnamed-1-2-300x200.jpg 300w, https:\/\/dimensionturistica.com\/es\/wp-content\/uploads\/2022\/11\/unnamed-1-2-768x512.jpg 768w, https:\/\/dimensionturistica.com\/es\/wp-content\/uploads\/2022\/11\/unnamed-1-2-750x500.jpg 750w, https:\/\/dimensionturistica.com\/es\/wp-content\/uploads\/2022\/11\/unnamed-1-2.jpg 1024w\" sizes=\"(max-width: 300px) 100vw, 300px\" \/><br \/>\nCada a\u00f1o, la APG celebra su reuni\u00f3n con la participaci\u00f3n de casi 500 representantes senior de la industria a\u00e9rea y un centenar de aerol\u00edneas, as\u00ed como representantes de viajes globales de diferentes ramas de la industria de la aviaci\u00f3n.<br \/>\nEn esta ocasi\u00f3n, se analizar\u00e1n temas como la adaptaci\u00f3n de las aerol\u00edneas en un mundo cambiante, los desaf\u00edos para la aviaci\u00f3n, armonizar la aviaci\u00f3n con la sostenibilidad medioambiental, c\u00f3mo mejorar el servicio al cliente, panorama legal en el mundo de la aviaci\u00f3n, entre otros.<br \/>\nTagAirlines refrenda su papel como puente a\u00e9reo estrat\u00e9gico entre el sur de M\u00e9xico y Centroam\u00e9rica, y ofrece conexi\u00f3n regional que abarca una amplia red de destinos en cinco pa\u00edses: Guatemala, Honduras, El Salvador, Belice y M\u00e9xico, con m\u00e1s de 25 vuelos diarios y una flota de m\u00e1s de 20 aeronaves.<br \/>\nTagAirlines es la aerol\u00ednea bandera de Guatemala que desde hace 60 a\u00f1os mantiene un firme compromiso con la conectividad a\u00e9rea y el desarrollo de la regi\u00f3n, que le ha permitido ganar la confianza de pasajeros y socios comerciales.<\/p>\n","protected":false},"excerpt":{"rendered":"<p>TagAirlines, la aerol\u00ednea bandera de Guatemala y del Mundo Maya, participa en los trabajos de World Connect 2022, la conferencia anual de aerol\u00edneas organizada por la APG en la isla de Malta, del 26 al 28 de octubre. Julio Gamero, CEO de TagAirlines, formar\u00e1 parte del panel \u201c\u00bfC\u00f3mo definen su papel las aerol\u00edneas medianas?\u201d, junto [&hellip;]<\/p>\n","protected":false},"author":1,"featured_media":419791,"comment_status":"open","ping_status":"closed","sticky":false,"template":"","format":"standard","meta":{"om_disable_all_campaigns":false,"jnews-multi-image_gallery":[],"jnews_single_post":{"source_name":"","source_url":"","via_name":"","via_url":"","override_template":"0","override":[{"template":"1","single_blog_custom":"","parallax":"1","fullscreen":"1","layout":"right-sidebar","sidebar":"default-sidebar","second_sidebar":"default-sidebar","sticky_sidebar":"1","share_position":"top","share_float_style":"share-monocrhome","show_share_counter":"1","show_view_counter":"1","show_featured":"1","show_post_meta":"1","show_post_author":"1","show_post_author_image":"1","show_post_date":"1","post_date_format":"default","post_date_format_custom":"Y\/m\/d","show_post_category":"1","show_post_reading_time":"0","post_reading_time_wpm":"300","show_zoom_button":"0","zoom_button_out_step":"2","zoom_button_in_step":"3","show_post_tag":"1","show_prev_next_post":"1","show_popup_post":"1","number_popup_post":"1","show_author_box":"0","show_post_related":"0","show_inline_post_related":"0"}],"override_image_size":"0","image_override":[{"single_post_thumbnail_size":"crop-500","single_post_gallery_size":"crop-500"}],"trending_post":"0","trending_post_position":"meta","trending_post_label":"Trending","sponsored_post":"0","sponsored_post_label":"Sponsored by","sponsored_post_name":"","sponsored_post_url":"","sponsored_post_logo_enable":"0","sponsored_post_logo":"","sponsored_post_desc":"","disable_ad":"0"},"jnews_primary_category":{"id":"","hide":""},"jnews_social_meta":{"fb_title":"","fb_description":"","fb_image":"","twitter_title":"","twitter_description":"","twitter_image":""},"footnotes":""},"categories":[39],"tags":[],"class_list":["post-419790","post","type-post","status-publish","format-standard","has-post-thumbnail","hentry","category-viajes"],"_links":{"self":[{"href":"https:\/\/dimensionturistica.com\/es\/wp-json\/wp\/v2\/posts\/419790","targetHints":{"allow":["GET"]}}],"collection":[{"href":"https:\/\/dimensionturistica.com\/es\/wp-json\/wp\/v2\/posts"}],"about":[{"href":"https:\/\/dimensionturistica.com\/es\/wp-json\/wp\/v2\/types\/post"}],"author":[{"embeddable":true,"href":"https:\/\/dimensionturistica.com\/es\/wp-json\/wp\/v2\/users\/1"}],"replies":[{"embeddable":true,"href":"https:\/\/dimensionturistica.com\/es\/wp-json\/wp\/v2\/comments?post=419790"}],"version-history":[{"count":0,"href":"https:\/\/dimensionturistica.com\/es\/wp-json\/wp\/v2\/posts\/419790\/revisions"}],"wp:featuredmedia":[{"embeddable":true,"href":"https:\/\/dimensionturistica.com\/es\/wp-json\/wp\/v2\/media\/419791"}],"wp:attachment":[{"href":"https:\/\/dimensionturistica.com\/es\/wp-json\/wp\/v2\/media?parent=419790"}],"wp:term":[{"taxonomy":"category","embeddable":true,"href":"https:\/\/dimensionturistica.com\/es\/wp-json\/wp\/v2\/categories?post=419790"},{"taxonomy":"post_tag","embeddable":true,"href":"https:\/\/dimensionturistica.com\/es\/wp-json\/wp\/v2\/tags?post=419790"}],"curies":[{"name":"wp","href":"https:\/\/api.w.org\/{rel}","templated":true}]}}