{"id":419583,"date":"2022-11-06T00:14:35","date_gmt":"2022-11-06T00:14:35","guid":{"rendered":"https:\/\/dimensionturistica.com\/es\/?p=419583"},"modified":"2024-02-20T22:11:09","modified_gmt":"2024-02-20T22:11:09","slug":"disenadores-de-moda-participan-en-el-fashion-weedkend-the-green-runway-project-para-exhibir-sus-disenos-inspirados-en-la-cultura-cannaibica-y-fabricados-en-telas-derivados-de-la-planta","status":"publish","type":"post","link":"https:\/\/dimensionturistica.com\/es\/disenadores-de-moda-participan-en-el-fashion-weedkend-the-green-runway-project-para-exhibir-sus-disenos-inspirados-en-la-cultura-cannaibica-y-fabricados-en-telas-derivados-de-la-planta\/","title":{"rendered":"Dise\u00f1adores de moda participan en el \u00abFashion Weedkend; The Green Runway Project\u00bb para exhibir sus dise\u00f1os inspirados en la cultura canna\u00ecbica y fabricados en telas derivados de la planta"},"content":{"rendered":"<p>Marcas y dise\u00f1adores de moda nacionales e internacionales se dar\u00e1n cita los pr\u00f3ximos 11 y 12 de noviembre en el marco del Weed Trade Show (WTS), para llevar a cabo por primera vez la pasarela del<img decoding=\"async\" class=\"size-medium wp-image-419590 alignright\" src=\"https:\/\/dimensionturistica.com\/es\/wp-content\/uploads\/2022\/11\/pexels-cottonbro-9509318-1-200x300.jpg\" alt=\"\" width=\"200\" height=\"300\" srcset=\"https:\/\/dimensionturistica.com\/es\/wp-content\/uploads\/2022\/11\/pexels-cottonbro-9509318-1-200x300.jpg 200w, https:\/\/dimensionturistica.com\/es\/wp-content\/uploads\/2022\/11\/pexels-cottonbro-9509318-1.jpg 500w\" sizes=\"(max-width: 200px) 100vw, 200px\" \/> \u00abFashion Weedkend: The Green Runway Project\u00bb, tambi\u00e9n en el World Trade Center capitalino.<br \/>\nPara esta tercera edici\u00f3n WTS busca impulsar acciones comprometidas a promover la responsabilidad y sustentabilidad ambientales; con esto en mente, el Fashion Weedkend mostrara\u00ec en su pasarela propuestas de gran talento con procesos y productos acordes a la visi\u00f3n de vivir en mayor armon\u00eda con el medio ambiente, as\u00ed\u00ec como dar a conocer la influencia que ha tenido la cultura cann\u00e1bica en la industria de la moda en imagen y materiales.<br \/>\n\u00ab\u00bfComo podemos generar un cambio en un mundo tan acostumbrado a generar desechos? Por responder a este cuestionamiento es que el \u00abFashion Weedkend: The Green Runway Project\u00bb busca plantar la semilla del c\u00e1\u00f1amo en el mundo textil e impulsar la experimentaci\u00f3n con este gran material. La iniciativa nace por la necesidad de brindar nuevas experiencias basadas en tecnolog\u00eda <img decoding=\"async\" class=\"size-medium wp-image-419591 alignleft\" src=\"https:\/\/dimensionturistica.com\/es\/wp-content\/uploads\/2022\/11\/pexels-arthouse-studio-4348271-201x300.jpg\" alt=\"\" width=\"201\" height=\"300\" srcset=\"https:\/\/dimensionturistica.com\/es\/wp-content\/uploads\/2022\/11\/pexels-arthouse-studio-4348271-201x300.jpg 201w, https:\/\/dimensionturistica.com\/es\/wp-content\/uploads\/2022\/11\/pexels-arthouse-studio-4348271.jpg 500w\" sizes=\"(max-width: 201px) 100vw, 201px\" \/>sustentable ya que es imperante encontrar soluciones a temas que impactan la ecolog\u00eda mundial\u00bb, menciono\u00ec Jos\u00e9\u00ec Luis P\u00e9rez, CEO de WTS.<img decoding=\"async\" class=\"size-medium wp-image-419589 alignright\" src=\"https:\/\/dimensionturistica.com\/es\/wp-content\/uploads\/2022\/11\/pexels-emma-benitez-11833677-300x300.jpg\" alt=\"\" width=\"300\" height=\"300\" srcset=\"https:\/\/dimensionturistica.com\/es\/wp-content\/uploads\/2022\/11\/pexels-emma-benitez-11833677-300x300.jpg 300w, https:\/\/dimensionturistica.com\/es\/wp-content\/uploads\/2022\/11\/pexels-emma-benitez-11833677-150x150.jpg 150w, https:\/\/dimensionturistica.com\/es\/wp-content\/uploads\/2022\/11\/pexels-emma-benitez-11833677-75x75.jpg 75w, https:\/\/dimensionturistica.com\/es\/wp-content\/uploads\/2022\/11\/pexels-emma-benitez-11833677-350x350.jpg 350w, https:\/\/dimensionturistica.com\/es\/wp-content\/uploads\/2022\/11\/pexels-emma-benitez-11833677.jpg 500w\" sizes=\"(max-width: 300px) 100vw, 300px\" \/><br \/>\nDe acuerdo con Jos\u00e9\u00ec Luis, la industria del cannabis se identifica con la preocupaci\u00f3n e ideales eco sustentables, tanto en lo textil, medicinal y dem\u00e1s temas (incluso el automotriz); de manera que hoy en d\u00eda hay ya empresas y marcas a nivel mundial utilizando materiales creados con la planta.<br \/>\n\u00abExiste una cultura cann\u00e1bica que no necesariamente proviene del consumo directo de la planta, hay una iconograf\u00eda de uni\u00f3n, conservaci\u00f3n y bienestar que surge del utilizar toda una gama de sus derivados que nos ayuda a esparcir una cultura de aceptaci\u00f3n a sus usos\u00bb, se\u00f1al\u00f3\u00ec el CEO de WTS.<br \/>\nEl \u00abFashion Weedkend: The Green Runway Project\u00bb se llevara\u00ec a cabo los d\u00edas 11 y 12 de noviembre, como una de las actividades dentro del WTS de 18:30 a 20:30 hrs.<br \/>\nWeed Trade Show se realizara\u00ec del 11 al 13 de noviembre en el Sal\u00f3n Maya 3 del World Trade Center Ciudad de M\u00e9xico. Venta de boletos en:<br \/>\nhttps:\/\/wts-2022.boletia.com\/<\/p>\n","protected":false},"excerpt":{"rendered":"<p>Marcas y dise\u00f1adores de moda nacionales e internacionales se dar\u00e1n cita los pr\u00f3ximos 11 y 12 de noviembre en el marco del Weed Trade Show (WTS), para llevar a cabo por primera vez la pasarela del \u00abFashion Weedkend: The Green Runway Project\u00bb, tambi\u00e9n en el World Trade Center capitalino. Para esta tercera edici\u00f3n WTS busca [&hellip;]<\/p>\n","protected":false},"author":1,"featured_media":419586,"comment_status":"open","ping_status":"closed","sticky":false,"template":"","format":"standard","meta":{"om_disable_all_campaigns":false,"jnews-multi-image_gallery":[],"jnews_single_post":{"source_name":"","source_url":"","via_name":"","via_url":"","override_template":"0","override":[{"template":"1","single_blog_custom":"","parallax":"1","fullscreen":"1","layout":"right-sidebar","sidebar":"default-sidebar","second_sidebar":"default-sidebar","sticky_sidebar":"1","share_position":"top","share_float_style":"share-monocrhome","show_share_counter":"1","show_view_counter":"1","show_featured":"1","show_post_meta":"1","show_post_author":"1","show_post_author_image":"1","show_post_date":"1","post_date_format":"default","post_date_format_custom":"Y\/m\/d","show_post_category":"1","show_post_reading_time":"0","post_reading_time_wpm":"300","show_zoom_button":"0","zoom_button_out_step":"2","zoom_button_in_step":"3","show_post_tag":"1","show_prev_next_post":"1","show_popup_post":"1","number_popup_post":"1","show_author_box":"0","show_post_related":"0","show_inline_post_related":"0"}],"override_image_size":"0","image_override":[{"single_post_thumbnail_size":"crop-500","single_post_gallery_size":"crop-500"}],"trending_post":"0","trending_post_position":"meta","trending_post_label":"Trending","sponsored_post":"0","sponsored_post_label":"Sponsored by","sponsored_post_name":"","sponsored_post_url":"","sponsored_post_logo_enable":"0","sponsored_post_logo":"","sponsored_post_desc":"","disable_ad":"0"},"jnews_primary_category":{"id":"","hide":""},"jnews_social_meta":{"fb_title":"","fb_description":"","fb_image":"","twitter_title":"","twitter_description":"","twitter_image":""},"footnotes":""},"categories":[144872],"tags":[],"class_list":["post-419583","post","type-post","status-publish","format-standard","has-post-thumbnail","hentry","category-fashion"],"_links":{"self":[{"href":"https:\/\/dimensionturistica.com\/es\/wp-json\/wp\/v2\/posts\/419583","targetHints":{"allow":["GET"]}}],"collection":[{"href":"https:\/\/dimensionturistica.com\/es\/wp-json\/wp\/v2\/posts"}],"about":[{"href":"https:\/\/dimensionturistica.com\/es\/wp-json\/wp\/v2\/types\/post"}],"author":[{"embeddable":true,"href":"https:\/\/dimensionturistica.com\/es\/wp-json\/wp\/v2\/users\/1"}],"replies":[{"embeddable":true,"href":"https:\/\/dimensionturistica.com\/es\/wp-json\/wp\/v2\/comments?post=419583"}],"version-history":[{"count":0,"href":"https:\/\/dimensionturistica.com\/es\/wp-json\/wp\/v2\/posts\/419583\/revisions"}],"wp:featuredmedia":[{"embeddable":true,"href":"https:\/\/dimensionturistica.com\/es\/wp-json\/wp\/v2\/media\/419586"}],"wp:attachment":[{"href":"https:\/\/dimensionturistica.com\/es\/wp-json\/wp\/v2\/media?parent=419583"}],"wp:term":[{"taxonomy":"category","embeddable":true,"href":"https:\/\/dimensionturistica.com\/es\/wp-json\/wp\/v2\/categories?post=419583"},{"taxonomy":"post_tag","embeddable":true,"href":"https:\/\/dimensionturistica.com\/es\/wp-json\/wp\/v2\/tags?post=419583"}],"curies":[{"name":"wp","href":"https:\/\/api.w.org\/{rel}","templated":true}]}}