{"id":419550,"date":"2022-11-05T23:19:39","date_gmt":"2022-11-05T23:19:39","guid":{"rendered":"https:\/\/dimensionturistica.com\/es\/?p=419550"},"modified":"2022-11-05T23:20:58","modified_gmt":"2022-11-05T23:20:58","slug":"cerro-con-broche-de-oro-la-iniciativa-quintonil-diez-con-la-presentacion-de-dos-grandes-chefs-del-planeta-virgilo-martinez-y-mauricio-colagreco","status":"publish","type":"post","link":"https:\/\/dimensionturistica.com\/es\/cerro-con-broche-de-oro-la-iniciativa-quintonil-diez-con-la-presentacion-de-dos-grandes-chefs-del-planeta-virgilo-martinez-y-mauricio-colagreco\/","title":{"rendered":"Cerro con Broche de Oro la iniciativa Quintonil Diez con la presentaci\u00f3n de dos grandes Chefs del planeta: Virgilo Mart\u00ednez y Mauricio Colagreco"},"content":{"rendered":"<p>Quintonil Diez, iniciativa creada para celebrar el d\u00e9cimo aniversario del restaurante Quintonil, celebr\u00f3 su<img decoding=\"async\" class=\"size-medium wp-image-419561 alignright\" src=\"https:\/\/dimensionturistica.com\/es\/wp-content\/uploads\/2022\/11\/IMG_5013-200x300.jpg\" alt=\"\" width=\"200\" height=\"300\" srcset=\"https:\/\/dimensionturistica.com\/es\/wp-content\/uploads\/2022\/11\/IMG_5013-200x300.jpg 200w, https:\/\/dimensionturistica.com\/es\/wp-content\/uploads\/2022\/11\/IMG_5013-683x1024.jpg 683w, https:\/\/dimensionturistica.com\/es\/wp-content\/uploads\/2022\/11\/IMG_5013-768x1151.jpg 768w, https:\/\/dimensionturistica.com\/es\/wp-content\/uploads\/2022\/11\/IMG_5013-1025x1536.jpg 1025w, https:\/\/dimensionturistica.com\/es\/wp-content\/uploads\/2022\/11\/IMG_5013-750x1124.jpg 750w, https:\/\/dimensionturistica.com\/es\/wp-content\/uploads\/2022\/11\/IMG_5013-1140x1709.jpg 1140w, https:\/\/dimensionturistica.com\/es\/wp-content\/uploads\/2022\/11\/IMG_5013.jpg 1366w\" sizes=\"(max-width: 200px) 100vw, 200px\" \/> d\u00e9cima edici\u00f3n con la presencia de dos de los grandes chefs del planeta. Virgilio Mart\u00ednez del restaurante Central \u2013ubicado en Lima, Per\u00fa, y posicionado en el n\u00famero #2 de The World\u2019s 50 Best Restaurants 2022\u2013; y Mauro Colagreco del restaurante Mirazur \u2013ubicado en Menton, Francia y nombrado como el mejor restaurante del mundo en 2019 por la misma lista\u2013 se dieron cita el pasado viernes 28 de octubre para servir, en el turno de comida y cena, una experiencia \u00fanica con tres de los mejores restaurantes del planeta ofreciendo un men\u00fa in\u00e9dito y exclusivo para la celebraci\u00f3n.<br \/>\nAlejandra Flores, Jorge Vallejo y toda la familia Quintonil fueron los anfitriones de una comida y una cena, dise\u00f1ada junto a los chefs Virgilio Mart\u00ednez y Mauro Colagreco, en el marco de Quintonil Diez, una serie de diez experiencias para celebrar los diez a\u00f1os del restaurante mexicano. <img decoding=\"async\" class=\"size-medium wp-image-419560 alignleft\" src=\"https:\/\/dimensionturistica.com\/es\/wp-content\/uploads\/2022\/11\/IMG_5031-200x300.jpg\" alt=\"\" width=\"200\" height=\"300\" srcset=\"https:\/\/dimensionturistica.com\/es\/wp-content\/uploads\/2022\/11\/IMG_5031-200x300.jpg 200w, https:\/\/dimensionturistica.com\/es\/wp-content\/uploads\/2022\/11\/IMG_5031-683x1024.jpg 683w, https:\/\/dimensionturistica.com\/es\/wp-content\/uploads\/2022\/11\/IMG_5031-768x1152.jpg 768w, https:\/\/dimensionturistica.com\/es\/wp-content\/uploads\/2022\/11\/IMG_5031-1024x1536.jpg 1024w, https:\/\/dimensionturistica.com\/es\/wp-content\/uploads\/2022\/11\/IMG_5031-750x1125.jpg 750w, https:\/\/dimensionturistica.com\/es\/wp-content\/uploads\/2022\/11\/IMG_5031-1140x1710.jpg 1140w, https:\/\/dimensionturistica.com\/es\/wp-content\/uploads\/2022\/11\/IMG_5031.jpg 1365w\" sizes=\"(max-width: 200px) 100vw, 200px\" \/>Virgilio y Mauro fueron los encargados de cerrar con broche de oro la iniciativa Quintonil Diez, la cual trajo a la Ciudad de M\u00e9xico a una lista selecta de los mejores chefs del planeta, incluyendo a Micha Tsumura, Manu Buffara, Heinz Reitbauer, Julien Royer, Andreas Caminada, entre otros. Para empezar la experiencia, los comensales compartieron un c\u00f3ctel de bienvenida con un marcado gui\u00f1o peruano que llev\u00f3 por nombre Queen-tonil, a base de Tequila Jos\u00e9 Cuervo Reserva de la Familia Platino, chicha morada, jengibre, lim\u00f3n, jarabe de agave y burbuja de sal Maldon.<br \/>\nFiel a su estilo, Virgilio Mart\u00ednez dio c\u00e1tedra de los ingredientes end\u00e9micos de Per\u00fa, ofreciendo platillos con productos de los distintos ecosistemas de su pa\u00eds. Tal es el caso del plato de cangrejo y algas de menos 15 metros de profundidad con el que arranc\u00f3 la experiencia. Otro ejemplo de su<img decoding=\"async\" class=\"size-medium wp-image-419554 alignright\" src=\"https:\/\/dimensionturistica.com\/es\/wp-content\/uploads\/2022\/11\/IMG_5039-200x300.jpg\" alt=\"\" width=\"200\" height=\"300\" srcset=\"https:\/\/dimensionturistica.com\/es\/wp-content\/uploads\/2022\/11\/IMG_5039-200x300.jpg 200w, https:\/\/dimensionturistica.com\/es\/wp-content\/uploads\/2022\/11\/IMG_5039-683x1024.jpg 683w, https:\/\/dimensionturistica.com\/es\/wp-content\/uploads\/2022\/11\/IMG_5039-768x1152.jpg 768w, https:\/\/dimensionturistica.com\/es\/wp-content\/uploads\/2022\/11\/IMG_5039-1024x1536.jpg 1024w, https:\/\/dimensionturistica.com\/es\/wp-content\/uploads\/2022\/11\/IMG_5039-750x1125.jpg 750w, https:\/\/dimensionturistica.com\/es\/wp-content\/uploads\/2022\/11\/IMG_5039-1140x1710.jpg 1140w, https:\/\/dimensionturistica.com\/es\/wp-content\/uploads\/2022\/11\/IMG_5039.jpg 1365w\" sizes=\"(max-width: 200px) 100vw, 200px\" \/> propuesta gastron\u00f3mica en funci\u00f3n de la investigaci\u00f3n que el equipo de Central ha realizado a lo largo y ancho de Per\u00fa fue el platillo denominado Suelo de Mar, a base de callo de hacha, espirulina y sargazo; y el Bosque Andino, a base de ma\u00edz del Valle Sagrado, kiwicha y cancha. Mauro Colagreco sorprendi\u00f3 con su paleta de p\u00e9talos de cosmos y tartar de ternero y con su plato denominado Amarillos de mar, tierra y monta\u00f1a; adem\u00e1s del cristal de c\u00edtricos que present\u00f3 como parte de los postres. Por su parte, Jorge Vallejo no se qued\u00f3 atr\u00e1s y ofreci\u00f3 una muestra de su cocina empezando por una langosta roja de Baja California, calabaza y mojo de citronela tatemada, seguida de un mole verde de leche bronca con pimiento shishito, ojo de bife al grill y hojas picantes. Para el final, el chef Virgilio Mart\u00ednez ofreci\u00f3 un postre a base de cacao, copoaz\u00fa y macambo armonizado con Tequila Jos\u00e9 Cuervo Reserva de la Familia <img decoding=\"async\" class=\"size-medium wp-image-419556 alignleft\" src=\"https:\/\/dimensionturistica.com\/es\/wp-content\/uploads\/2022\/11\/IMG_5003-200x300.jpg\" alt=\"\" width=\"200\" height=\"300\" srcset=\"https:\/\/dimensionturistica.com\/es\/wp-content\/uploads\/2022\/11\/IMG_5003-200x300.jpg 200w, https:\/\/dimensionturistica.com\/es\/wp-content\/uploads\/2022\/11\/IMG_5003-683x1024.jpg 683w, https:\/\/dimensionturistica.com\/es\/wp-content\/uploads\/2022\/11\/IMG_5003-768x1152.jpg 768w, https:\/\/dimensionturistica.com\/es\/wp-content\/uploads\/2022\/11\/IMG_5003-1024x1536.jpg 1024w, https:\/\/dimensionturistica.com\/es\/wp-content\/uploads\/2022\/11\/IMG_5003-750x1125.jpg 750w, https:\/\/dimensionturistica.com\/es\/wp-content\/uploads\/2022\/11\/IMG_5003-1140x1710.jpg 1140w, https:\/\/dimensionturistica.com\/es\/wp-content\/uploads\/2022\/11\/IMG_5003.jpg 1365w\" sizes=\"(max-width: 200px) 100vw, 200px\" \/>Reposado.<br \/>\nCasa Madero, la vin\u00edcola m\u00e1s antigua del continente, ubicada en Parras, Coahuila, se ha sumado a Quintonil Diez con una etiqueta \u00fanica dise\u00f1ada en conjunto con Jorge Vallejo. Se trata de una edici\u00f3n limitada a 1597 botellas (en alusi\u00f3n al a\u00f1o de fundaci\u00f3n de la vin\u00edcola) de un ensamble \u00fanico de cabernet franc, malbec y petite sirah con crianza de 18 a 24 meses en barrica. Este vino sirvi\u00f3 para el mole verde que ofreci\u00f3 Jorge Vallejo como plato fuerte.<br \/>\nVolvo forma parte de la celebraci\u00f3n como el veh\u00edculo oficial de Quintonil Diez, transportando a los chefs Virgilio Mart\u00ednez y Mauro Colagreco en camionetas de lujo durante sus d\u00edas en M\u00e9xico. Por su parte, el chef Jorge Vallejo maneja una camioneta XC90 h\u00edbrida, reforzando su objetivo de consolidar la oferta de autom\u00f3viles h\u00edbridos y el\u00e9ctricos, en su b\u00fasqueda constante por la sustentabilidad y en congruencia de este v\u00ednculo con la gastronom\u00eda mexicana.<br \/>\nCon esta edici\u00f3n, dio cierre la iniciativa Quintonil Diez, motivo de celebraci\u00f3n de los primeros diez a\u00f1os del restaurante Quintonil, diez a\u00f1os de cosechar grandes \u00e9xitos y de poner el nombre de M\u00e9xico en todo lo alto. Quintonil se ubica hoy en el n\u00famero 9 de la lista The World &#8216;s 50 Best Restaurants.<\/p>\n","protected":false},"excerpt":{"rendered":"<p>Quintonil Diez, iniciativa creada para celebrar el d\u00e9cimo aniversario del restaurante Quintonil, celebr\u00f3 su d\u00e9cima edici\u00f3n con la presencia de dos de los grandes chefs del planeta. Virgilio Mart\u00ednez del restaurante Central \u2013ubicado en Lima, Per\u00fa, y posicionado en el n\u00famero #2 de The World\u2019s 50 Best Restaurants 2022\u2013; y Mauro Colagreco del restaurante Mirazur [&hellip;]<\/p>\n","protected":false},"author":1,"featured_media":419562,"comment_status":"open","ping_status":"closed","sticky":false,"template":"","format":"standard","meta":{"om_disable_all_campaigns":false,"jnews-multi-image_gallery":[],"jnews_single_post":{"source_name":"","source_url":"","via_name":"","via_url":"","override_template":"0","override":[{"template":"1","single_blog_custom":"","parallax":"1","fullscreen":"1","layout":"right-sidebar","sidebar":"default-sidebar","second_sidebar":"default-sidebar","sticky_sidebar":"1","share_position":"top","share_float_style":"share-monocrhome","show_share_counter":"1","show_view_counter":"1","show_featured":"1","show_post_meta":"1","show_post_author":"1","show_post_author_image":"1","show_post_date":"1","post_date_format":"default","post_date_format_custom":"Y\/m\/d","show_post_category":"1","show_post_reading_time":"0","post_reading_time_wpm":"300","show_zoom_button":"0","zoom_button_out_step":"2","zoom_button_in_step":"3","show_post_tag":"1","show_prev_next_post":"1","show_popup_post":"1","number_popup_post":"1","show_author_box":"0","show_post_related":"0","show_inline_post_related":"0"}],"override_image_size":"0","image_override":[{"single_post_thumbnail_size":"crop-500","single_post_gallery_size":"crop-500"}],"trending_post":"0","trending_post_position":"meta","trending_post_label":"Trending","sponsored_post":"0","sponsored_post_label":"Sponsored by","sponsored_post_name":"","sponsored_post_url":"","sponsored_post_logo_enable":"0","sponsored_post_logo":"","sponsored_post_desc":"","disable_ad":"0"},"jnews_primary_category":{"id":"","hide":""},"jnews_social_meta":{"fb_title":"","fb_description":"","fb_image":"","twitter_title":"","twitter_description":"","twitter_image":""},"footnotes":""},"categories":[43],"tags":[],"class_list":["post-419550","post","type-post","status-publish","format-standard","has-post-thumbnail","hentry","category-gourmet"],"_links":{"self":[{"href":"https:\/\/dimensionturistica.com\/es\/wp-json\/wp\/v2\/posts\/419550","targetHints":{"allow":["GET"]}}],"collection":[{"href":"https:\/\/dimensionturistica.com\/es\/wp-json\/wp\/v2\/posts"}],"about":[{"href":"https:\/\/dimensionturistica.com\/es\/wp-json\/wp\/v2\/types\/post"}],"author":[{"embeddable":true,"href":"https:\/\/dimensionturistica.com\/es\/wp-json\/wp\/v2\/users\/1"}],"replies":[{"embeddable":true,"href":"https:\/\/dimensionturistica.com\/es\/wp-json\/wp\/v2\/comments?post=419550"}],"version-history":[{"count":0,"href":"https:\/\/dimensionturistica.com\/es\/wp-json\/wp\/v2\/posts\/419550\/revisions"}],"wp:featuredmedia":[{"embeddable":true,"href":"https:\/\/dimensionturistica.com\/es\/wp-json\/wp\/v2\/media\/419562"}],"wp:attachment":[{"href":"https:\/\/dimensionturistica.com\/es\/wp-json\/wp\/v2\/media?parent=419550"}],"wp:term":[{"taxonomy":"category","embeddable":true,"href":"https:\/\/dimensionturistica.com\/es\/wp-json\/wp\/v2\/categories?post=419550"},{"taxonomy":"post_tag","embeddable":true,"href":"https:\/\/dimensionturistica.com\/es\/wp-json\/wp\/v2\/tags?post=419550"}],"curies":[{"name":"wp","href":"https:\/\/api.w.org\/{rel}","templated":true}]}}