{"id":419184,"date":"2022-11-04T22:52:15","date_gmt":"2022-11-04T22:52:15","guid":{"rendered":"https:\/\/dimensionturistica.com\/es\/?p=419184"},"modified":"2022-11-04T22:52:15","modified_gmt":"2022-11-04T22:52:15","slug":"conozcan-al-nuevo-integrante-canino-del-aeropuerto-de-guadalajara","status":"publish","type":"post","link":"https:\/\/dimensionturistica.com\/es\/conozcan-al-nuevo-integrante-canino-del-aeropuerto-de-guadalajara\/","title":{"rendered":"Conozcan al nuevo integrante Canino del Aeropuerto de Guadalajara"},"content":{"rendered":"<p>El Aeropuerto Internacional de Guadalajara anunci\u00f3 a un nuevo integrante, un perrito labrador que tendr\u00e1<img decoding=\"async\" class=\"size-medium wp-image-419188 alignright\" src=\"https:\/\/dimensionturistica.com\/es\/wp-content\/uploads\/2022\/11\/PERRITO-300x200.jpg\" alt=\"\" width=\"300\" height=\"200\" srcset=\"https:\/\/dimensionturistica.com\/es\/wp-content\/uploads\/2022\/11\/PERRITO-300x200.jpg 300w, https:\/\/dimensionturistica.com\/es\/wp-content\/uploads\/2022\/11\/PERRITO.jpg 500w\" sizes=\"(max-width: 300px) 100vw, 300px\" \/> la misi\u00f3n de darle la bienvenida a las personas locales y visitantes que visiten las instalaciones.<br \/>\nEl amistoso peludo pertenece al equipo de los Agentes de Experiencia al Pasajero y Aseguramiento de la Calidad, cuyo principal objetivo es mantener servicios correctos y de calidad en las instalaciones aeroportuarias.<br \/>\nLa presencia de este personaje fue presentada en las redes sociales oficiales del Aeropuerto, donde se mostr\u00f3 sus habilidades sociales y algunos trucos como saludar y dar la patita y dejarse acariciar por algunos de los viajeros que visitan la<br \/>\nPerla Tapat\u00eda.<br \/>\nSeg\u00fan lo publicado en redes sociales, este labrador tiene un a\u00f1o de edad, pesa alrededor de 29 kilos, y adora jugar a la pelota. Adem\u00e1s, entre sus actividades se encuentra comer galletas, recibir mimos y ver los<img decoding=\"async\" class=\"size-medium wp-image-419186 alignright\" src=\"https:\/\/dimensionturistica.com\/es\/wp-content\/uploads\/2022\/11\/Foto-Facebook-Aeropuerto-Internacional-de-Guadalajara-1-295x300.jpg\" alt=\"\" width=\"295\" height=\"300\" srcset=\"https:\/\/dimensionturistica.com\/es\/wp-content\/uploads\/2022\/11\/Foto-Facebook-Aeropuerto-Internacional-de-Guadalajara-1-295x300.jpg 295w, https:\/\/dimensionturistica.com\/es\/wp-content\/uploads\/2022\/11\/Foto-Facebook-Aeropuerto-Internacional-de-Guadalajara-1-1009x1024.jpg 1009w, https:\/\/dimensionturistica.com\/es\/wp-content\/uploads\/2022\/11\/Foto-Facebook-Aeropuerto-Internacional-de-Guadalajara-1-768x780.jpg 768w, https:\/\/dimensionturistica.com\/es\/wp-content\/uploads\/2022\/11\/Foto-Facebook-Aeropuerto-Internacional-de-Guadalajara-1-1513x1536.jpg 1513w, https:\/\/dimensionturistica.com\/es\/wp-content\/uploads\/2022\/11\/Foto-Facebook-Aeropuerto-Internacional-de-Guadalajara-1-75x75.jpg 75w, https:\/\/dimensionturistica.com\/es\/wp-content\/uploads\/2022\/11\/Foto-Facebook-Aeropuerto-Internacional-de-Guadalajara-1-750x762.jpg 750w, https:\/\/dimensionturistica.com\/es\/wp-content\/uploads\/2022\/11\/Foto-Facebook-Aeropuerto-Internacional-de-Guadalajara-1-1140x1158.jpg 1140w, https:\/\/dimensionturistica.com\/es\/wp-content\/uploads\/2022\/11\/Foto-Facebook-Aeropuerto-Internacional-de-Guadalajara-1.jpg 2017w\" sizes=\"(max-width: 295px) 100vw, 295px\" \/> aviones en la terminal del aeropuerto.<br \/>\nEl perrito a\u00fan no tiene nombre, y por ello, el Aeropuerto Internacional de Guadalajara pide ayuda a trav\u00e9s de una encuesta para votar por su nombre favorito o proponer alg\u00fan otro nombre. Hasta el momento, se puede elegir entre Snoopy, Toby, Slinky, Bolt o Marley.<br \/>\nLa Oficina de Visitantes y Convenciones de Guadalajara te invita a participar para ponerle nombre a este nuevo amigo del Aeropuerto Internacional de Guadalajara.<br \/>\nCuando viajes a la ciudad v\u00eda a\u00e9rea, no dudes en buscar al labrador por los pasillos del Aeropuerto para acariciarlo y convivir con \u00e9l de manera responsable.<\/p>\n","protected":false},"excerpt":{"rendered":"<p>El Aeropuerto Internacional de Guadalajara anunci\u00f3 a un nuevo integrante, un perrito labrador que tendr\u00e1 la misi\u00f3n de darle la bienvenida a las personas locales y visitantes que visiten las instalaciones. El amistoso peludo pertenece al equipo de los Agentes de Experiencia al Pasajero y Aseguramiento de la Calidad, cuyo principal objetivo es mantener servicios [&hellip;]<\/p>\n","protected":false},"author":1,"featured_media":419185,"comment_status":"open","ping_status":"closed","sticky":false,"template":"","format":"standard","meta":{"om_disable_all_campaigns":false,"jnews-multi-image_gallery":[],"jnews_single_post":{"source_name":"","source_url":"","via_name":"","via_url":"","override_template":"0","override":[{"template":"1","single_blog_custom":"","parallax":"1","fullscreen":"1","layout":"right-sidebar","sidebar":"default-sidebar","second_sidebar":"default-sidebar","sticky_sidebar":"1","share_position":"top","share_float_style":"share-monocrhome","show_share_counter":"1","show_view_counter":"1","show_featured":"1","show_post_meta":"1","show_post_author":"1","show_post_author_image":"1","show_post_date":"1","post_date_format":"default","post_date_format_custom":"Y\/m\/d","show_post_category":"1","show_post_reading_time":"0","post_reading_time_wpm":"300","show_zoom_button":"0","zoom_button_out_step":"2","zoom_button_in_step":"3","show_post_tag":"1","show_prev_next_post":"1","show_popup_post":"1","number_popup_post":"1","show_author_box":"0","show_post_related":"0","show_inline_post_related":"0"}],"override_image_size":"0","image_override":[{"single_post_thumbnail_size":"crop-500","single_post_gallery_size":"crop-500"}],"trending_post":"0","trending_post_position":"meta","trending_post_label":"Trending","sponsored_post":"0","sponsored_post_label":"Sponsored by","sponsored_post_name":"","sponsored_post_url":"","sponsored_post_logo_enable":"0","sponsored_post_logo":"","sponsored_post_desc":"","disable_ad":"0"},"jnews_primary_category":{"id":"","hide":""},"jnews_social_meta":{"fb_title":"","fb_description":"","fb_image":"","twitter_title":"","twitter_description":"","twitter_image":""},"footnotes":""},"categories":[39],"tags":[],"class_list":["post-419184","post","type-post","status-publish","format-standard","has-post-thumbnail","hentry","category-viajes"],"_links":{"self":[{"href":"https:\/\/dimensionturistica.com\/es\/wp-json\/wp\/v2\/posts\/419184","targetHints":{"allow":["GET"]}}],"collection":[{"href":"https:\/\/dimensionturistica.com\/es\/wp-json\/wp\/v2\/posts"}],"about":[{"href":"https:\/\/dimensionturistica.com\/es\/wp-json\/wp\/v2\/types\/post"}],"author":[{"embeddable":true,"href":"https:\/\/dimensionturistica.com\/es\/wp-json\/wp\/v2\/users\/1"}],"replies":[{"embeddable":true,"href":"https:\/\/dimensionturistica.com\/es\/wp-json\/wp\/v2\/comments?post=419184"}],"version-history":[{"count":0,"href":"https:\/\/dimensionturistica.com\/es\/wp-json\/wp\/v2\/posts\/419184\/revisions"}],"wp:featuredmedia":[{"embeddable":true,"href":"https:\/\/dimensionturistica.com\/es\/wp-json\/wp\/v2\/media\/419185"}],"wp:attachment":[{"href":"https:\/\/dimensionturistica.com\/es\/wp-json\/wp\/v2\/media?parent=419184"}],"wp:term":[{"taxonomy":"category","embeddable":true,"href":"https:\/\/dimensionturistica.com\/es\/wp-json\/wp\/v2\/categories?post=419184"},{"taxonomy":"post_tag","embeddable":true,"href":"https:\/\/dimensionturistica.com\/es\/wp-json\/wp\/v2\/tags?post=419184"}],"curies":[{"name":"wp","href":"https:\/\/api.w.org\/{rel}","templated":true}]}}