{"id":419075,"date":"2022-11-04T19:52:51","date_gmt":"2022-11-04T19:52:51","guid":{"rendered":"https:\/\/dimensionturistica.com\/es\/?p=419075"},"modified":"2022-11-04T19:52:51","modified_gmt":"2022-11-04T19:52:51","slug":"alistan-temporada-turistica-invernal-en-santiago-de-cuba","status":"publish","type":"post","link":"https:\/\/dimensionturistica.com\/es\/alistan-temporada-turistica-invernal-en-santiago-de-cuba\/","title":{"rendered":"Alistan temporada tur\u00edstica invernal en Santiago de Cuba"},"content":{"rendered":"<p> <br \/>\n<\/p>\n<div id=\"\">\n\t\t\t\t\t\t\t\t&#13;<\/p>\n<p>\u00a0<\/p>\n<p>&#13;<\/p>\n<p><img decoding=\"async\" src=\"https:\/\/news.google.com\/images\/2022\/Noviembre\/1104-turismo.jpg\" alt=\"1104-turismo.jpg\"\/><\/p>\n<p>&#13;<\/p>\n<p>Santiago de Cuba, 4 nov (ACN) Con la restauraci\u00f3n de instalaciones hoteleras, firma de convenios con instituciones extranjeras y categorizaci\u00f3n del private, el sector tur\u00edstico alista la temporada de invierno en Santiago de Cuba.<\/p>\n<p>&#13;<\/p>\n<p>Seg\u00fan refiri\u00f3 a la Agencia Cubana de Noticias Zoraida Lozano, delegada del ramo en la provincia, el inicio de vuelos directos desde Espa\u00f1a al territorio a partir del pr\u00f3ximo 11 de noviembre constituye una de las novedades de la etapa.<\/p>\n<p>&#13;<\/p>\n<p>Asever\u00f3 la importancia de la Feria Internacional de Turismo, desarrollada en mayo del presente a\u00f1o, para potenciar el inter\u00e9s de turoperadores for\u00e1neos por la historia, patrimonio y cultura, principales atractivos de la demarcaci\u00f3n.<\/p>\n<p>&#13;<\/p>\n<p>La reducci\u00f3n de la actividad tur\u00edstica durante los a\u00f1os de pandemia represent\u00f3 una oportunidad de recuperar y redise\u00f1ar la imagen infraestructural de los complejos hoteleros Sierra Mar-Los Galeones y Carisol-Los Corales, destinos de sol y playa, explic\u00f3.<\/p>\n<p>&#13;<\/p>\n<p>Lozano subray\u00f3 el aprovechamiento de paisajes propicios para el senderismo y la actualizaci\u00f3n de men\u00fas, a fin de potenciar la elaboraci\u00f3n de platos y bebidas aut\u00f3ctonos y garantizar la satisfacci\u00f3n de quienes visitan el oriente del pa\u00eds.<\/p>\n<p>&#13;<\/p>\n<p>Respecto a la capacitaci\u00f3n de los trabajadores, destac\u00f3 el desarrollo de jornadas de la calidad, olimpiadas de culinarios y cantineros a nivel nacional, la categorizaci\u00f3n de restaurantes y evaluaci\u00f3n de artistas afiliados a las instalaciones.<\/p>\n<p>&#13;<\/p>\n<p>Signific\u00f3 la firma de provechosos acuerdos con actores econ\u00f3micos no estatales de la industria agroalimentaria, en aras de reducir la importaci\u00f3n de ingredientes y enriquecer las ofertas gastron\u00f3micas.<\/p>\n<p>&#13;<\/p>\n<p>Declarada por la Organizaci\u00f3n de Naciones Unidas para la Educaci\u00f3n, la Ciencia y la Cultura como Ciudad Creativa en la M\u00fasica, Santiago de Cuba pretende posicionarse entre los principales destinos tur\u00edsticos de la regi\u00f3n mediante la exaltaci\u00f3n de sus tradiciones.<\/p>\n<\/p><\/div>\n\n<p><em> &#8221; Fuentes news.google.com &#8221; <\/em><\/p>\n","protected":false},"excerpt":{"rendered":"<p>&#13; \u00a0 &#13; &#13; Santiago de Cuba, 4 nov (ACN) Con la restauraci\u00f3n de instalaciones hoteleras, firma de convenios con instituciones extranjeras y categorizaci\u00f3n del private, el sector tur\u00edstico alista la temporada de invierno en Santiago de Cuba. &#13; Seg\u00fan refiri\u00f3 a la Agencia Cubana de Noticias Zoraida Lozano, delegada del ramo en la provincia, [&hellip;]<\/p>\n","protected":false},"author":4,"featured_media":0,"comment_status":"open","ping_status":"closed","sticky":false,"template":"","format":"standard","meta":{"om_disable_all_campaigns":false,"jnews-multi-image_gallery":[],"jnews_single_post":[],"jnews_primary_category":[],"jnews_social_meta":[],"footnotes":""},"categories":[40],"tags":[956,56570],"class_list":["post-419075","post","type-post","status-publish","format-standard","hentry","category-industria","tag-cuba","tag-temporada-alta-del-turismo-en-santiago-de-cuba"],"_links":{"self":[{"href":"https:\/\/dimensionturistica.com\/es\/wp-json\/wp\/v2\/posts\/419075","targetHints":{"allow":["GET"]}}],"collection":[{"href":"https:\/\/dimensionturistica.com\/es\/wp-json\/wp\/v2\/posts"}],"about":[{"href":"https:\/\/dimensionturistica.com\/es\/wp-json\/wp\/v2\/types\/post"}],"author":[{"embeddable":true,"href":"https:\/\/dimensionturistica.com\/es\/wp-json\/wp\/v2\/users\/4"}],"replies":[{"embeddable":true,"href":"https:\/\/dimensionturistica.com\/es\/wp-json\/wp\/v2\/comments?post=419075"}],"version-history":[{"count":0,"href":"https:\/\/dimensionturistica.com\/es\/wp-json\/wp\/v2\/posts\/419075\/revisions"}],"wp:attachment":[{"href":"https:\/\/dimensionturistica.com\/es\/wp-json\/wp\/v2\/media?parent=419075"}],"wp:term":[{"taxonomy":"category","embeddable":true,"href":"https:\/\/dimensionturistica.com\/es\/wp-json\/wp\/v2\/categories?post=419075"},{"taxonomy":"post_tag","embeddable":true,"href":"https:\/\/dimensionturistica.com\/es\/wp-json\/wp\/v2\/tags?post=419075"}],"curies":[{"name":"wp","href":"https:\/\/api.w.org\/{rel}","templated":true}]}}