{"id":419067,"date":"2022-11-04T19:36:46","date_gmt":"2022-11-04T19:36:46","guid":{"rendered":"https:\/\/dimensionturistica.com\/es\/?p=419067"},"modified":"2022-11-04T19:36:46","modified_gmt":"2022-11-04T19:36:46","slug":"asturias-congela-el-esqui-de-fuentes-de-invierno-y-valgrande-pajares-noticias","status":"publish","type":"post","link":"https:\/\/dimensionturistica.com\/es\/asturias-congela-el-esqui-de-fuentes-de-invierno-y-valgrande-pajares-noticias\/","title":{"rendered":"Asturias congela el esqu\u00ed de Fuentes de Invierno y Valgrande-Pajares &#8211; Noticias"},"content":{"rendered":"<p> <br \/>\n<\/p>\n<div itemprop=\"articleBody\">\n<p>El Consejo de Gobierno del Principado de Asturias ha aprobado este viernes los precios p\u00fablicos para las estaciones de esqu\u00ed de <a rel=\"nofollow noopener\" target=\"_blank\" href=\"https:\/\/www.nevasport.com\/estaciones\/espana\/asturias\/fuentes-de-invierno\/\" title=\"Estaci\u00f3n de esqu\u00ed de Fuentes de Invierno\"><strong>Fuentes de Invierno<\/strong><\/a> y <a rel=\"nofollow noopener\" target=\"_blank\" href=\"https:\/\/www.nevasport.com\/estaciones\/espana\/asturias\/valgrande-pajares\/\" title=\"Estaci\u00f3n de esqu\u00ed de Valgrande-Pajares\"><strong>Valgrande-Pajares<\/strong><\/a>, que mantienen las mismas tarifas que la pasada campa\u00f1a, es decir, <strong>27 euros<\/strong> para la primera de ellas y <strong>29 \u20ac<\/strong> para la otra.<\/p>\n<p>La fecha estimada para el inicio de la temporada es el <strong>2 de diciembre<\/strong> y se prolongar\u00e1 <strong>hasta el 9 de abril.<\/strong> No obstante, el calendario previsto est\u00e1 sujeto a las condiciones meteorol\u00f3gicas y, en el caso de Valgrande-Pajares, condicionado tambi\u00e9n por la finalizaci\u00f3n de los trabajos de reconstrucci\u00f3n de la estaci\u00f3n, que avanzan a buen ritmo.<\/p>\n<p>Seg\u00fan indican desde el Ejecutivo, al igual que en campa\u00f1as anteriores, se contempla la celebraci\u00f3n del <strong>D\u00eda del esquiador <\/strong>todos los viernes de temporada baja en Valgrande-Pajares, con un precio de forfait de <strong>16 euros<\/strong>. En Fuentes de Invierno ser\u00e1 los mi\u00e9rcoles de temporada baja y el forfait costar\u00e1 <strong>15 euros<\/strong>.<\/p>\n<p>Para el forfait de d\u00eda de temporada alta se mantiene un descuento del 10% para grupos de 10 a 15 personas, del 15% para grupos entre 16 y 30, y del 20% para aquellos de m\u00e1s de 30.<\/p>\n<p>El programa deportivo <strong>Semana Blanca<\/strong>, que organiza la Direcci\u00f3n Common de Deporte, incluye un forfait especial gratuito. Tambi\u00e9n se contemplan descuentos del 5% a las centrales de reservas, del 15% a minoristas o agencias de viaje y del 20% a mayoristas y turoperadores.<\/p>\n<p>Las dos estaciones de esqu\u00ed asturianas, dependientes de la Consejer\u00eda de Cultura, Pol\u00edtica Lling\u00fc\u00edstica y Turismo, recibieron la temporada pasada a <strong>150.184 esquiadores<\/strong> y obtuvieron una recaudaci\u00f3n por venta de forfaits de <strong>1.922.944 euros<\/strong>. La Semana Blanca llev\u00f3 a Pajares y Fuentes de Invierno a 4.864 escolares de 113 centros educativos.<\/p>\n<h3>Precios de los forfaits en Asturias:<\/h3>\n<ul>&#13;<\/p>\n<li>Valgrande-Pajares: 29 euros (23 \u20ac en temporada baja)<\/li>\n<p>&#13;<\/p>\n<li>Fuentes de Invierno: 27 euros (21 \u20ac en temporada baja)<\/li>\n<p>&#13;\n<\/ul>\n<figure class=\"image\" data-tc-id=\"w-0.9774661085993037\"><img decoding=\"async\" loading=\"lazy\" itemprop=\"image\" src=\"https:\/\/www.nevasport.com\/fotos\/041122\/963568-Telecabina-Cuitu-Negru-de-Valgrande-Pajares_tn900x.jpg\" border=\"0\" alt=\"Telecabina Cuitu Negru de Valgrande-Pajares\"\/>&#13;<figcaption data-tc-id=\"w-0.8434105711181886\"><em><strong>En Pajares ya han comenzado a colgar las cabinas de su nuevo Telecabina Cuitu Negru<\/strong><\/em><\/figcaption>&#13;<br \/>\n<\/figure>\n<\/p><\/div>\n\n<p><em> &#8221; Fuentes news.google.com &#8221; <\/em><\/p>\n","protected":false},"excerpt":{"rendered":"<p>El Consejo de Gobierno del Principado de Asturias ha aprobado este viernes los precios p\u00fablicos para las estaciones de esqu\u00ed de Fuentes de Invierno y Valgrande-Pajares, que mantienen las mismas tarifas que la pasada campa\u00f1a, es decir, 27 euros para la primera de ellas y 29 \u20ac para la otra. La fecha estimada para el [&hellip;]<\/p>\n","protected":false},"author":4,"featured_media":419068,"comment_status":"open","ping_status":"closed","sticky":false,"template":"","format":"standard","meta":{"om_disable_all_campaigns":false,"jnews-multi-image_gallery":[],"jnews_single_post":[],"jnews_primary_category":[],"jnews_social_meta":[],"footnotes":""},"categories":[40],"tags":[6512,705],"class_list":["post-419067","post","type-post","status-publish","format-standard","has-post-thumbnail","hentry","category-industria","tag-norte","tag-noticias"],"_links":{"self":[{"href":"https:\/\/dimensionturistica.com\/es\/wp-json\/wp\/v2\/posts\/419067","targetHints":{"allow":["GET"]}}],"collection":[{"href":"https:\/\/dimensionturistica.com\/es\/wp-json\/wp\/v2\/posts"}],"about":[{"href":"https:\/\/dimensionturistica.com\/es\/wp-json\/wp\/v2\/types\/post"}],"author":[{"embeddable":true,"href":"https:\/\/dimensionturistica.com\/es\/wp-json\/wp\/v2\/users\/4"}],"replies":[{"embeddable":true,"href":"https:\/\/dimensionturistica.com\/es\/wp-json\/wp\/v2\/comments?post=419067"}],"version-history":[{"count":0,"href":"https:\/\/dimensionturistica.com\/es\/wp-json\/wp\/v2\/posts\/419067\/revisions"}],"wp:featuredmedia":[{"embeddable":true,"href":"https:\/\/dimensionturistica.com\/es\/wp-json\/wp\/v2\/media\/419068"}],"wp:attachment":[{"href":"https:\/\/dimensionturistica.com\/es\/wp-json\/wp\/v2\/media?parent=419067"}],"wp:term":[{"taxonomy":"category","embeddable":true,"href":"https:\/\/dimensionturistica.com\/es\/wp-json\/wp\/v2\/categories?post=419067"},{"taxonomy":"post_tag","embeddable":true,"href":"https:\/\/dimensionturistica.com\/es\/wp-json\/wp\/v2\/tags?post=419067"}],"curies":[{"name":"wp","href":"https:\/\/api.w.org\/{rel}","templated":true}]}}