{"id":418914,"date":"2022-11-04T15:10:54","date_gmt":"2022-11-04T15:10:54","guid":{"rendered":"https:\/\/dimensionturistica.com\/es\/?p=418914"},"modified":"2022-11-04T15:10:54","modified_gmt":"2022-11-04T15:10:54","slug":"418914-2","status":"publish","type":"post","link":"https:\/\/dimensionturistica.com\/es\/418914-2\/","title":{"rendered":""},"content":{"rendered":"<p>Volaris, la aerol\u00ednea de ultra bajo costo que opera en M\u00e9xico, Estados Unidos, Centro y Sudam\u00e9rica, fue reconocida por el Centro de Aviaci\u00f3n, Transporte y Medio Ambiente (CAPA por sus siglas en ingl\u00e9s) por su desempe\u00f1o sostenible para la recuperaci\u00f3n operacional y financiera de la compa\u00f1\u00eda tras la pandemia por covid-19.<img decoding=\"async\" class=\"size-medium wp-image-418918 alignright\" src=\"https:\/\/dimensionturistica.com\/es\/wp-content\/uploads\/2022\/11\/VOI-2-300x225.jpeg\" alt=\"\" width=\"300\" height=\"225\" srcset=\"https:\/\/dimensionturistica.com\/es\/wp-content\/uploads\/2022\/11\/VOI-2-300x225.jpeg 300w, https:\/\/dimensionturistica.com\/es\/wp-content\/uploads\/2022\/11\/VOI-2-768x576.jpeg 768w, https:\/\/dimensionturistica.com\/es\/wp-content\/uploads\/2022\/11\/VOI-2-750x563.jpeg 750w, https:\/\/dimensionturistica.com\/es\/wp-content\/uploads\/2022\/11\/VOI-2.jpeg 1024w\" sizes=\"(max-width: 300px) 100vw, 300px\" \/><br \/>\nEl reconocimiento \u201cLatin American Environmental Sustainability Airline of the Year\u201d se otorga despu\u00e9s de un an\u00e1lisis del Informe de Evaluaci\u00f3n Comparativa de la Sostenibilidad de las Aerol\u00edneas, el cual toma en cuenta criterios como los programas de compensaci\u00f3n de emisiones, emisiones por aeronave y totales de CO2, as\u00ed como el consumo de combustible.<br \/>\n\u201cLos Premios CAPA a la Excelencia en Aviaci\u00f3n Sostenible emplea una serie de datos y an\u00e1lisis independientes para reconocer a aquellas aerol\u00edneas y empresas de la industria del turismo que han demostrado un claro liderazgo, innovaci\u00f3n y compromiso con las iniciativas en materia de sostenibilidad. Estos ganadores est\u00e1n ayudando a generar el impulso positivo que se necesita para impulsar a toda la industria hacia sus objetivos medioambientales\u201d coment\u00f3, Marco Navarria, director de marketing y contenido de CAPA \u2013 Centro de Aviaci\u00f3n.<br \/>\nDe acuerdo con CAPA, Volaris destaca por su liderazgo en materia de sostenibilidad en Am\u00e9rica Latina, as\u00ed como por su innovaci\u00f3n al adoptar la sustentabilidad a su modelo de negocio.<br \/>\n&#8220;Este reconocimiento hace visible nuestro esfuerzo de integrar la sostenibilidad al ADN de la empresa. Adem\u00e1s de reducir nuestras emisiones de CO2 en 35.4% para 2030, seguimos creando igualdad de oportunidades para mujeres y hombres a trav\u00e9s de iniciativas como \u201825by2025\u2019 de la IATA, y continuaremos trabajando para llevar los beneficios de la aviaci\u00f3n de ultra bajo costo a m\u00e1s personas&#8221; coment\u00f3 Enrique Beltranena, presidente ejecutivo y director general de Volaris.<img decoding=\"async\" class=\"size-medium wp-image-418919 alignright\" src=\"https:\/\/dimensionturistica.com\/es\/wp-content\/uploads\/2022\/11\/VOLARUS-300x200.jpg\" alt=\"\" width=\"300\" height=\"200\" srcset=\"https:\/\/dimensionturistica.com\/es\/wp-content\/uploads\/2022\/11\/VOLARUS-300x200.jpg 300w, https:\/\/dimensionturistica.com\/es\/wp-content\/uploads\/2022\/11\/VOLARUS.jpg 500w\" sizes=\"(max-width: 300px) 100vw, 300px\" \/><br \/>\nEl Programa Corporativo de Sustentabilidad de Volaris est\u00e1 basado en los criterios Ambientales, Sociales y de Gobierno Corporativo (ASG), as\u00ed como en los Objetivos de Desarrollo Sostenible (ODS) de las Naciones Unidas.<br \/>\nSeg\u00fan el Informe Global de Sostenibilidad Ambiental de CAPA-Envest, Volaris fue la segunda aerol\u00ednea con menos emisiones por RPK a nivel global en 2021 y la tercera con menos emisiones en volumen de pasajeros por kil\u00f3metro transportados. A finales del mismo a\u00f1o, fue el primer operador latinoamericano en emitir un bono ligado a la sustentabilidad, y en septiembre de 2022 realiz\u00f3 su primer vuelo con combustible de aviaci\u00f3n sostenible (SAF).<\/p>\n","protected":false},"excerpt":{"rendered":"<p>Volaris, la aerol\u00ednea de ultra bajo costo que opera en M\u00e9xico, Estados Unidos, Centro y Sudam\u00e9rica, fue reconocida por el Centro de Aviaci\u00f3n, Transporte y Medio Ambiente (CAPA por sus siglas en ingl\u00e9s) por su desempe\u00f1o sostenible para la recuperaci\u00f3n operacional y financiera de la compa\u00f1\u00eda tras la pandemia por covid-19. El reconocimiento \u201cLatin American [&hellip;]<\/p>\n","protected":false},"author":1,"featured_media":418920,"comment_status":"open","ping_status":"closed","sticky":false,"template":"","format":"standard","meta":{"om_disable_all_campaigns":false,"jnews-multi-image_gallery":[],"jnews_single_post":{"source_name":"","source_url":"","via_name":"","via_url":"","override_template":"0","override":[{"template":"1","single_blog_custom":"","parallax":"1","fullscreen":"1","layout":"right-sidebar","sidebar":"default-sidebar","second_sidebar":"default-sidebar","sticky_sidebar":"1","share_position":"top","share_float_style":"share-monocrhome","show_share_counter":"1","show_view_counter":"1","show_featured":"1","show_post_meta":"1","show_post_author":"1","show_post_author_image":"1","show_post_date":"1","post_date_format":"default","post_date_format_custom":"Y\/m\/d","show_post_category":"1","show_post_reading_time":"0","post_reading_time_wpm":"300","show_zoom_button":"0","zoom_button_out_step":"2","zoom_button_in_step":"3","show_post_tag":"1","show_prev_next_post":"1","show_popup_post":"1","number_popup_post":"1","show_author_box":"0","show_post_related":"0","show_inline_post_related":"0"}],"override_image_size":"0","image_override":[{"single_post_thumbnail_size":"crop-500","single_post_gallery_size":"crop-500"}],"trending_post":"0","trending_post_position":"meta","trending_post_label":"Trending","sponsored_post":"0","sponsored_post_label":"Sponsored by","sponsored_post_name":"","sponsored_post_url":"","sponsored_post_logo_enable":"0","sponsored_post_logo":"","sponsored_post_desc":"","disable_ad":"0"},"jnews_primary_category":{"id":"","hide":""},"jnews_social_meta":{"fb_title":"","fb_description":"","fb_image":"","twitter_title":"","twitter_description":"","twitter_image":""},"footnotes":""},"categories":[39],"tags":[],"class_list":["post-418914","post","type-post","status-publish","format-standard","has-post-thumbnail","hentry","category-viajes"],"_links":{"self":[{"href":"https:\/\/dimensionturistica.com\/es\/wp-json\/wp\/v2\/posts\/418914","targetHints":{"allow":["GET"]}}],"collection":[{"href":"https:\/\/dimensionturistica.com\/es\/wp-json\/wp\/v2\/posts"}],"about":[{"href":"https:\/\/dimensionturistica.com\/es\/wp-json\/wp\/v2\/types\/post"}],"author":[{"embeddable":true,"href":"https:\/\/dimensionturistica.com\/es\/wp-json\/wp\/v2\/users\/1"}],"replies":[{"embeddable":true,"href":"https:\/\/dimensionturistica.com\/es\/wp-json\/wp\/v2\/comments?post=418914"}],"version-history":[{"count":0,"href":"https:\/\/dimensionturistica.com\/es\/wp-json\/wp\/v2\/posts\/418914\/revisions"}],"wp:featuredmedia":[{"embeddable":true,"href":"https:\/\/dimensionturistica.com\/es\/wp-json\/wp\/v2\/media\/418920"}],"wp:attachment":[{"href":"https:\/\/dimensionturistica.com\/es\/wp-json\/wp\/v2\/media?parent=418914"}],"wp:term":[{"taxonomy":"category","embeddable":true,"href":"https:\/\/dimensionturistica.com\/es\/wp-json\/wp\/v2\/categories?post=418914"},{"taxonomy":"post_tag","embeddable":true,"href":"https:\/\/dimensionturistica.com\/es\/wp-json\/wp\/v2\/tags?post=418914"}],"curies":[{"name":"wp","href":"https:\/\/api.w.org\/{rel}","templated":true}]}}