{"id":418755,"date":"2022-11-04T11:29:23","date_gmt":"2022-11-04T11:29:23","guid":{"rendered":"https:\/\/dimensionturistica.com\/es\/?p=418755"},"modified":"2022-11-04T11:29:23","modified_gmt":"2022-11-04T11:29:23","slug":"ocho-road-movies-miticas-para-viajar-con-el-cine","status":"publish","type":"post","link":"https:\/\/dimensionturistica.com\/es\/ocho-road-movies-miticas-para-viajar-con-el-cine\/","title":{"rendered":"Ocho &#8216;road movies&#8217; m\u00edticas para viajar con el cine"},"content":{"rendered":"<p> <br \/>\n<\/p>\n<div>\n<p class=\"date\"> <time itemprop=\"dateModified\" datetime=\"2022-11-04T12:12:00+01:00\" data-timestamp=\"1667563920\">&#13;04 de noviembre de 2022 \u00b7 12:12&#13;<\/time>&#13;<\/p>\n<\/div>\n<div id=\"article-sumary\">\n<div class=\"article-txt ad-mobile-top\">\n<p><span id=\"docs-internal-guid-41ab120c-7fff-6fe3-92cd-d3583074d7d8\">El desplazamiento en estas pel\u00edculas de viaje no es solo geogr\u00e1fico, sino que tambi\u00e9n hay un periplo hacia uno mismo, adem\u00e1s de la posibilidad de descubrir al acompa\u00f1ante. Desde pr\u00e1cticamente sus or\u00edgenes, el cine se ha rendido a las <\/span><em>street motion pictures<\/em> como una especie de viajes inici\u00e1ticos por carretera. Con estas ocho pel\u00edculas la ruta comienza en el sal\u00f3n de casa.<\/p>\n<\/div>\n<\/div>\n\n<p><em> &#8221; Fuentes news.google.com &#8221; <\/em><\/p>\n","protected":false},"excerpt":{"rendered":"<p>&#13;04 de noviembre de 2022 \u00b7 12:12&#13;&#13; El desplazamiento en estas pel\u00edculas de viaje no es solo geogr\u00e1fico, sino que tambi\u00e9n hay un periplo hacia uno mismo, adem\u00e1s de la posibilidad de descubrir al acompa\u00f1ante. Desde pr\u00e1cticamente sus or\u00edgenes, el cine se ha rendido a las street motion pictures como una especie de viajes inici\u00e1ticos [&hellip;]<\/p>\n","protected":false},"author":4,"featured_media":418756,"comment_status":"open","ping_status":"closed","sticky":false,"template":"","format":"standard","meta":{"om_disable_all_campaigns":false,"jnews-multi-image_gallery":[],"jnews_single_post":[],"jnews_primary_category":[],"jnews_social_meta":[],"footnotes":""},"categories":[39],"tags":[47258,47257],"class_list":["post-418755","post","type-post","status-publish","format-standard","has-post-thumbnail","hentry","category-viajes","tag-cargado-desde-el-fichero-de-recursos","tag-keywords-por-defecto"],"_links":{"self":[{"href":"https:\/\/dimensionturistica.com\/es\/wp-json\/wp\/v2\/posts\/418755","targetHints":{"allow":["GET"]}}],"collection":[{"href":"https:\/\/dimensionturistica.com\/es\/wp-json\/wp\/v2\/posts"}],"about":[{"href":"https:\/\/dimensionturistica.com\/es\/wp-json\/wp\/v2\/types\/post"}],"author":[{"embeddable":true,"href":"https:\/\/dimensionturistica.com\/es\/wp-json\/wp\/v2\/users\/4"}],"replies":[{"embeddable":true,"href":"https:\/\/dimensionturistica.com\/es\/wp-json\/wp\/v2\/comments?post=418755"}],"version-history":[{"count":0,"href":"https:\/\/dimensionturistica.com\/es\/wp-json\/wp\/v2\/posts\/418755\/revisions"}],"wp:featuredmedia":[{"embeddable":true,"href":"https:\/\/dimensionturistica.com\/es\/wp-json\/wp\/v2\/media\/418756"}],"wp:attachment":[{"href":"https:\/\/dimensionturistica.com\/es\/wp-json\/wp\/v2\/media?parent=418755"}],"wp:term":[{"taxonomy":"category","embeddable":true,"href":"https:\/\/dimensionturistica.com\/es\/wp-json\/wp\/v2\/categories?post=418755"},{"taxonomy":"post_tag","embeddable":true,"href":"https:\/\/dimensionturistica.com\/es\/wp-json\/wp\/v2\/tags?post=418755"}],"curies":[{"name":"wp","href":"https:\/\/api.w.org\/{rel}","templated":true}]}}