{"id":418714,"date":"2022-11-04T10:24:33","date_gmt":"2022-11-04T10:24:33","guid":{"rendered":"https:\/\/dimensionturistica.com\/es\/?p=418714"},"modified":"2022-11-04T10:24:33","modified_gmt":"2022-11-04T10:24:33","slug":"calatayud-acoge-el-segundo-encuentro-iberoamericano-sobre-viajes-comunicacion-y-turismo-2","status":"publish","type":"post","link":"https:\/\/dimensionturistica.com\/es\/calatayud-acoge-el-segundo-encuentro-iberoamericano-sobre-viajes-comunicacion-y-turismo-2\/","title":{"rendered":"Calatayud acoge el segundo encuentro iberoamericano sobre viajes, comunicaci\u00f3n y turismo"},"content":{"rendered":"<p> <br \/>\n<\/p>\n<div>\n<p class=\"date\"> <time itemprop=\"dateModified\" datetime=\"2022-11-04T10:06:00+01:00\" data-timestamp=\"1667556360\">&#13;04 de noviembre de 2022 \u00b7 10:06<\/time>&#13;<\/p>\n<\/div>\n<div id=\"article-sumary\">\n<div class=\"article-txt ad-mobile-top\">\n<p>La interrupci\u00f3n de los viajes durante la pandemia del Covid-19 supuso un punto de inflexi\u00f3n en los modelos tur\u00edsticos mundiales. Ahora, tras dos a\u00f1os de pandemia, la nueva normalidad implica una reflexi\u00f3n sobre diferentes e innovadoras maneras de viajar, narrar y comunicar el viaje. \u00bfC\u00f3mo comunicarse y conectar de nuevo con el turista, viajero y usuario de contenidos tur\u00edsticos? Este es el punto de encuentro del Segundo Encuentro Iberoamericano sobre Viajes, Comunicaci\u00f3n y Turismo que tendr\u00e1 lugar los pr\u00f3ximos d\u00edas 7 y 8 de noviembre en un enclave hist\u00f3rico: Calatayud.<\/p>\n<\/div>\n<\/div>\n<div id=\"article-text\">\n<div class=\"txt\">\n<aside class=\"subscription-highlighted\">\n<div class=\"subscription-container\">\n<div class=\"non-subscribed\">\n<p class=\"description\">Somos de rutas, no de rutinas. Descubre Viajes Nationwide Geographic<\/p>\n<p><a rel=\"nofollow noopener\" target=\"_blank\" href=\"https:\/\/tienda.rba.es\/revistas\/viajes-national-geographic?rba_source=viajes.nationalgeographic.com.es&amp;rba_medium=referral&amp;rba_campaign=NGMV&amp;rba_content=frase-articulo\" class=\"more-link\">SABER M\u00c1S<\/a><\/div>\n<\/div>\n<\/aside>\n<aside class=\"add300x250 publi-interior-top ad-container-r1 ad-inline\"\/>\n<h2><strong>C\u00d3NCLAVE DE EXPERTOS<\/strong><\/h2>\n<p>Durante estas dos jornadas, periodistas y expertos en comunicaci\u00f3n y turismo de diferentes regiones de Espa\u00f1a conversar\u00e1n sobre los nuevos desaf\u00edos en la period postcovid. En complete, 30 profesionales, entre los que destaca la presencia de los periodistas y cronistas Rosa Mar\u00eda Calaf y David Jim\u00e9nez, buscar\u00e1n dar respuesta a algunos de los siguientes interrogantes: \u2018\u00bfC\u00f3mo volveremos a viajar?\u2019 \u2018\u00bfQu\u00e9 lecciones ha dejado la pandemia a la industria tur\u00edstica y a la comunicaci\u00f3n viajera?\u2019 \u2018\u00bfCu\u00e1les son los principales desaf\u00edos?\u2019<\/p>\n<h2><strong>ENCLAVE \u00daNICO<\/strong><\/h2>\n<p>Calatayud es el punto de encuentro elegido en esta ocasi\u00f3n, un lugar destacado por la riqueza y variedad de su patrimonio. Los amantes del turismo pure e hist\u00f3rico podr\u00e1n encontrar en esta regi\u00f3n una tierra repleta de enclaves hist\u00f3ricos y paisaj\u00edsticos \u00fanicos. Su elecci\u00f3n responde a los argumentos que dispone para repensar y el viaje y la forma de viajar: proximidad, cultura, tradici\u00f3n, historia, gastronom\u00edas y modernidad.<\/p>\n<h2><b>DOS JORNADAS<\/b><\/h2>\n<p>La primera jornada se centrar\u00e1 en la diferencia entre turistas y viajeros y contar\u00e1 con la participaci\u00f3n de Rosa Mar\u00eda Calaf y David Jim\u00e9nez. Un primer debate abierto a la asistencia del p\u00fablico en el Sal\u00f3n de Actos del Edificio de Claretianos de Calatayud a las 19:00 horas. La segunda parte del encuentro, en la que participar\u00e1n \u00fanicamente los expertos invitados, tendr\u00e1 lugar a lo largo del d\u00eda 8 de noviembre y se estructurar\u00e1 sobre dos ejes: repensar el viaje por medio de la historia y las historias y c\u00f3mo cartografiar los desaf\u00edos para los pr\u00f3ximos a\u00f1os por medio de la investigaci\u00f3n y la divulgaci\u00f3n.<\/p>\n<p>Estas dos \u00faltimas instituciones educativas, junto a Turismo de Arag\u00f3n, son las organizadoras de un c\u00f3nclave que contar\u00e1 con la asistencia de <em>Viajes Nationwide Geographic<\/em> como medio l\u00edder y referente del sector de viajes en lengua espa\u00f1ola.<\/p>\n<aside class=\"add300x600 publi-interior-bot ad-inline ad-container-r2\"\/><\/div>\n<p><!-- START:toolbar --><!-- END:toolbar --><\/div>\n\n<p><em> &#8221; Fuentes news.google.com &#8221; <\/em><\/p>\n","protected":false},"excerpt":{"rendered":"<p>&#13;04 de noviembre de 2022 \u00b7 10:06&#13; La interrupci\u00f3n de los viajes durante la pandemia del Covid-19 supuso un punto de inflexi\u00f3n en los modelos tur\u00edsticos mundiales. Ahora, tras dos a\u00f1os de pandemia, la nueva normalidad implica una reflexi\u00f3n sobre diferentes e innovadoras maneras de viajar, narrar y comunicar el viaje. \u00bfC\u00f3mo comunicarse y conectar [&hellip;]<\/p>\n","protected":false},"author":4,"featured_media":418689,"comment_status":"open","ping_status":"closed","sticky":false,"template":"","format":"standard","meta":{"om_disable_all_campaigns":false,"jnews-multi-image_gallery":[],"jnews_single_post":[],"jnews_primary_category":[],"jnews_social_meta":[],"footnotes":""},"categories":[39],"tags":[47258,47257],"class_list":["post-418714","post","type-post","status-publish","format-standard","has-post-thumbnail","hentry","category-viajes","tag-cargado-desde-el-fichero-de-recursos","tag-keywords-por-defecto"],"_links":{"self":[{"href":"https:\/\/dimensionturistica.com\/es\/wp-json\/wp\/v2\/posts\/418714","targetHints":{"allow":["GET"]}}],"collection":[{"href":"https:\/\/dimensionturistica.com\/es\/wp-json\/wp\/v2\/posts"}],"about":[{"href":"https:\/\/dimensionturistica.com\/es\/wp-json\/wp\/v2\/types\/post"}],"author":[{"embeddable":true,"href":"https:\/\/dimensionturistica.com\/es\/wp-json\/wp\/v2\/users\/4"}],"replies":[{"embeddable":true,"href":"https:\/\/dimensionturistica.com\/es\/wp-json\/wp\/v2\/comments?post=418714"}],"version-history":[{"count":0,"href":"https:\/\/dimensionturistica.com\/es\/wp-json\/wp\/v2\/posts\/418714\/revisions"}],"wp:featuredmedia":[{"embeddable":true,"href":"https:\/\/dimensionturistica.com\/es\/wp-json\/wp\/v2\/media\/418689"}],"wp:attachment":[{"href":"https:\/\/dimensionturistica.com\/es\/wp-json\/wp\/v2\/media?parent=418714"}],"wp:term":[{"taxonomy":"category","embeddable":true,"href":"https:\/\/dimensionturistica.com\/es\/wp-json\/wp\/v2\/categories?post=418714"},{"taxonomy":"post_tag","embeddable":true,"href":"https:\/\/dimensionturistica.com\/es\/wp-json\/wp\/v2\/tags?post=418714"}],"curies":[{"name":"wp","href":"https:\/\/api.w.org\/{rel}","templated":true}]}}