{"id":418071,"date":"2022-11-03T09:41:23","date_gmt":"2022-11-03T09:41:23","guid":{"rendered":"https:\/\/dimensionturistica.com\/es\/?p=418071"},"modified":"2022-11-03T09:41:23","modified_gmt":"2022-11-03T09:41:23","slug":"maroto-destaca-que-en-septiembre-se-mantuvo-la-tendencia-de-recuperacion-de-la-actividad-turistica-lider-en-informacion-social","status":"publish","type":"post","link":"https:\/\/dimensionturistica.com\/es\/maroto-destaca-que-en-septiembre-se-mantuvo-la-tendencia-de-recuperacion-de-la-actividad-turistica-lider-en-informacion-social\/","title":{"rendered":"Maroto destaca que \u201cen septiembre se mantuvo la tendencia de recuperaci\u00f3n de la actividad tur\u00edstica\u201d | L\u00edder en Informaci\u00f3n Social"},"content":{"rendered":"<p> <br \/>\n<\/p>\n<div id=\"block-servimedia-content\">\n<div class=\"srvm-news-detail\">\n<p>\n    <span>Noticias<\/span><br \/>\n          <span class=\"srvm_nw_scc\">Econom\u00eda<\/span>\n      <\/p>\n<p>\n          <time class=\"srvm-nw__dt\" datetime=\"2022-11-03CET10:11\"><br \/>\n        <span class=\"srvm-nw__dtd\">03 Nov 2022<\/span><br \/>\n        <span class=\"srvm-nw__dtt\">10:24H<\/span><br \/>\n      <\/time><br \/>\n                      <span class=\"srvm-nw__pr\">MADRID<\/span>\n                <\/p>\n<p>\n    <span>SERVIMEDIA<\/span>\n      <\/p>\n<p>  <!-- The Modal --><\/p>\n<p>  <!-- End Modal --><\/p>\n<p><h2>La ministra de Industria, Comercio y Turismo, Reyes Maroto, destac\u00f3 este jueves que \u201clos datos confirman que en septiembre se mantuvo la tendencia de recuperaci\u00f3n de la actividad tur\u00edstica, recortando incluso m\u00e1s que en agosto la diferencia con 2019\u201d.<\/h2>\n<\/p>\n<div class=\"srvm-nw__body\">\n<div class=\"srvm-nw__access\">\n<h2>Acceso clientes<\/h2>\n<p>Para acceder a la mayor\u00eda de las noticias, debes ser usuario registrado.<\/p>\n<p>Si deseas acceder a las noticias de Servimedia, escribe un correo a la siguiente direcci\u00f3n: suscripciones@servimedia.es<\/p>\n<p><a rel=\"nofollow noopener\" target=\"_blank\" href=\"https:\/\/news.google.com\/user\/password\">\u00bfHas olvidado la contrase\u00f1a?<\/a><\/p>\n<\/div><\/div>\n<\/div>\n<p><textarea id=\"scopyme\" class=\"srvmcopyme visually-hidden\" aria-hidden=\"true\" tabindex=\"-1\"><br \/>\nTurismo<\/p>\n<p>\tMaroto destaca que \u201cen septiembre se mantuvo la tendencia de recuperaci\u00f3n de la actividad tur\u00edstica\u201d<\/p>\n<p>La ministra de Industria, Comercio y Turismo, Reyes Maroto, destac\u00f3 este jueves que \u201clos datos confirman que en septiembre se mantuvo la tendencia de recuperaci\u00f3n de la actividad tur\u00edstica, recortando incluso m\u00e1s que en agosto la diferencia con 2019\u201d.<\/p>\n<p>  Acceso clientes<br \/>\n  Para acceder a la mayor\u00eda de las noticias, debes ser usuario registrado.<\/p>\n<p>  Si deseas acceder a las noticias de Servimedia, escribe un correo a la siguiente direcci\u00f3n: suscripciones@servimedia.es<\/p>\n<p>  \u00bfHas olvidado la contrase\u00f1a?<\/p>\n<p>      Nombre de usuario<\/p>\n<p>      Escriba su nombre de usuario en Servimedia.<\/p>\n<p>      Contrase\u00f1a<\/p>\n<p>      Escriba la contrase\u00f1a asignada a su nombre de usuario.<\/p>\n<p>\u00a9 El contenido de esta noticia pertenece a la agencia de noticias Servimedia y est\u00e1 protegido por derechos de autor. S\u00f3lo est\u00e1 permitido su uso a clientes de Servimedia y rogamos que se firme a nuestra agencia o se cite como fuente. Muchas gracias.<br \/>\n<\/textarea><\/p><\/div>\n\n<p><em> &#8221; Fuentes news.google.com &#8221; <\/em><\/p>\n","protected":false},"excerpt":{"rendered":"<p>Noticias Econom\u00eda 03 Nov 2022 10:24H MADRID SERVIMEDIA La ministra de Industria, Comercio y Turismo, Reyes Maroto, destac\u00f3 este jueves que \u201clos datos confirman que en septiembre se mantuvo la tendencia de recuperaci\u00f3n de la actividad tur\u00edstica, recortando incluso m\u00e1s que en agosto la diferencia con 2019\u201d. Acceso clientes Para acceder a la mayor\u00eda de [&hellip;]<\/p>\n","protected":false},"author":4,"featured_media":418072,"comment_status":"open","ping_status":"closed","sticky":false,"template":"","format":"standard","meta":{"om_disable_all_campaigns":false,"jnews-multi-image_gallery":[],"jnews_single_post":[],"jnews_primary_category":[],"jnews_social_meta":[],"footnotes":""},"categories":[40],"tags":[715],"class_list":["post-418071","post","type-post","status-publish","format-standard","has-post-thumbnail","hentry","category-industria","tag-economia"],"_links":{"self":[{"href":"https:\/\/dimensionturistica.com\/es\/wp-json\/wp\/v2\/posts\/418071","targetHints":{"allow":["GET"]}}],"collection":[{"href":"https:\/\/dimensionturistica.com\/es\/wp-json\/wp\/v2\/posts"}],"about":[{"href":"https:\/\/dimensionturistica.com\/es\/wp-json\/wp\/v2\/types\/post"}],"author":[{"embeddable":true,"href":"https:\/\/dimensionturistica.com\/es\/wp-json\/wp\/v2\/users\/4"}],"replies":[{"embeddable":true,"href":"https:\/\/dimensionturistica.com\/es\/wp-json\/wp\/v2\/comments?post=418071"}],"version-history":[{"count":0,"href":"https:\/\/dimensionturistica.com\/es\/wp-json\/wp\/v2\/posts\/418071\/revisions"}],"wp:featuredmedia":[{"embeddable":true,"href":"https:\/\/dimensionturistica.com\/es\/wp-json\/wp\/v2\/media\/418072"}],"wp:attachment":[{"href":"https:\/\/dimensionturistica.com\/es\/wp-json\/wp\/v2\/media?parent=418071"}],"wp:term":[{"taxonomy":"category","embeddable":true,"href":"https:\/\/dimensionturistica.com\/es\/wp-json\/wp\/v2\/categories?post=418071"},{"taxonomy":"post_tag","embeddable":true,"href":"https:\/\/dimensionturistica.com\/es\/wp-json\/wp\/v2\/tags?post=418071"}],"curies":[{"name":"wp","href":"https:\/\/api.w.org\/{rel}","templated":true}]}}