{"id":417927,"date":"2022-11-03T03:48:11","date_gmt":"2022-11-03T03:48:11","guid":{"rendered":"https:\/\/dimensionturistica.com\/es\/?p=417927"},"modified":"2022-11-03T03:48:11","modified_gmt":"2022-11-03T03:48:11","slug":"la-nacion-maritour-agencia-de-viajes","status":"publish","type":"post","link":"https:\/\/dimensionturistica.com\/es\/la-nacion-maritour-agencia-de-viajes\/","title":{"rendered":"La Naci\u00f3n \/ MariTour, agencia de viajes"},"content":{"rendered":"<p> <br \/>\n<\/p>\n<div>\n<p class=\"paragraph\">En circunstancias muy poco claras, el presi\u00addente de la Rep\u00fablica viaj\u00f3 a Espa\u00f1a. Nada se sabe de los objetivos reales del viaje. En la nota formal que tiene cinco renglones, ape\u00adnas comunica que viajar\u00e1 a la ciudad de Madrid del 1 al 5 de noviembre en visita ofi\u00adcial. El Presidente y su comi\u00adtiva partieron en secreto, lo que se sabe es que fue el professional\u00adpio Mario Abdo quien pidi\u00f3 no avisar a los medios de comunicaci\u00f3n de su partida. Lo cual siempre cuenta con la cobertura de rigor, usted sabe, va Hugo Vel\u00e1zquez y sus ministros a despedirlo y todo el protocolo con la alfombra roja y dem\u00e1s orna\u00admentos. Esta vez lo hizo en absoluto sigilo.<\/p>\n<p class=\"paragraph\">Lo que se sabe, por fuentes de Palacio, es que en la pri\u00admera agenda solo estaba un encuentro con SM el rey de Espa\u00f1a, Felipe VI. Luego, y como empez\u00f3 a generar sos\u00adpechas, se consigui\u00f3 e incluy\u00f3 una reuni\u00f3n con el presidente del gobierno, Pedro S\u00e1nchez. Pasa que, en realidad, la reu\u00adni\u00f3n con el monarca espa\u00ad\u00f1ol es de todo punto de vista importante, pero si el argu\u00admento que dan desde el Eje\u00adcutivo para justificar el viaje es el de acuerdos comerciales entre pa\u00edses o la b\u00fasqueda de inversiones, le resta verosimi\u00adlitud ya que el soberano tiene poco que hacer en esa materia.<\/p>\n<p class=\"paragraph\">El Presidente regresar\u00e1 el 5 de este mes y volver\u00e1 a viajar, esta vez a Alemania. Sobre ese viaje tambi\u00e9n hay dudas porque lo poco que se sabe del mismo es que lo \u00fanico que est\u00e1 en la agenda es una reuni\u00f3n con el presidente alem\u00e1n; cuando que la m\u00e1xima autoridad y la que est\u00e1 acorde a la investidura pre\u00adsidencial en ese pa\u00eds es el can\u00adciller. El presidente tiene enjoyable\u00adciones o responsabilidades bastante m\u00e1s limitadas, por el ordenamiento authorized y pol\u00edtico.<\/p>\n<p class=\"paragraph\">Un detalle que en otro momento podr\u00eda parecer irre\u00adlevante es que el viaje a Alema\u00adnia se dar\u00e1 en coincidencia con la realizaci\u00f3n del Censo Nacio\u00adnal, el mi\u00e9rcoles 9 de noviem\u00adbre. Cuando desde el propio Gobierno se est\u00e1 haciendo un tremendo esfuerzo en un eje comunicacional: el \u201cAime\u201d o yo estoy; el presidente de la Rep\u00fa\u00adblica quien deber\u00eda ser, como su nombre lo cube, el primer man\u00addatario o quien recibe manda\u00adtos del pueblo va a responder con un \u201cndaip\u00f3ri, ah\u00e1ma\u201d. El mensaje que se transmite es demasiado claro.<\/p>\n<p class=\"paragraph\">\u00bfQu\u00e9 har\u00e1 el Presidente en estos viajes? Alguna vez lo sabremos, m\u00e1s temprano que tarde. Por ahora, sobre ellos surcan nubes de oscuridad que hacen levantar sospe\u00adchas y rumores de todo tipo. Es una pena que la inves\u00adtidura presidencial quede pegada a este manejo y cam\u00adbiar eso ser\u00e1 sin dudas una de las tareas m\u00e1s delicadas que tendr\u00e1 la pr\u00f3xima adminis\u00adtraci\u00f3n: que se vuelva a gene\u00adrar respeto y seriedad hacia la imagen del inquilino del Palacio de L\u00f3pez.<\/p>\n<p class=\"paragraph\"><i><u><b>Un detalle que en otro momento podr\u00eda parecer irrelevante es que el viaje a Alemania se dar\u00e1 en coincidencia con la realizaci\u00f3n del Censo Nacional, el mi\u00e9rcoles 9 de noviembre.<\/b><\/u><\/i><\/p>\n<p class=\"paragraph\"><i><u><b>Lo que se sabe, por fuentes de Palacio, es que en la primera agenda solo estaba un encuentro con SM el rey de Espa\u00f1a, Felipe VI. Luego, y como empez\u00f3 a generar sospechas, se consigui\u00f3 e incluy\u00f3 una reuni\u00f3n con el presidente del gobierno, Pedro S\u00e1nchez.<\/b><\/u><\/i><\/p>\n<\/div>\n<p><script>!function(f,b,e,v,n,t,s)\n          {if(f.fbq)return;n=f.fbq=function(){n.callMethod?\n          n.callMethod.apply(n,arguments):n.queue.push(arguments)};\n          if(!f._fbq)f._fbq=n;n.push=n;n.loaded=!0;n.version='2.0';\n          n.queue=[];t=b.createElement(e);t.async=!0;\n          t.src=v;s=b.getElementsByTagName(e)[0];\n          s.parentNode.insertBefore(t,s)}(window, document,'script',\n          'https:\/\/connect.facebook.net\/en_US\/fbevents.js');\n          fbq('init', '291189108605310');\n          fbq('track', 'PageView');<\/script><br \/>\n<br \/><\/p>\n<p><em> &#8221; Fuentes news.google.com &#8221; <\/em><\/p>\n","protected":false},"excerpt":{"rendered":"<p>En circunstancias muy poco claras, el presi\u00addente de la Rep\u00fablica viaj\u00f3 a Espa\u00f1a. Nada se sabe de los objetivos reales del viaje. En la nota formal que tiene cinco renglones, ape\u00adnas comunica que viajar\u00e1 a la ciudad de Madrid del 1 al 5 de noviembre en visita ofi\u00adcial. El Presidente y su comi\u00adtiva partieron en [&hellip;]<\/p>\n","protected":false},"author":4,"featured_media":417928,"comment_status":"open","ping_status":"closed","sticky":false,"template":"","format":"standard","meta":{"om_disable_all_campaigns":false,"jnews-multi-image_gallery":[],"jnews_single_post":[],"jnews_primary_category":[],"jnews_social_meta":[],"footnotes":""},"categories":[39],"tags":[752,56444,545],"class_list":["post-417927","post","type-post","status-publish","format-standard","has-post-thumbnail","hentry","category-viajes","tag-agencia","tag-maritour","tag-viajes"],"_links":{"self":[{"href":"https:\/\/dimensionturistica.com\/es\/wp-json\/wp\/v2\/posts\/417927","targetHints":{"allow":["GET"]}}],"collection":[{"href":"https:\/\/dimensionturistica.com\/es\/wp-json\/wp\/v2\/posts"}],"about":[{"href":"https:\/\/dimensionturistica.com\/es\/wp-json\/wp\/v2\/types\/post"}],"author":[{"embeddable":true,"href":"https:\/\/dimensionturistica.com\/es\/wp-json\/wp\/v2\/users\/4"}],"replies":[{"embeddable":true,"href":"https:\/\/dimensionturistica.com\/es\/wp-json\/wp\/v2\/comments?post=417927"}],"version-history":[{"count":0,"href":"https:\/\/dimensionturistica.com\/es\/wp-json\/wp\/v2\/posts\/417927\/revisions"}],"wp:featuredmedia":[{"embeddable":true,"href":"https:\/\/dimensionturistica.com\/es\/wp-json\/wp\/v2\/media\/417928"}],"wp:attachment":[{"href":"https:\/\/dimensionturistica.com\/es\/wp-json\/wp\/v2\/media?parent=417927"}],"wp:term":[{"taxonomy":"category","embeddable":true,"href":"https:\/\/dimensionturistica.com\/es\/wp-json\/wp\/v2\/categories?post=417927"},{"taxonomy":"post_tag","embeddable":true,"href":"https:\/\/dimensionturistica.com\/es\/wp-json\/wp\/v2\/tags?post=417927"}],"curies":[{"name":"wp","href":"https:\/\/api.w.org\/{rel}","templated":true}]}}