{"id":416744,"date":"2022-11-01T00:26:42","date_gmt":"2022-11-01T00:26:42","guid":{"rendered":"https:\/\/dimensionturistica.com\/es\/?p=416744"},"modified":"2022-11-01T00:26:43","modified_gmt":"2022-11-01T00:26:43","slug":"queman-normalistas-vehiculos-en-michoacan-por-detenidos","status":"publish","type":"post","link":"https:\/\/dimensionturistica.com\/es\/queman-normalistas-vehiculos-en-michoacan-por-detenidos\/","title":{"rendered":"Queman normalistas veh\u00edculos en Michoac\u00e1n por detenidos"},"content":{"rendered":"<p> <br \/>\n<\/p>\n<div>\n<p><em>Michoac\u00e1n, M\u00e9xico.-<\/em> Normalistas, maestros y comuneros quemaron al menos 10 veh\u00edculos en v\u00edas del noroeste de Michoac\u00e1n para presionar a las autoridades estatales para que liberen a tres allegados que fueron detenidos el pasado jueves, precisamente por la quema de un veh\u00edculo.                                                                                <\/p>\n<p>De acuerdo a reportes locales, cinco de las camionetas y camiones de empresas particulares fueron vandalizados e incendiados sobre la v\u00eda Uruapan-Carapan, a la altura del crucero de Cheran\u00e1stico.                                                                                                <\/p>\n<p>&#8220;Tramo Quiroga-Carapan, bloqueo parcial por quema de veh\u00edculos por presuntos normalistas&#8221;, inform\u00f3 la delegaci\u00f3n de la Secretar\u00eda de Comunicaciones y Transportes (SCT).                                                                                <\/p>\n<p>En movies que pobladores y los propios agresores dieron a conocer, se registr\u00f3 c\u00f3mo los transportes fueron dejados en medio de las v\u00edas para bloquear el tr\u00e1nsito.                                                                                <\/p>\n<p>&#8220;Bedolla represor&#8221; y &#8220;Liberaci\u00f3n a nuestros compa\u00f1eros. Presos pol\u00edticos&#8221;, eran algunas frases pintadas en una camioneta repartidora.                                                                                <\/p>\n<p>Tres veh\u00edculos m\u00e1s fueron atacados en la v\u00eda Nahuatzen-Carapan, a la altura de la desviaci\u00f3n a Ich\u00e1n, y posteriormente, se report\u00f3 que tambi\u00e9n dos transportes fueron incendiados en el acceso al Municipio de Paracho.                                                                                <\/p>\n<p>Hasta el momento, ninguna autoridad estatal ha informado sobre estos ataques que ocurrieron en algunas de las v\u00edas que comunican a la entidad con Jalisco.                                                                                <\/p>\n<p><strong>Detienen a 3 normalistas egresados por ataques en Michoac\u00e1n<\/strong>                                                                                <\/p>\n<p>El pasado 27 de octubre, Cecilia, Miguel y Jos\u00e9 Luis, normalistas egresados, fueron detenidos por quemar un veh\u00edculo de carga en Michoac\u00e1n y ahora est\u00e1n a la espera de que un juez decide si son vinculados a proceso o no.                                                                                <\/p>\n<p>El Gobierno estatal inform\u00f3 que los reci\u00e9n egresados fueron encontrados en flagrancia por la ronda comunitaria de Cheran\u00e1stico al quemar un veh\u00edculo.                                                                                <\/p>\n<p>En las \u00faltimas semanas, la entidad ha tenido m\u00e1s bloqueos y quemas de transportes de empresas privadas por un sector que exige que se contrate de inmediato a los normalistas egresados de 2019 a la fecha.                                                                                                                                    &#13;\n                                                                            <\/p>\n<\/p><\/div>\n\n<p><em> &#8221; Fuentes news.google.com &#8221; <\/em><\/p>\n","protected":false},"excerpt":{"rendered":"<p>Michoac\u00e1n, M\u00e9xico.- Normalistas, maestros y comuneros quemaron al menos 10 veh\u00edculos en v\u00edas del noroeste de Michoac\u00e1n para presionar a las autoridades estatales para que liberen a tres allegados que fueron detenidos el pasado jueves, precisamente por la quema de un veh\u00edculo. De acuerdo a reportes locales, cinco de las camionetas y camiones de empresas [&hellip;]<\/p>\n","protected":false},"author":4,"featured_media":416745,"comment_status":"open","ping_status":"closed","sticky":false,"template":"","format":"standard","meta":{"om_disable_all_campaigns":false,"jnews-multi-image_gallery":[],"jnews_single_post":[],"jnews_primary_category":[],"jnews_social_meta":[],"footnotes":""},"categories":[41],"tags":[6037],"class_list":["post-416744","post","type-post","status-publish","format-standard","has-post-thumbnail","hentry","category-cruceros","tag-michoacan"],"_links":{"self":[{"href":"https:\/\/dimensionturistica.com\/es\/wp-json\/wp\/v2\/posts\/416744","targetHints":{"allow":["GET"]}}],"collection":[{"href":"https:\/\/dimensionturistica.com\/es\/wp-json\/wp\/v2\/posts"}],"about":[{"href":"https:\/\/dimensionturistica.com\/es\/wp-json\/wp\/v2\/types\/post"}],"author":[{"embeddable":true,"href":"https:\/\/dimensionturistica.com\/es\/wp-json\/wp\/v2\/users\/4"}],"replies":[{"embeddable":true,"href":"https:\/\/dimensionturistica.com\/es\/wp-json\/wp\/v2\/comments?post=416744"}],"version-history":[{"count":0,"href":"https:\/\/dimensionturistica.com\/es\/wp-json\/wp\/v2\/posts\/416744\/revisions"}],"wp:featuredmedia":[{"embeddable":true,"href":"https:\/\/dimensionturistica.com\/es\/wp-json\/wp\/v2\/media\/416745"}],"wp:attachment":[{"href":"https:\/\/dimensionturistica.com\/es\/wp-json\/wp\/v2\/media?parent=416744"}],"wp:term":[{"taxonomy":"category","embeddable":true,"href":"https:\/\/dimensionturistica.com\/es\/wp-json\/wp\/v2\/categories?post=416744"},{"taxonomy":"post_tag","embeddable":true,"href":"https:\/\/dimensionturistica.com\/es\/wp-json\/wp\/v2\/tags?post=416744"}],"curies":[{"name":"wp","href":"https:\/\/api.w.org\/{rel}","templated":true}]}}