{"id":416567,"date":"2022-10-31T18:28:45","date_gmt":"2022-10-31T18:28:45","guid":{"rendered":"https:\/\/dimensionturistica.com\/es\/?p=416567"},"modified":"2022-10-31T18:28:45","modified_gmt":"2022-10-31T18:28:45","slug":"amlo-acusa-campana-en-su-contra-por-viajes-a-badiraguato-no-voy-a-reunirme-con-el-cartel-de-sinaloa","status":"publish","type":"post","link":"https:\/\/dimensionturistica.com\/es\/amlo-acusa-campana-en-su-contra-por-viajes-a-badiraguato-no-voy-a-reunirme-con-el-cartel-de-sinaloa\/","title":{"rendered":"AMLO acusa campa\u00f1a en su contra por viajes a Badiraguato: No voy a reunirme con el C\u00e1rtel de Sinaloa"},"content":{"rendered":"<p> <br \/>\n<\/p>\n<div id=\"cuerpo-nota\">\n<p>CIUDAD DE M\u00c9XICO (apro).-El presidente Andr\u00e9s Manuel L\u00f3pez Obrador afirm\u00f3 que este fin de semana no fue a Badiraguato, solo a Guam\u00fachil y que las veces que ha visitado Sinaloa no es para reunirse con integrantes del C\u00e1rtel de Sinaloa, sino porque busca impulsar proyectos para la autosuficiencia alimentaria.\u00a0<\/p>\n<blockquote>\n<p>\u201cHay una campa\u00f1a en las redes de que voy a Sinaloa, a Badiraguato, a reunirme con miembros del cartel de Sinaloa pues no, voy a Sinaloa porque es un estado de gente buena, trabajadora que no debe estigmatizarse. Para los que no tienen informaci\u00f3n, Sinaloa es el granero del pa\u00eds, se tienen 800 mil hect\u00e1reas de riego y se producen 6 millones de toneladas de ma\u00edz y por qu\u00e9 voy a Sinaloa porque nos importa la producci\u00f3n de alimentos\u201d, afirm\u00f3.\u00a0<\/p>\n<aside class=\"relacionadas con-foto\">\n<h5>Noticias Relacionadas<\/h5>\n<\/aside>\n<\/blockquote>\n<p>Consider\u00f3 que para apoyar al cartel de Sinaloa no es necesario visitar el estado, tal como lo hac\u00eda el brazo derecho de Felipe Calder\u00f3n, Genaro Garc\u00eda Luna, \u201c\u00bfIba a Badiraguato?\u201d, cuestion\u00f3.\u00a0<\/p>\n<p>Enseguida reproch\u00f3 el tuit del columnista Sergio Sarmiento quien public\u00f3: \u201cSeg\u00fan mis cuentas, el presidente ha visitado Badiraguato cuatro veces, f\u00edjense c\u00f3mo lo lleva apuntado: \u00a0Febrero 2019; Marzo 2020; Julio-agosto 2021; y ahora, octubre 2022\u201d.\u00a0<\/p>\n<p>\u201cFui a Guam\u00fachil, nada m\u00e1s, no fui a Badiraguato\u201d, respondi\u00f3 el presidente.<\/p>\n<blockquote>\n<p>\u201cNo me extra\u00f1a porque por respeto no digo lo que una vez me coment\u00f3 Monsiv\u00e1is pero incre\u00edble (\u2026) pero no son ellos son miles de fif\u00eds o aspirantes a fif\u00eds, muy conservadores pero muy deshonestos, con mucha deshonestidad intelectual\u201d, dijo.<\/p>\n<\/blockquote>\n<p>Al aclarar que \u00fanicamente ha ido a Badiraguato en tres ocasiones, \u201ccreo que la primera fue por tierra, porque estamos construyendo un camino de Badiraguato por la sierra hacia Guadalupe y Calvo, Chihuahua que queremos terminar. Ya ap\u00fantale, Sergio, porque voy a ir a inaugurarlo en enero, en diciembre o en enero\u201d.\u00a0<\/p>\n<p>Subray\u00f3 que est\u00e1n pendiente de sus actividades y continu\u00f3 con la respuesta a Sarmiento ahora en torno a los datos que expone el columnista \u201cBadiraguato tiene 26,542 habitantes y 7,250 viviendas. Se reparten 14 mil apoyos sociales\u201d.\u00a0\n<\/p>\n<p>El presidente contest\u00f3: \u201cTe voy a informar que as\u00ed como Badiraguato est\u00e1 Choix y as\u00ed est\u00e1n m\u00e1s de mil municipios del pa\u00eds, es m\u00e1s el 60 por ciento de los municipios del pa\u00eds, Sergio, tienen m\u00e1s beneficiarios que viviendas, lo cual es un orgullo (\u2026) Sergio, \u00bfsabes qu\u00e9 programa se aplica en Badiraguato y Guadalupe y Calvo? Sembrando vida, \u00bfsabes para qu\u00e9 sirve? Para que tengan ingresos y siembren \u00e1rboles frutales y maderables\u201d.\n<\/p>\n<\/div>\n<p><script>\n      window.fbAsyncInit = function() {\n        FB.init({\n          appId      : '{785979025297911}',\n          status     : true,\n\t\t  version:  'v2.7',\n          xfbml      : true\n        });\nFB.Event.subscribe('comment.create', function (response) {grabacom_compa(296105)});\t\nFB.Event.subscribe('comment.remove',  function (response) {grabacom_compa(296105)});\t\nFB.Event.subscribe('edge.create',  function (response) {grabacom_compa(296105)});\nFB.Event.subscribe('edge.remove',  function (response) {grabacom_compa(296105)});\n      };\n(function(d, s, id) {\n  var js, fjs = d.getElementsByTagName(s)[0];\n  if (d.getElementById(id)) return;\n  js = d.createElement(s); js.id = id;\n  js.src = \"\/\/connect.facebook.net\/es_LA\/sdk.js#xfbml=1&version=v2.7&appId=785979025297911\";\n  fjs.parentNode.insertBefore(js, fjs);\n}(document, 'script', 'facebook-jssdk'));\n    <\/script><br \/>\n<br \/><\/p>\n<p><em> &#8221; Fuentes news.google.com &#8221; <\/em><\/p>\n","protected":false},"excerpt":{"rendered":"<p>CIUDAD DE M\u00c9XICO (apro).-El presidente Andr\u00e9s Manuel L\u00f3pez Obrador afirm\u00f3 que este fin de semana no fue a Badiraguato, solo a Guam\u00fachil y que las veces que ha visitado Sinaloa no es para reunirse con integrantes del C\u00e1rtel de Sinaloa, sino porque busca impulsar proyectos para la autosuficiencia alimentaria.\u00a0 \u201cHay una campa\u00f1a en las redes [&hellip;]<\/p>\n","protected":false},"author":4,"featured_media":416568,"comment_status":"open","ping_status":"closed","sticky":false,"template":"","format":"standard","meta":{"om_disable_all_campaigns":false,"jnews-multi-image_gallery":[],"jnews_single_post":[],"jnews_primary_category":[],"jnews_social_meta":[],"footnotes":""},"categories":[39],"tags":[973,40018,2481],"class_list":["post-416567","post","type-post","status-publish","format-standard","has-post-thumbnail","hentry","category-viajes","tag-amlo","tag-cartel-de-sinaloa","tag-sinaloa"],"_links":{"self":[{"href":"https:\/\/dimensionturistica.com\/es\/wp-json\/wp\/v2\/posts\/416567","targetHints":{"allow":["GET"]}}],"collection":[{"href":"https:\/\/dimensionturistica.com\/es\/wp-json\/wp\/v2\/posts"}],"about":[{"href":"https:\/\/dimensionturistica.com\/es\/wp-json\/wp\/v2\/types\/post"}],"author":[{"embeddable":true,"href":"https:\/\/dimensionturistica.com\/es\/wp-json\/wp\/v2\/users\/4"}],"replies":[{"embeddable":true,"href":"https:\/\/dimensionturistica.com\/es\/wp-json\/wp\/v2\/comments?post=416567"}],"version-history":[{"count":0,"href":"https:\/\/dimensionturistica.com\/es\/wp-json\/wp\/v2\/posts\/416567\/revisions"}],"wp:featuredmedia":[{"embeddable":true,"href":"https:\/\/dimensionturistica.com\/es\/wp-json\/wp\/v2\/media\/416568"}],"wp:attachment":[{"href":"https:\/\/dimensionturistica.com\/es\/wp-json\/wp\/v2\/media?parent=416567"}],"wp:term":[{"taxonomy":"category","embeddable":true,"href":"https:\/\/dimensionturistica.com\/es\/wp-json\/wp\/v2\/categories?post=416567"},{"taxonomy":"post_tag","embeddable":true,"href":"https:\/\/dimensionturistica.com\/es\/wp-json\/wp\/v2\/tags?post=416567"}],"curies":[{"name":"wp","href":"https:\/\/api.w.org\/{rel}","templated":true}]}}