{"id":415929,"date":"2022-10-30T12:00:03","date_gmt":"2022-10-30T12:00:03","guid":{"rendered":"https:\/\/dimensionturistica.com\/es\/?p=415929"},"modified":"2022-10-30T12:00:04","modified_gmt":"2022-10-30T12:00:04","slug":"la-ciudad-sumergida-mas-antigua-del-mundo","status":"publish","type":"post","link":"https:\/\/dimensionturistica.com\/es\/la-ciudad-sumergida-mas-antigua-del-mundo\/","title":{"rendered":"La ciudad sumergida m\u00e1s antigua del mundo"},"content":{"rendered":"<p> <br \/>\n<\/p>\n<div>\n<div id=\"involveds\" class=\"involveds wrap\">\n<div class=\"involved-authors only-author\">\n<div class=\"first-author\">\n<figure class=\"thumb col-xs-3\">&#13;<img loading=\"lazy\" decoding=\"async\" src=\"https:\/\/news.google.com\/medio\/2021\/12\/15\/xell_b48658f1_600x600.png\" alt=\"Xell\" class=\"lazyload\" width=\"600\" height=\"600\" data-aspectratio=\"600\/600\"\/><noscript><img decoding=\"async\" src=\"https:\/\/news.google.com\/medio\/2021\/12\/15\/xell_b48658f1_600x600.png\" alt=\"Xell\"\/><\/noscript>&#13;<\/figure>\n<\/div>\n<\/div>\n<\/div>\n<p class=\"date\"> <time itemprop=\"dateModified\" datetime=\"2022-10-30T07:00:00+01:00\" data-timestamp=\"1667113200\">&#13;30 de octubre de 2022 \u00b7 07:00<\/time>&#13;<\/p>\n<\/div>\n<div id=\"article-text\">\n<div class=\"txt\">\n<aside class=\"subscription-highlighted\">\n<div class=\"subscription-container\">\n<div class=\"non-subscribed\">\n<p class=\"description\">Somos de rutas, no de rutinas. Descubre Viajes Nationwide Geographic<\/p>\n<p><a rel=\"nofollow noopener\" target=\"_blank\" href=\"https:\/\/tienda.rba.es\/revistas\/viajes-national-geographic?rba_source=viajes.nationalgeographic.com.es&amp;rba_medium=referral&amp;rba_campaign=NGMV&amp;rba_content=frase-articulo\" class=\"more-link\">SABER M\u00c1S<\/a><\/div>\n<\/div>\n<\/aside>\n<p style=\"display: none;\"><img decoding=\"async\" id=\"ctl01_ctl00_phMain_phMain_ctl00_ctl02_ctl17_ctl01_imgContent\" src=\"https:\/\/news.google.com\/medio\/2022\/10\/28\/pavlopetri_11ac9b06_800x800.jpg\" alt=\"Pavlopetri\" style=\"border-width:0px;\"\/><\/p>\n<aside class=\"add300x250 publi-interior-top ad-container-r1 ad-inline\"\/>\n<p>Bajo las aguas de la costa oeste de la pen\u00ednsula del Cabo Malea (Peloponeso), yacen quince edificios pertenecientes a <strong>Pavlopetri, una ciudad de la Edad de Bronce <\/strong>que estuvo ocupada desde el tercer milenio y hasta el 1.100 a.C. y que hoy se ha convertido en la urbe sumergida m\u00e1s antigua del mundo seg\u00fan la UNESCO. Junto a las casas, se pueden observar patios, calles y decenas de tumbas.<\/p>\n<p>Estos vestigios submarinos, que reposan a algunos metros de la orilla en la bah\u00eda de Vatika, fueron descubiertos en 1967. A\u00f1os m\u00e1s tarde, en 2016, se incluyeron en la lista World Monuments Watch junto con otros sitios del patrimonio cultural en peligro (como Amedy en Irak, las ruinas de Kua en Tanzania y la torre de Shukhov en Rusia), dada su vulnerabilidad frente a la contaminaci\u00f3n y al cambio clim\u00e1tico.<\/p>\n<aside class=\"add300x600 publi-interior-bot ad-inline ad-container-r2\"\/><\/div>\n<p><!-- START:toolbar --><!-- END:toolbar --><\/div>\n\n<p><em> &#8221; Fuentes news.google.com &#8221; <\/em><\/p>\n","protected":false},"excerpt":{"rendered":"<p>&#13;&#13; &#13;30 de octubre de 2022 \u00b7 07:00&#13; Somos de rutas, no de rutinas. Descubre Viajes Nationwide Geographic SABER M\u00c1S Bajo las aguas de la costa oeste de la pen\u00ednsula del Cabo Malea (Peloponeso), yacen quince edificios pertenecientes a Pavlopetri, una ciudad de la Edad de Bronce que estuvo ocupada desde el tercer milenio y [&hellip;]<\/p>\n","protected":false},"author":4,"featured_media":415930,"comment_status":"open","ping_status":"closed","sticky":false,"template":"","format":"standard","meta":{"om_disable_all_campaigns":false,"jnews-multi-image_gallery":[],"jnews_single_post":[],"jnews_primary_category":[],"jnews_social_meta":[],"footnotes":""},"categories":[39],"tags":[47258,47257],"class_list":["post-415929","post","type-post","status-publish","format-standard","has-post-thumbnail","hentry","category-viajes","tag-cargado-desde-el-fichero-de-recursos","tag-keywords-por-defecto"],"_links":{"self":[{"href":"https:\/\/dimensionturistica.com\/es\/wp-json\/wp\/v2\/posts\/415929","targetHints":{"allow":["GET"]}}],"collection":[{"href":"https:\/\/dimensionturistica.com\/es\/wp-json\/wp\/v2\/posts"}],"about":[{"href":"https:\/\/dimensionturistica.com\/es\/wp-json\/wp\/v2\/types\/post"}],"author":[{"embeddable":true,"href":"https:\/\/dimensionturistica.com\/es\/wp-json\/wp\/v2\/users\/4"}],"replies":[{"embeddable":true,"href":"https:\/\/dimensionturistica.com\/es\/wp-json\/wp\/v2\/comments?post=415929"}],"version-history":[{"count":0,"href":"https:\/\/dimensionturistica.com\/es\/wp-json\/wp\/v2\/posts\/415929\/revisions"}],"wp:featuredmedia":[{"embeddable":true,"href":"https:\/\/dimensionturistica.com\/es\/wp-json\/wp\/v2\/media\/415930"}],"wp:attachment":[{"href":"https:\/\/dimensionturistica.com\/es\/wp-json\/wp\/v2\/media?parent=415929"}],"wp:term":[{"taxonomy":"category","embeddable":true,"href":"https:\/\/dimensionturistica.com\/es\/wp-json\/wp\/v2\/categories?post=415929"},{"taxonomy":"post_tag","embeddable":true,"href":"https:\/\/dimensionturistica.com\/es\/wp-json\/wp\/v2\/tags?post=415929"}],"curies":[{"name":"wp","href":"https:\/\/api.w.org\/{rel}","templated":true}]}}