{"id":415691,"date":"2022-10-29T19:57:38","date_gmt":"2022-10-29T19:57:38","guid":{"rendered":"https:\/\/dimensionturistica.com\/es\/?p=415691"},"modified":"2022-10-29T19:59:18","modified_gmt":"2022-10-29T19:59:18","slug":"innovacion-necesaria-para-incrementar-el-flujo-de-turistas-y-la-ocupacion-hotelera","status":"publish","type":"post","link":"https:\/\/dimensionturistica.com\/es\/innovacion-necesaria-para-incrementar-el-flujo-de-turistas-y-la-ocupacion-hotelera\/","title":{"rendered":"Innovaci\u00f3n, necesaria para incrementar el flujo de turistas y la ocupaci\u00f3n hotelera"},"content":{"rendered":"<p>El secretario de Turismo del Gobierno de M\u00e9xico, Miguel Torruco Marqu\u00e9s, destac\u00f3 que, si bien los datos<img decoding=\"async\" class=\"size-medium wp-image-415702 alignright\" src=\"https:\/\/dimensionturistica.com\/es\/wp-content\/uploads\/2022\/10\/Pre-inauguracion-del-complejo-hotelero-i-421-Live-District-1-300x225.jpg\" alt=\"\" width=\"300\" height=\"225\" srcset=\"https:\/\/dimensionturistica.com\/es\/wp-content\/uploads\/2022\/10\/Pre-inauguracion-del-complejo-hotelero-i-421-Live-District-1-300x225.jpg 300w, https:\/\/dimensionturistica.com\/es\/wp-content\/uploads\/2022\/10\/Pre-inauguracion-del-complejo-hotelero-i-421-Live-District-1-768x576.jpg 768w, https:\/\/dimensionturistica.com\/es\/wp-content\/uploads\/2022\/10\/Pre-inauguracion-del-complejo-hotelero-i-421-Live-District-1-750x563.jpg 750w, https:\/\/dimensionturistica.com\/es\/wp-content\/uploads\/2022\/10\/Pre-inauguracion-del-complejo-hotelero-i-421-Live-District-1.jpg 1024w\" sizes=\"(max-width: 300px) 100vw, 300px\" \/> del turismo son favorables, es importante trabajar en la innovaci\u00f3n del producto tur\u00edstico y los servicios para incrementar el flujo de turistas, y, por tanto, la ocupaci\u00f3n de nuestros centros de hospedaje.<br \/>\nAl encabezar la pre-inauguraci\u00f3n del complejo hotelero i-421 Live District Roma-Condesa Ciudad de M\u00e9xico, el titular de la Secretar\u00eda de Turismo (Sectur) dio a conocer algunos de los proyectos en los que trabaja la dependencia a su cargo, que van acordes con las nuevas necesidades del viajero post pandemia.<br \/>\nAcompa\u00f1ado de la secretaria de Turismo de la Ciudad de M\u00e9xico, Nathalie Desplas Puel; Luis Antonio Ram\u00edrez Pineda, director general de Nacional Financiera y del Banco Nacional de Comercio Exterior; as\u00ed como presidentes de las asociaciones tur\u00edsticas m\u00e1s importantes del pa\u00eds, Torruco Marqu\u00e9s precis\u00f3 que una de las recientes iniciativas que se pusieron en marcha fue \u201cBarrios M\u00e1gicos\u201d.<br \/>\nSe\u00f1al\u00f3 que son sitios que combinan diversos elementos y los hacen \u00fanicos: historia, cultura, gastronom\u00eda, productos y servicios, as\u00ed como la convivencia de la poblaci\u00f3n local con los visitantes; para descubrir el<img decoding=\"async\" class=\"size-medium wp-image-415701 alignright\" src=\"https:\/\/dimensionturistica.com\/es\/wp-content\/uploads\/2022\/10\/Pre-inauguracion-del-complejo-hotelero-i-421-Live-District-2-300x200.jpg\" alt=\"\" width=\"300\" height=\"200\" srcset=\"https:\/\/dimensionturistica.com\/es\/wp-content\/uploads\/2022\/10\/Pre-inauguracion-del-complejo-hotelero-i-421-Live-District-2-300x200.jpg 300w, https:\/\/dimensionturistica.com\/es\/wp-content\/uploads\/2022\/10\/Pre-inauguracion-del-complejo-hotelero-i-421-Live-District-2-768x512.jpg 768w, https:\/\/dimensionturistica.com\/es\/wp-content\/uploads\/2022\/10\/Pre-inauguracion-del-complejo-hotelero-i-421-Live-District-2-750x500.jpg 750w, https:\/\/dimensionturistica.com\/es\/wp-content\/uploads\/2022\/10\/Pre-inauguracion-del-complejo-hotelero-i-421-Live-District-2.jpg 1024w\" sizes=\"(max-width: 300px) 100vw, 300px\" \/> \u201cesp\u00edritu\u201d y esencia de una ciudad; con lo que se favorecer\u00e1 la diversificaci\u00f3n de los destinos tur\u00edsticos de nuestro pa\u00eds, mediante un esfuerzo conjunto de Sectur con los gobiernos estatales, municipales y locales.<br \/>\nEl secretario de Turismo puntualiz\u00f3 tambi\u00e9n que es fundamental mejorar la conectividad a\u00e9rea, con diversas obras de infraestructura, como el Aeropuerto Internacional Felipe \u00c1ngeles (AIFA), que actualmente tiene entre 62 y 66 operaciones diarias y se estima que, en diciembre del presente a\u00f1o, ascienda a 100 operaciones por d\u00eda.<br \/>\n\u201cHace tres meses, Sectur en coordinaci\u00f3n con la empresa mexicana Mobility ADO, puso en marcha la ruta del Turitour: CDMX-AIFA y sus museos-Teotihuac\u00e1n-CDMX, que incluye un recorrido por las instalaciones del aeropuerto y los museos del Mamut, de la Aviaci\u00f3n Militar y del Tren Presidencial Olivo, as\u00ed como una visita a la zona arqueol\u00f3gica de Teotihuac\u00e1n, donde la gente podr\u00e1 caminar y maravillarse con la grandeza de sus pir\u00e1mides, as\u00ed como disfrutar de la oferta gastron\u00f3mica local\u201d, declar\u00f3.<img decoding=\"async\" class=\"size-medium wp-image-415700 alignright\" src=\"https:\/\/dimensionturistica.com\/es\/wp-content\/uploads\/2022\/10\/Pre-inauguracion-del-complejo-hotelero-i-421-Live-District-3-300x200.jpg\" alt=\"\" width=\"300\" height=\"200\" srcset=\"https:\/\/dimensionturistica.com\/es\/wp-content\/uploads\/2022\/10\/Pre-inauguracion-del-complejo-hotelero-i-421-Live-District-3-300x200.jpg 300w, https:\/\/dimensionturistica.com\/es\/wp-content\/uploads\/2022\/10\/Pre-inauguracion-del-complejo-hotelero-i-421-Live-District-3-768x512.jpg 768w, https:\/\/dimensionturistica.com\/es\/wp-content\/uploads\/2022\/10\/Pre-inauguracion-del-complejo-hotelero-i-421-Live-District-3-750x500.jpg 750w, https:\/\/dimensionturistica.com\/es\/wp-content\/uploads\/2022\/10\/Pre-inauguracion-del-complejo-hotelero-i-421-Live-District-3.jpg 1024w\" sizes=\"(max-width: 300px) 100vw, 300px\" \/><br \/>\nAgreg\u00f3 que en materia de promoci\u00f3n se llevan a cabo acciones como la Operaci\u00f3n Toca Puertas, con el objetivo de posicionar a M\u00e9xico como un destino preferente del turista internacional, y recientemente se realiz\u00f3 en Montreal, Ottawa y Toronto, en Canad\u00e1; pr\u00f3ximamente ser\u00e1 en Dallas, Texas, y participar\u00e1 con un pabell\u00f3n, en el Word Travel Market, en Londres.<br \/>\nTorruco Marqu\u00e9s reconoci\u00f3 a Marcos Sacal, presidente de Grupo Murano, y a los directivos de la compa\u00f1\u00eda, por esta pre-inauguraci\u00f3n de i-421 Live District Roma-Condesa Ciudad de M\u00e9xico, cuya ubicaci\u00f3n estrat\u00e9gica ofrece al viajero acceso a una amplia oferta tur\u00edstica, como las zonas arqueol\u00f3gicas de Cuicuilco, Tlatelolco y el Templo Mayor, o la Bas\u00edlica de Guadalupe, uno de los santuarios m\u00e1s visitados en el mundo.<br \/>\n\u201cTambi\u00e9n puede visitar alguno de los 171 museos, as\u00ed como los sitios declarados por la Unesco como Patrimonio Cultural de la Humanidad. Si algo tiene nuestra querida capital, \u2018La Ciudad de los Palacios\u2019, es una gran variedad de actividades para satisfacer las expectativas de un turista cada vez m\u00e1s informado y exigente.<br \/>\nAdem\u00e1s, reiter\u00f3 la invitaci\u00f3n para disfrutar del Desfile de D\u00eda de Muertos, el 29 de octubre, mismo que se impuls\u00f3 en coordinaci\u00f3n con el Gobierno de la Ciudad de M\u00e9xico; as\u00ed como de la F\u00f3rmula 1 y el Gran Premio de M\u00e9xico, los d\u00edas 28, 29 y 30 de este mes; adem\u00e1s de la 47 edici\u00f3n del Tianguis Tur\u00edstico M\u00e9xico<img decoding=\"async\" class=\"size-medium wp-image-415698 alignright\" src=\"https:\/\/dimensionturistica.com\/es\/wp-content\/uploads\/2022\/10\/Pre-inauguracion-del-complejo-hotelero-i-421-Live-District-5-300x198.jpg\" alt=\"\" width=\"300\" height=\"198\" srcset=\"https:\/\/dimensionturistica.com\/es\/wp-content\/uploads\/2022\/10\/Pre-inauguracion-del-complejo-hotelero-i-421-Live-District-5-300x198.jpg 300w, https:\/\/dimensionturistica.com\/es\/wp-content\/uploads\/2022\/10\/Pre-inauguracion-del-complejo-hotelero-i-421-Live-District-5-768x506.jpg 768w, https:\/\/dimensionturistica.com\/es\/wp-content\/uploads\/2022\/10\/Pre-inauguracion-del-complejo-hotelero-i-421-Live-District-5-750x494.jpg 750w, https:\/\/dimensionturistica.com\/es\/wp-content\/uploads\/2022\/10\/Pre-inauguracion-del-complejo-hotelero-i-421-Live-District-5.jpg 1024w\" sizes=\"(max-width: 300px) 100vw, 300px\" \/>, a celebrarse del 26 al 29 de marzo del 2023, que, por primera vez en la historia, tendr\u00e1 como sede a la Ciudad de M\u00e9xico.<br \/>\nEl titular de Sectur asegur\u00f3 que estas acciones van encaminadas a cumplir con la premisa del presidente Andr\u00e9s Manuel L\u00f3pez Obrador, para hacer del turismo una herramienta de reconciliaci\u00f3n social; adem\u00e1s de que las pol\u00edticas que implement\u00f3 durante la pandemia fueron acertadas, al no restringir los vuelos internacionales, implementar los protocolos biosanitarios en el sector tur\u00edstico y la estrategia de vacunaci\u00f3n.<br \/>\nPor su parte, la Secretar\u00eda de Turismo de la Ciudad de M\u00e9xico, Nathalie Desplas Puel, indic\u00f3 que la capital del pa\u00eds es la ciudad que lo tiene todo \u201cal contar con la mayor conectividad, una movilidad incre\u00edble y mayor acceso a \u00e1reas al aire libre, por lo que se merece un hotel como este\u201d.<br \/>\nEn su oportunidad, Luis Antonio Ram\u00edrez Pineda, director general de Nacional Financiera y Bancomext, destac\u00f3 la importancia del trabajo coordinado entre esta instituci\u00f3n y el sector empresarial especialmente en el ramo tur\u00edstico para facilitar el impulso de infraestructura que contribuya al desarrollo de M\u00e9xico.<br \/>\nEn representaci\u00f3n del Consejo Nacional Empresarial Tur\u00edstico (CNET), Germ\u00e1n Gonz\u00e1lez Bernal, presidente<img decoding=\"async\" class=\"size-medium wp-image-415697 alignright\" src=\"https:\/\/dimensionturistica.com\/es\/wp-content\/uploads\/2022\/10\/Pre-inauguracion-del-complejo-hotelero-i-421-Live-District-10-300x200.jpg\" alt=\"\" width=\"300\" height=\"200\" srcset=\"https:\/\/dimensionturistica.com\/es\/wp-content\/uploads\/2022\/10\/Pre-inauguracion-del-complejo-hotelero-i-421-Live-District-10-300x200.jpg 300w, https:\/\/dimensionturistica.com\/es\/wp-content\/uploads\/2022\/10\/Pre-inauguracion-del-complejo-hotelero-i-421-Live-District-10-768x512.jpg 768w, https:\/\/dimensionturistica.com\/es\/wp-content\/uploads\/2022\/10\/Pre-inauguracion-del-complejo-hotelero-i-421-Live-District-10-750x500.jpg 750w, https:\/\/dimensionturistica.com\/es\/wp-content\/uploads\/2022\/10\/Pre-inauguracion-del-complejo-hotelero-i-421-Live-District-10.jpg 1024w\" sizes=\"(max-width: 300px) 100vw, 300px\" \/> de la CANIRAC celebr\u00f3 la apertura de este nuevo espacio para contribuir en la atenci\u00f3n de m\u00e1s viajeros que llegan a la Ciudad de M\u00e9xico.<br \/>\nAl agradecer la presencia de las m\u00e1s de 200 personas que se dieron cita, entre autoridades y l\u00edderes del sector tur\u00edstico, as\u00ed como medios de comunicaci\u00f3n, Marcos Sacal, propietario y director general de Operaciones de Grupo Murano, inform\u00f3 \u201ci421 conecta en muchos sentidos a dos importantes marcas con el ritmo de la comunidad de este corredor Roma-Condesa, en donde gracias al apoyo de quienes han apostado por consolidar este desarrollo, se han generado hasta ahora 5 mil empleos y se producir\u00e1 adem\u00e1s un impacto directo en la econom\u00eda local, ya que tiene un enfoque de proveedur\u00eda nacional por arriba del 90%\u201d.<br \/>\nEn la ceremonia tambi\u00e9n estuvieron presentes el subsecretario de Turismo, Humberto Hern\u00e1ndez Haddad; y El\u00edas Sacal, presidente de Grupo Murano, entre otros distinguidos invitados.<\/p>\n<p>&#8212;<\/p>\n","protected":false},"excerpt":{"rendered":"<p>El secretario de Turismo del Gobierno de M\u00e9xico, Miguel Torruco Marqu\u00e9s, destac\u00f3 que, si bien los datos del turismo son favorables, es importante trabajar en la innovaci\u00f3n del producto tur\u00edstico y los servicios para incrementar el flujo de turistas, y, por tanto, la ocupaci\u00f3n de nuestros centros de hospedaje. Al encabezar la pre-inauguraci\u00f3n del complejo [&hellip;]<\/p>\n","protected":false},"author":1,"featured_media":415696,"comment_status":"open","ping_status":"closed","sticky":false,"template":"","format":"standard","meta":{"om_disable_all_campaigns":false,"jnews-multi-image_gallery":[],"jnews_single_post":{"source_name":"","source_url":"","via_name":"","via_url":"","override_template":"0","override":[{"template":"1","single_blog_custom":"","parallax":"1","fullscreen":"1","layout":"right-sidebar","sidebar":"default-sidebar","second_sidebar":"default-sidebar","sticky_sidebar":"1","share_position":"top","share_float_style":"share-monocrhome","show_share_counter":"1","show_view_counter":"1","show_featured":"1","show_post_meta":"1","show_post_author":"1","show_post_author_image":"1","show_post_date":"1","post_date_format":"default","post_date_format_custom":"Y\/m\/d","show_post_category":"1","show_post_reading_time":"0","post_reading_time_wpm":"300","show_zoom_button":"0","zoom_button_out_step":"2","zoom_button_in_step":"3","show_post_tag":"1","show_prev_next_post":"1","show_popup_post":"1","number_popup_post":"1","show_author_box":"0","show_post_related":"0","show_inline_post_related":"0"}],"override_image_size":"0","image_override":[{"single_post_thumbnail_size":"crop-500","single_post_gallery_size":"crop-500"}],"trending_post":"0","trending_post_position":"meta","trending_post_label":"Trending","sponsored_post":"0","sponsored_post_label":"Sponsored by","sponsored_post_name":"","sponsored_post_url":"","sponsored_post_logo_enable":"0","sponsored_post_logo":"","sponsored_post_desc":"","disable_ad":"0"},"jnews_primary_category":{"id":"","hide":""},"jnews_social_meta":{"fb_title":"","fb_description":"","fb_image":"","twitter_title":"","twitter_description":"","twitter_image":""},"footnotes":""},"categories":[40],"tags":[],"class_list":["post-415691","post","type-post","status-publish","format-standard","has-post-thumbnail","hentry","category-industria"],"_links":{"self":[{"href":"https:\/\/dimensionturistica.com\/es\/wp-json\/wp\/v2\/posts\/415691","targetHints":{"allow":["GET"]}}],"collection":[{"href":"https:\/\/dimensionturistica.com\/es\/wp-json\/wp\/v2\/posts"}],"about":[{"href":"https:\/\/dimensionturistica.com\/es\/wp-json\/wp\/v2\/types\/post"}],"author":[{"embeddable":true,"href":"https:\/\/dimensionturistica.com\/es\/wp-json\/wp\/v2\/users\/1"}],"replies":[{"embeddable":true,"href":"https:\/\/dimensionturistica.com\/es\/wp-json\/wp\/v2\/comments?post=415691"}],"version-history":[{"count":0,"href":"https:\/\/dimensionturistica.com\/es\/wp-json\/wp\/v2\/posts\/415691\/revisions"}],"wp:featuredmedia":[{"embeddable":true,"href":"https:\/\/dimensionturistica.com\/es\/wp-json\/wp\/v2\/media\/415696"}],"wp:attachment":[{"href":"https:\/\/dimensionturistica.com\/es\/wp-json\/wp\/v2\/media?parent=415691"}],"wp:term":[{"taxonomy":"category","embeddable":true,"href":"https:\/\/dimensionturistica.com\/es\/wp-json\/wp\/v2\/categories?post=415691"},{"taxonomy":"post_tag","embeddable":true,"href":"https:\/\/dimensionturistica.com\/es\/wp-json\/wp\/v2\/tags?post=415691"}],"curies":[{"name":"wp","href":"https:\/\/api.w.org\/{rel}","templated":true}]}}