{"id":415610,"date":"2022-10-29T17:09:29","date_gmt":"2022-10-29T17:09:29","guid":{"rendered":"https:\/\/dimensionturistica.com\/es\/?p=415610"},"modified":"2022-10-29T17:09:29","modified_gmt":"2022-10-29T17:09:29","slug":"suman-187-distintivos-s-otorgados-a-empresas-turistica-de-quintana-roo","status":"publish","type":"post","link":"https:\/\/dimensionturistica.com\/es\/suman-187-distintivos-s-otorgados-a-empresas-turistica-de-quintana-roo\/","title":{"rendered":"Suman 187 Distintivos \u201cS\u201d otorgados a empresas tur\u00edstica de Quintana Roo"},"content":{"rendered":"<p>Quintana Roo suma 187 Distintivos \u201cS\u201d otorgados a igual n\u00famero de empresas tur\u00edsticas del Caribe Mexicano lo que mantiene consolidada a la entidad como l\u00edder en el turismo mundial y con ello un mejor<img decoding=\"async\" class=\"size-medium wp-image-415657 alignright\" src=\"https:\/\/dimensionturistica.com\/es\/wp-content\/uploads\/2022\/10\/IMG-20221029-WA0003-300x228.jpg\" alt=\"\" width=\"300\" height=\"228\" srcset=\"https:\/\/dimensionturistica.com\/es\/wp-content\/uploads\/2022\/10\/IMG-20221029-WA0003-300x228.jpg 300w, https:\/\/dimensionturistica.com\/es\/wp-content\/uploads\/2022\/10\/IMG-20221029-WA0003-768x584.jpg 768w, https:\/\/dimensionturistica.com\/es\/wp-content\/uploads\/2022\/10\/IMG-20221029-WA0003-750x570.jpg 750w, https:\/\/dimensionturistica.com\/es\/wp-content\/uploads\/2022\/10\/IMG-20221029-WA0003.jpg 1024w\" sizes=\"(max-width: 300px) 100vw, 300px\" \/> bienestar y crecimiento econ\u00f3mico para las y los quintanarroenses, inform\u00f3 el secretario de Turismo en el Estado, Bernardo Cueto Riestra.\u201c\u201cEl distintivo \u201cS\u201d avala las certificaciones internacionales emitidas por EarthCheck, Preferred by Nature y PROFEPA, promoviendo las mejores pr\u00e1cticas sustentables, con criterios globales de sustentabilidad y promovidos por la Organizaci\u00f3n Mundial de Turismo y The Global Sustainable Tourism Council, coment\u00f3.<br \/>\nEl titular de la Secretar\u00eda Estatal de Turismo (SEDETUR) explic\u00f3 que en lo que va de mes se han entregado 156 distintivos y este jueves 31 m\u00e1s de los cuales: cinco se ubican en el municipio Benito Ju\u00e1rez; dos en Cozumel; cuatro de Isla Mujeres; tres de Puerto Morelos y 17 de Solidaridad.<\/p>\n<p>Cueto Riestra detall\u00f3 que con el Distintivos \u201cS\u201d las empresas tur\u00edsticas priorizan la preservaci\u00f3n de los<img decoding=\"async\" class=\"size-medium wp-image-415655 alignleft\" src=\"https:\/\/dimensionturistica.com\/es\/wp-content\/uploads\/2022\/10\/IMG-20221028-WA0002-300x214.jpg\" alt=\"\" width=\"300\" height=\"214\" srcset=\"https:\/\/dimensionturistica.com\/es\/wp-content\/uploads\/2022\/10\/IMG-20221028-WA0002-300x214.jpg 300w, https:\/\/dimensionturistica.com\/es\/wp-content\/uploads\/2022\/10\/IMG-20221028-WA0002-768x547.jpg 768w, https:\/\/dimensionturistica.com\/es\/wp-content\/uploads\/2022\/10\/IMG-20221028-WA0002-120x86.jpg 120w, https:\/\/dimensionturistica.com\/es\/wp-content\/uploads\/2022\/10\/IMG-20221028-WA0002-350x250.jpg 350w, https:\/\/dimensionturistica.com\/es\/wp-content\/uploads\/2022\/10\/IMG-20221028-WA0002-750x534.jpg 750w, https:\/\/dimensionturistica.com\/es\/wp-content\/uploads\/2022\/10\/IMG-20221028-WA0002.jpg 1024w\" sizes=\"(max-width: 300px) 100vw, 300px\" \/> ecosistemas y sobre todo inspirado en que genere prosperidad compartida para todas y todos establecido en el Nuevo Acuerdo por el Bienestar y Desarrollo que impulsa la gobernadora Mara Lezama Espinosa.<br \/>\nEn el evento, realizado el sal\u00f3n \u201cRock 1\u201d del centro de convenciones del Hotel Hard Rock Canc\u00fan, detall\u00f3 que el Nuevo Acuerdo est\u00e1 orientado en el crecimiento del turismo como uno de los pilares principales de nuestra<img decoding=\"async\" class=\"size-medium wp-image-415656 alignright\" src=\"https:\/\/dimensionturistica.com\/es\/wp-content\/uploads\/2022\/10\/IMG-20221028-WA0003-300x200.jpg\" alt=\"\" width=\"300\" height=\"200\" srcset=\"https:\/\/dimensionturistica.com\/es\/wp-content\/uploads\/2022\/10\/IMG-20221028-WA0003-300x200.jpg 300w, https:\/\/dimensionturistica.com\/es\/wp-content\/uploads\/2022\/10\/IMG-20221028-WA0003-768x512.jpg 768w, https:\/\/dimensionturistica.com\/es\/wp-content\/uploads\/2022\/10\/IMG-20221028-WA0003-750x500.jpg 750w, https:\/\/dimensionturistica.com\/es\/wp-content\/uploads\/2022\/10\/IMG-20221028-WA0003.jpg 1024w\" sizes=\"(max-width: 300px) 100vw, 300px\" \/> econom\u00eda.<br \/>\n\u201c\u201cAsistieron Eduardo P\u00e9rez Mej\u00eda, gerente de operaciones del Hotel Hard Rock Canc\u00fan; Jes\u00fas Almaguer Salazar, Presidente de la Asociaci\u00f3n de Hoteles de Canc\u00fan, Puerto Morelos e Isla Mujeres; Erika Lobos, gerente de EarthCheck para M\u00e9xico y Latinoam\u00e9rica, y Antonio Ch\u00e1vez, Presidente de la Asociaci\u00f3n de Hoteles de la Riviera Maya e invitados.<br \/>\n\u201c\u201ccgc.qroo.gob.mx\u201cqroo.gob.mx<\/p>\n","protected":false},"excerpt":{"rendered":"<p>Quintana Roo suma 187 Distintivos \u201cS\u201d otorgados a igual n\u00famero de empresas tur\u00edsticas del Caribe Mexicano lo que mantiene consolidada a la entidad como l\u00edder en el turismo mundial y con ello un mejor bienestar y crecimiento econ\u00f3mico para las y los quintanarroenses, inform\u00f3 el secretario de Turismo en el Estado, Bernardo Cueto Riestra.\u201c\u201cEl distintivo [&hellip;]<\/p>\n","protected":false},"author":1,"featured_media":415658,"comment_status":"open","ping_status":"closed","sticky":false,"template":"","format":"standard","meta":{"om_disable_all_campaigns":false,"jnews-multi-image_gallery":[],"jnews_single_post":{"source_name":"","source_url":"","via_name":"","via_url":"","override_template":"0","override":[{"template":"1","single_blog_custom":"","parallax":"1","fullscreen":"1","layout":"right-sidebar","sidebar":"default-sidebar","second_sidebar":"default-sidebar","sticky_sidebar":"1","share_position":"top","share_float_style":"share-monocrhome","show_share_counter":"1","show_view_counter":"1","show_featured":"1","show_post_meta":"1","show_post_author":"1","show_post_author_image":"1","show_post_date":"1","post_date_format":"default","post_date_format_custom":"Y\/m\/d","show_post_category":"1","show_post_reading_time":"0","post_reading_time_wpm":"300","show_zoom_button":"0","zoom_button_out_step":"2","zoom_button_in_step":"3","show_post_tag":"1","show_prev_next_post":"1","show_popup_post":"1","number_popup_post":"1","show_author_box":"0","show_post_related":"0","show_inline_post_related":"0"}],"override_image_size":"0","image_override":[{"single_post_thumbnail_size":"crop-500","single_post_gallery_size":"crop-500"}],"trending_post":"0","trending_post_position":"meta","trending_post_label":"Trending","sponsored_post":"0","sponsored_post_label":"Sponsored by","sponsored_post_name":"","sponsored_post_url":"","sponsored_post_logo_enable":"0","sponsored_post_logo":"","sponsored_post_desc":"","disable_ad":"0"},"jnews_primary_category":{"id":"","hide":""},"jnews_social_meta":{"fb_title":"","fb_description":"","fb_image":"","twitter_title":"","twitter_description":"","twitter_image":""},"footnotes":""},"categories":[39],"tags":[],"class_list":["post-415610","post","type-post","status-publish","format-standard","has-post-thumbnail","hentry","category-viajes"],"_links":{"self":[{"href":"https:\/\/dimensionturistica.com\/es\/wp-json\/wp\/v2\/posts\/415610","targetHints":{"allow":["GET"]}}],"collection":[{"href":"https:\/\/dimensionturistica.com\/es\/wp-json\/wp\/v2\/posts"}],"about":[{"href":"https:\/\/dimensionturistica.com\/es\/wp-json\/wp\/v2\/types\/post"}],"author":[{"embeddable":true,"href":"https:\/\/dimensionturistica.com\/es\/wp-json\/wp\/v2\/users\/1"}],"replies":[{"embeddable":true,"href":"https:\/\/dimensionturistica.com\/es\/wp-json\/wp\/v2\/comments?post=415610"}],"version-history":[{"count":0,"href":"https:\/\/dimensionturistica.com\/es\/wp-json\/wp\/v2\/posts\/415610\/revisions"}],"wp:featuredmedia":[{"embeddable":true,"href":"https:\/\/dimensionturistica.com\/es\/wp-json\/wp\/v2\/media\/415658"}],"wp:attachment":[{"href":"https:\/\/dimensionturistica.com\/es\/wp-json\/wp\/v2\/media?parent=415610"}],"wp:term":[{"taxonomy":"category","embeddable":true,"href":"https:\/\/dimensionturistica.com\/es\/wp-json\/wp\/v2\/categories?post=415610"},{"taxonomy":"post_tag","embeddable":true,"href":"https:\/\/dimensionturistica.com\/es\/wp-json\/wp\/v2\/tags?post=415610"}],"curies":[{"name":"wp","href":"https:\/\/api.w.org\/{rel}","templated":true}]}}