{"id":415237,"date":"2022-10-28T19:06:41","date_gmt":"2022-10-28T19:06:41","guid":{"rendered":"https:\/\/dimensionturistica.com\/es\/?p=415237"},"modified":"2022-10-28T19:10:16","modified_gmt":"2022-10-28T19:10:16","slug":"tlaquepaque-el-pueblo-magico-que-conquisto-a-marco-maretazi","status":"publish","type":"post","link":"https:\/\/dimensionturistica.com\/es\/tlaquepaque-el-pueblo-magico-que-conquisto-a-marco-maretazi\/","title":{"rendered":"Tlaquepaque, El Pueblo M\u00e1gico que Conquisto a Marco Materazzi"},"content":{"rendered":"<p>TlGuadalajara recibi\u00f3 el trofeo de la Copa de la FIFA que se entregar\u00e1 al campe\u00f3n del Mundial de Qatar<img decoding=\"async\" class=\"size-medium wp-image-415241 alignleft\" src=\"https:\/\/dimensionturistica.com\/es\/wp-content\/uploads\/2022\/10\/IMG8495-87.jpeg-1-177x300.jpg\" alt=\"\" width=\"177\" height=\"300\" srcset=\"https:\/\/dimensionturistica.com\/es\/wp-content\/uploads\/2022\/10\/IMG8495-87.jpeg-1-177x300.jpg 177w, https:\/\/dimensionturistica.com\/es\/wp-content\/uploads\/2022\/10\/IMG8495-87.jpeg-1-603x1024.jpg 603w, https:\/\/dimensionturistica.com\/es\/wp-content\/uploads\/2022\/10\/IMG8495-87.jpeg-1.jpg 608w\" sizes=\"(max-width: 177px) 100vw, 177px\" \/>\u00a0\u00a0\u00a02022, para que los aficionados de la Perla Tapat\u00eda pudieran conocerla y tomarse fotograf\u00edas.<br \/>\nDurante la presentaci\u00f3n de la copa mundialista, estuvo presente el exfutbolista y campe\u00f3n mundial italiano Marco Materazzi, que adem\u00e1s de asistir a la ceremonia de apertura en Expo Guadalajara, se dio una vuelta por Tlaquepaque y disfrut\u00f3 de la cultura tapat\u00eda.<br \/>\n\u00bfQu\u00e9 hizo Marco Materazzi durante su visita?<br \/>\nEl campe\u00f3n del mundo con Italia en el Mundial de Alemania 2006, disfrut\u00f3 su estancia en Jalisco, principalmente su visita al Pueblo M\u00e1gico de Tlaquepaque, donde se le capt\u00f3 recorriendo sus coloridos andadores.<br \/>\nAprovech\u00f3 para comer comida mexicana contempor\u00e1nea en Casa Luna, un famoso restaurante en el coraz\u00f3n de Tlaquepaque, donde el italiano goz\u00f3 de un encantador ambiente, gracias al dise\u00f1o del lugar, adem\u00e1s de las excelentes opciones de comida y mixolog\u00eda.<br \/>\nEn el andador independencia, Materazzi qued\u00f3 encantado con la tradici\u00f3n artesanal jalisciense que se concentra en las calles de Tlaquepaque, la arquitectura colonial y sus talleres y galer\u00edas. En su recorrido, se le vio con una \u201crotochela\u201d, una cerveza preparada y servida en un envase que simula un peque\u00f1o tinaco.<br \/>\nAs\u00ed mismo, Materazzi se detuvo a conocer su futuro con uno de los llamados \u201cpajaritos de la suerte\u201d, una<img decoding=\"async\" class=\"size-medium wp-image-415238 alignright\" src=\"https:\/\/dimensionturistica.com\/es\/wp-content\/uploads\/2022\/10\/unnamed-20-225x300.png\" alt=\"\" width=\"225\" height=\"300\" srcset=\"https:\/\/dimensionturistica.com\/es\/wp-content\/uploads\/2022\/10\/unnamed-20-225x300.png 225w, https:\/\/dimensionturistica.com\/es\/wp-content\/uploads\/2022\/10\/unnamed-20-766x1024.png 766w, https:\/\/dimensionturistica.com\/es\/wp-content\/uploads\/2022\/10\/unnamed-20-768x1026.png 768w, https:\/\/dimensionturistica.com\/es\/wp-content\/uploads\/2022\/10\/unnamed-20-750x1002.png 750w, https:\/\/dimensionturistica.com\/es\/wp-content\/uploads\/2022\/10\/unnamed-20.png 958w\" sizes=\"(max-width: 225px) 100vw, 225px\" \/> tradici\u00f3n mexicana en la que un pajarito sale de su colorida jaula para escoger con su pico unos papelitos en los que viene escrito alguna fortuna o pensamiento.<br \/>\nAdem\u00e1s del \u00edcono mundialista, diferentes celebridades han disfrutado de este encantador poblado como el rapero estadounidense Jay- Z, el guitarrista Carlos Santana y el vocalista de Kiss, Gene Simmons.<br \/>\nLa Oficina de Visitantes y Convenciones de Guadalajara te invita a disfrutar del Pueblo M\u00e1gico de Tlaquepaque, caminar por sus calles, y visitar el Mercado de Artesan\u00edas, Centro Cultural el Refugio, el Pari\u00e1n, Museo Regional de Cer\u00e1mica. Adem\u00e1s, puedes aprovechar para comprar dulces t\u00edpicos o probar una cazuela o una nieve t\u00edpica de la regi\u00f3n del pueblo.<br \/>\nVideo disponible en:<br \/>\nVideo-PDSTLQMM.mp4<\/p>\n<p>&nbsp;<\/p>\n","protected":false},"excerpt":{"rendered":"<p>TlGuadalajara recibi\u00f3 el trofeo de la Copa de la FIFA que se entregar\u00e1 al campe\u00f3n del Mundial de Qatar\u00a0\u00a0\u00a02022, para que los aficionados de la Perla Tapat\u00eda pudieran conocerla y tomarse fotograf\u00edas. Durante la presentaci\u00f3n de la copa mundialista, estuvo presente el exfutbolista y campe\u00f3n mundial italiano Marco Materazzi, que adem\u00e1s de asistir a la [&hellip;]<\/p>\n","protected":false},"author":1,"featured_media":415239,"comment_status":"open","ping_status":"closed","sticky":false,"template":"","format":"standard","meta":{"om_disable_all_campaigns":false,"jnews-multi-image_gallery":[],"jnews_single_post":{"source_name":"","source_url":"","via_name":"","via_url":"","override_template":"0","override":[{"template":"1","single_blog_custom":"","parallax":"1","fullscreen":"1","layout":"right-sidebar","sidebar":"default-sidebar","second_sidebar":"default-sidebar","sticky_sidebar":"1","share_position":"top","share_float_style":"share-monocrhome","show_share_counter":"1","show_view_counter":"1","show_featured":"1","show_post_meta":"1","show_post_author":"1","show_post_author_image":"1","show_post_date":"1","post_date_format":"default","post_date_format_custom":"Y\/m\/d","show_post_category":"1","show_post_reading_time":"0","post_reading_time_wpm":"300","show_zoom_button":"0","zoom_button_out_step":"2","zoom_button_in_step":"3","show_post_tag":"1","show_prev_next_post":"1","show_popup_post":"1","number_popup_post":"1","show_author_box":"0","show_post_related":"0","show_inline_post_related":"0"}],"override_image_size":"0","image_override":[{"single_post_thumbnail_size":"crop-500","single_post_gallery_size":"crop-500"}],"trending_post":"0","trending_post_position":"meta","trending_post_label":"Trending","sponsored_post":"0","sponsored_post_label":"Sponsored by","sponsored_post_name":"","sponsored_post_url":"","sponsored_post_logo_enable":"0","sponsored_post_logo":"","sponsored_post_desc":"","disable_ad":"0"},"jnews_primary_category":{"id":"","hide":""},"jnews_social_meta":{"fb_title":"","fb_description":"","fb_image":"","twitter_title":"","twitter_description":"","twitter_image":""},"footnotes":""},"categories":[39],"tags":[],"class_list":["post-415237","post","type-post","status-publish","format-standard","has-post-thumbnail","hentry","category-viajes"],"_links":{"self":[{"href":"https:\/\/dimensionturistica.com\/es\/wp-json\/wp\/v2\/posts\/415237","targetHints":{"allow":["GET"]}}],"collection":[{"href":"https:\/\/dimensionturistica.com\/es\/wp-json\/wp\/v2\/posts"}],"about":[{"href":"https:\/\/dimensionturistica.com\/es\/wp-json\/wp\/v2\/types\/post"}],"author":[{"embeddable":true,"href":"https:\/\/dimensionturistica.com\/es\/wp-json\/wp\/v2\/users\/1"}],"replies":[{"embeddable":true,"href":"https:\/\/dimensionturistica.com\/es\/wp-json\/wp\/v2\/comments?post=415237"}],"version-history":[{"count":0,"href":"https:\/\/dimensionturistica.com\/es\/wp-json\/wp\/v2\/posts\/415237\/revisions"}],"wp:featuredmedia":[{"embeddable":true,"href":"https:\/\/dimensionturistica.com\/es\/wp-json\/wp\/v2\/media\/415239"}],"wp:attachment":[{"href":"https:\/\/dimensionturistica.com\/es\/wp-json\/wp\/v2\/media?parent=415237"}],"wp:term":[{"taxonomy":"category","embeddable":true,"href":"https:\/\/dimensionturistica.com\/es\/wp-json\/wp\/v2\/categories?post=415237"},{"taxonomy":"post_tag","embeddable":true,"href":"https:\/\/dimensionturistica.com\/es\/wp-json\/wp\/v2\/tags?post=415237"}],"curies":[{"name":"wp","href":"https:\/\/api.w.org\/{rel}","templated":true}]}}