{"id":415220,"date":"2022-10-28T18:44:35","date_gmt":"2022-10-28T18:44:35","guid":{"rendered":"https:\/\/dimensionturistica.com\/es\/?p=415220"},"modified":"2022-10-28T18:44:35","modified_gmt":"2022-10-28T18:44:35","slug":"inauguran-la-feria-de-encuentro-con-el-financiamiento-para-el-turismo-de-campeche","status":"publish","type":"post","link":"https:\/\/dimensionturistica.com\/es\/inauguran-la-feria-de-encuentro-con-el-financiamiento-para-el-turismo-de-campeche\/","title":{"rendered":"Inauguran la Feria de Encuentro con el Financiamiento para el Turismo de Campeche"},"content":{"rendered":"<p> <br \/>\n<\/p>\n<div id=\"cuerpo-nota\">\n<p style=\"text-align: justify;\">Con la participaci\u00f3n de estudiantes, emprendedores y empresarios, se realiz\u00f3 la <strong>Feria de Encuentro con el Financiamiento<\/strong> para el <strong>Turismo <\/strong>del Estado, que tuvo lugar en el <strong>Centro de Convenciones y Exposiciones \u201cCampeche XXI\u201d<\/strong>.\u00a0<\/p>\n<p style=\"text-align: justify;\">En mensaje transmitido a trav\u00e9s de un video, el subsecretario de turismo federal, Humberto Hern\u00e1ndez Haddad, expuso que en el 2019, Campeche report\u00f3 un monto de 2 mil 977 millones de pesos generados por la actividad tur\u00edstica, de los que el 56% correspondieron a alimentos y bebidas, 26% a hospedaje, 12% al transporte y 6% a las agencias de viaje.<\/p>\n<aside class=\"htmlinline\"\/>\n<aside class=\"relacionadas con-foto\">\n<h5>Noticias Relacionadas<\/h5>\n<\/aside>\n<p style=\"text-align: justify;\">Mientras que el municipio de Campeche aport\u00f3 en el mismo a\u00f1o, 25.6% del whole del Producto Interno Bruto Tur\u00edstico del Estado.<\/p>\n<p class=\"image-align-center\"><img decoding=\"async\" alt=\"\" height=\"576\" src=\"https:\/\/news.google.com\/u\/fotografias\/m\/2022\/10\/28\/f768x1-231389_231516_5050.jpeg\" width=\"768\"\/><\/p>\n<aside class=\"htmlinline\"\/>\n<aside class=\"relacionadas con-foto\">\n<h5>Noticias Relacionadas<\/h5>\n<\/aside>\n<p style=\"text-align: justify;\">Agreg\u00f3 que es importante difundir, ampliar y diversificar la oferta existente con programas de asistencia t\u00e9cnica, esquemas de financiamiento como los que aportar\u00e1 este taller, enfocados al turismo y que permitan fortalecer la oferta en este rubro.<\/p>\n<p style=\"text-align: justify;\">Por su parte, Mauricio Arceo Pi\u00f1a, titular del\u00a0Sector Campeche, expuso que el objetivo de este encuentro se centra en dar a conocer las fuentes de financiamientos que los sectores p\u00fablico y privado ofrecen como apoyo a la creaci\u00f3n y desarrollo de Mipymes.<\/p>\n<p style=\"text-align: justify;\">S\u00edguenos en <a rel=\"nofollow noopener\" target=\"_blank\" href=\"https:\/\/news.google.com\/publications\/CAAqBwgKMMLDmwswhs6zAw?oc=3&amp;ceid=MX:es-419&amp;hl=es-419&amp;gl=MX\">Google News<\/a> y recibe la mejor informaci\u00f3n<\/p>\n<p style=\"text-align: justify;\">CC\n<\/p>\n<\/div>\n<p><script>\n      window.fbAsyncInit = function() {\n        FB.init({\n          appId      : '{292213061927134}',\n          status     : true,\n\t\t  version:  'v2.7',\n          xfbml      : true\n        });\nFB.Event.subscribe('comment.create', function (response) {grabacom_compa(357337)});\t\nFB.Event.subscribe('comment.remove',  function (response) {grabacom_compa(357337)});\t\nFB.Event.subscribe('edge.create',  function (response) {grabacom_compa(357337)});\nFB.Event.subscribe('edge.remove',  function (response) {grabacom_compa(357337)});\n      };\n(function(d, s, id) {\n  var js, fjs = d.getElementsByTagName(s)[0];\n  if (d.getElementById(id)) return;\n  js = d.createElement(s); js.id = id;\n  js.src = \"\/\/connect.facebook.net\/es_LA\/sdk.js#xfbml=1&version=v2.7&appId=292213061927134\";\n  fjs.parentNode.insertBefore(js, fjs);\n}(document, 'script', 'facebook-jssdk'));\n    <\/script><br \/>\n<br \/><\/p>\n<p><em> &#8221; Fuentes news.google.com &#8221; <\/em><\/p>\n","protected":false},"excerpt":{"rendered":"<p>Con la participaci\u00f3n de estudiantes, emprendedores y empresarios, se realiz\u00f3 la Feria de Encuentro con el Financiamiento para el Turismo del Estado, que tuvo lugar en el Centro de Convenciones y Exposiciones \u201cCampeche XXI\u201d.\u00a0 En mensaje transmitido a trav\u00e9s de un video, el subsecretario de turismo federal, Humberto Hern\u00e1ndez Haddad, expuso que en el 2019, [&hellip;]<\/p>\n","protected":false},"author":4,"featured_media":415221,"comment_status":"open","ping_status":"closed","sticky":false,"template":"","format":"standard","meta":{"om_disable_all_campaigns":false,"jnews-multi-image_gallery":[],"jnews_single_post":[],"jnews_primary_category":[],"jnews_social_meta":[],"footnotes":""},"categories":[40],"tags":[1202],"class_list":["post-415220","post","type-post","status-publish","format-standard","has-post-thumbnail","hentry","category-industria","tag-campeche"],"_links":{"self":[{"href":"https:\/\/dimensionturistica.com\/es\/wp-json\/wp\/v2\/posts\/415220","targetHints":{"allow":["GET"]}}],"collection":[{"href":"https:\/\/dimensionturistica.com\/es\/wp-json\/wp\/v2\/posts"}],"about":[{"href":"https:\/\/dimensionturistica.com\/es\/wp-json\/wp\/v2\/types\/post"}],"author":[{"embeddable":true,"href":"https:\/\/dimensionturistica.com\/es\/wp-json\/wp\/v2\/users\/4"}],"replies":[{"embeddable":true,"href":"https:\/\/dimensionturistica.com\/es\/wp-json\/wp\/v2\/comments?post=415220"}],"version-history":[{"count":0,"href":"https:\/\/dimensionturistica.com\/es\/wp-json\/wp\/v2\/posts\/415220\/revisions"}],"wp:featuredmedia":[{"embeddable":true,"href":"https:\/\/dimensionturistica.com\/es\/wp-json\/wp\/v2\/media\/415221"}],"wp:attachment":[{"href":"https:\/\/dimensionturistica.com\/es\/wp-json\/wp\/v2\/media?parent=415220"}],"wp:term":[{"taxonomy":"category","embeddable":true,"href":"https:\/\/dimensionturistica.com\/es\/wp-json\/wp\/v2\/categories?post=415220"},{"taxonomy":"post_tag","embeddable":true,"href":"https:\/\/dimensionturistica.com\/es\/wp-json\/wp\/v2\/tags?post=415220"}],"curies":[{"name":"wp","href":"https:\/\/api.w.org\/{rel}","templated":true}]}}