{"id":415143,"date":"2022-10-28T17:59:09","date_gmt":"2022-10-28T17:59:09","guid":{"rendered":"https:\/\/dimensionturistica.com\/es\/?p=415143"},"modified":"2022-10-28T17:59:09","modified_gmt":"2022-10-28T17:59:09","slug":"esta-de-vuelta-culinaria-el-festival-del-buen-comer","status":"publish","type":"post","link":"https:\/\/dimensionturistica.com\/es\/esta-de-vuelta-culinaria-el-festival-del-buen-comer\/","title":{"rendered":"Esta de vuelta Culinaria, El Festival del Buen Comer"},"content":{"rendered":"<p>La Direcci\u00f3n de Desarrollo Econ\u00f3mico y Competitividad de la ciudad de Chihuahua, a trav\u00e9s de su<img decoding=\"async\" class=\"size-medium wp-image-415154 alignright\" src=\"https:\/\/dimensionturistica.com\/es\/wp-content\/uploads\/2022\/10\/Chef-Gustavo-Nomo-Granados-de-Barbok-300x300.jpg\" alt=\"\" width=\"300\" height=\"300\" srcset=\"https:\/\/dimensionturistica.com\/es\/wp-content\/uploads\/2022\/10\/Chef-Gustavo-Nomo-Granados-de-Barbok-300x300.jpg 300w, https:\/\/dimensionturistica.com\/es\/wp-content\/uploads\/2022\/10\/Chef-Gustavo-Nomo-Granados-de-Barbok-150x150.jpg 150w, https:\/\/dimensionturistica.com\/es\/wp-content\/uploads\/2022\/10\/Chef-Gustavo-Nomo-Granados-de-Barbok-75x75.jpg 75w, https:\/\/dimensionturistica.com\/es\/wp-content\/uploads\/2022\/10\/Chef-Gustavo-Nomo-Granados-de-Barbok-350x350.jpg 350w, https:\/\/dimensionturistica.com\/es\/wp-content\/uploads\/2022\/10\/Chef-Gustavo-Nomo-Granados-de-Barbok-750x750.jpg 750w, https:\/\/dimensionturistica.com\/es\/wp-content\/uploads\/2022\/10\/Chef-Gustavo-Nomo-Granados-de-Barbok.jpg 768w\" sizes=\"(max-width: 300px) 100vw, 300px\" \/> Subdirecci\u00f3n de Turismo ha anunciado que despu\u00e9s de la pausa por pandemia, vuelve el ic\u00f3nico evento que re\u00fane a la comunidad chihuahuense y a visitantes de otros puntos de la rep\u00fablica para disfrutar de los sabores de este destino capitalino: CUULINARIA, El Festival del Buen Comer.<br \/>\nLos d\u00edas 5 y 6 de noviembre 2022 en las instalaciones del Parque Recreativo El Reliz, ubicado en Calle Jos\u00e9 Mariano Samaniego Delgado, Chihuahua, M\u00e9xico se llevar\u00e1 a cabo la cuarta edici\u00f3n de esta fiesta gastron\u00f3mica donde Chihuahua Capital hace gala de su propuesta gastron\u00f3mica, con la participaci\u00f3n de: restaurantes, chefs locales y productores regionales.<br \/>\nEsta iniciativa surgi\u00f3 con el objetivo primario de impulsar el desarrollo econ\u00f3mico de la industria de alimentos y bebidas local, debido a su desarrollo positivo y crecimiento paulatino ha crecido hasta<img decoding=\"async\" class=\"size-medium wp-image-415157 alignright\" src=\"https:\/\/dimensionturistica.com\/es\/wp-content\/uploads\/2022\/10\/Chef-Monica-Lazcano-de-Casa-Antigu-300x300.jpg\" alt=\"\" width=\"300\" height=\"300\" srcset=\"https:\/\/dimensionturistica.com\/es\/wp-content\/uploads\/2022\/10\/Chef-Monica-Lazcano-de-Casa-Antigu-300x300.jpg 300w, https:\/\/dimensionturistica.com\/es\/wp-content\/uploads\/2022\/10\/Chef-Monica-Lazcano-de-Casa-Antigu-1024x1024.jpg 1024w, https:\/\/dimensionturistica.com\/es\/wp-content\/uploads\/2022\/10\/Chef-Monica-Lazcano-de-Casa-Antigu-150x150.jpg 150w, https:\/\/dimensionturistica.com\/es\/wp-content\/uploads\/2022\/10\/Chef-Monica-Lazcano-de-Casa-Antigu-768x768.jpg 768w, https:\/\/dimensionturistica.com\/es\/wp-content\/uploads\/2022\/10\/Chef-Monica-Lazcano-de-Casa-Antigu-75x75.jpg 75w, https:\/\/dimensionturistica.com\/es\/wp-content\/uploads\/2022\/10\/Chef-Monica-Lazcano-de-Casa-Antigu-350x350.jpg 350w, https:\/\/dimensionturistica.com\/es\/wp-content\/uploads\/2022\/10\/Chef-Monica-Lazcano-de-Casa-Antigu-750x750.jpg 750w, https:\/\/dimensionturistica.com\/es\/wp-content\/uploads\/2022\/10\/Chef-Monica-Lazcano-de-Casa-Antigu.jpg 1080w\" sizes=\"(max-width: 300px) 100vw, 300px\" \/> alcanzar un impacto nacional propiciando la visita de viajeros gastron\u00f3micos. Por ello, se estima una asistencia de 10 mil visitantes por d\u00eda y una derrama econ\u00f3mica que alcanzar\u00eda los 25 millones de pesos.<br \/>\nEsta edici\u00f3n contar\u00e1 con novedades como un beergarden, degustaciones de 15 pa\u00edses invitados, m\u00e1s de 100 empresas expositoras quienes tambi\u00e9n podr\u00e1n hacer uso de la zona Business to Business, pabell\u00f3n menonita, pabell\u00f3n rar\u00e1muri, cocina apache y vaquer\u00eda, As\u00ed como venta de cerveza, vinos chihuahuenses multipremiados y sotoles galardonados, excepto para menores de edad. A fin de preservar y fomentar un ambiente familiar, el evento ha contemplado actividades infantiles, \u00e1rea de picnic y espacios propicios para los menores de edad y todo lo necesario para que toda la familia disfrute del evento.<br \/>\nCUULINARIA, El Festival del Buen Comer ser\u00e1 de acceso gratuito y los expositores contar\u00e1n con sistema de<img decoding=\"async\" class=\"size-medium wp-image-415162 alignright\" src=\"https:\/\/dimensionturistica.com\/es\/wp-content\/uploads\/2022\/10\/CHEFSD-300x188.jpg\" alt=\"\" width=\"300\" height=\"188\" srcset=\"https:\/\/dimensionturistica.com\/es\/wp-content\/uploads\/2022\/10\/CHEFSD-300x188.jpg 300w, https:\/\/dimensionturistica.com\/es\/wp-content\/uploads\/2022\/10\/CHEFSD.jpg 500w\" sizes=\"(max-width: 300px) 100vw, 300px\" \/> pago con tarjeta para que los visitantes puedan disfrutar de los alimentos y bebidas de su preferencia y se mantiene la sugerencia de portar efectivo. En esta ocasi\u00f3n, el evento no ser\u00e1 pet friendly. El s\u00e1bado 5 de noviembre, el evento se llevar\u00e1 a cabo en un horario de 1 a 11 PM, mientras que el domingo 6 de noviembre el acceso ser\u00e1 de 1 a 8 PM.<br \/>\nEn esta ocasi\u00f3n, los Chefs participantes e invitados que formar\u00e1n parte de El Festival del Buen Comer son:<br \/>\nChef Gustavo \u201cNomo\u201d Granados de Barboka<br \/>\nChef M\u00f3nica Lazcano de Casa Antigua<br \/>\nChef Diego Santiago de Nox Soul Kitchen<br \/>\nChef Ricardo Maldonado de El Gardenia<br \/>\nChef Oscar Cort\u00e1zar de La Cociner\u00eda<br \/>\nChef Osvaldo Escobedo de Mochomos<img decoding=\"async\" class=\"size-medium wp-image-415161 alignright\" src=\"https:\/\/dimensionturistica.com\/es\/wp-content\/uploads\/2022\/10\/CHEFS1-300x225.jpg\" alt=\"\" width=\"300\" height=\"225\" srcset=\"https:\/\/dimensionturistica.com\/es\/wp-content\/uploads\/2022\/10\/CHEFS1-300x225.jpg 300w, https:\/\/dimensionturistica.com\/es\/wp-content\/uploads\/2022\/10\/CHEFS1.jpg 500w\" sizes=\"(max-width: 300px) 100vw, 300px\" \/><br \/>\nChef Eduardo Torres de El Son de la Negra<br \/>\nChef Alexis Estrada de El N\u00f3mada<br \/>\nChef Karla Schmal del Instituto Superior de Artes Gastron\u00f3micas<br \/>\nChef Edgar Rojano Ram\u00edrez<br \/>\nChef Alonso Rico de la Universidad del Valle de M\u00e9xico<br \/>\nChef Adri\u00e1n De la Riva de Universidad de Durango<br \/>\nChef Estefan\u00eda Hubbard de Healthy Hubb<br \/>\nEl presidium encabezado por: el Lic. Jos\u00e9 Jes\u00fas Jord\u00e1n Orozco, titular de la Direcci\u00f3n de Desarrollo Econ\u00f3mico y Competitividad e integrado por representantes de la C\u00e1mara Nacional de Comercio (CANACO), los Chefs Karla Schmal del Instituto Superior de Artes Gastron\u00f3micas y Chef Gustavo \u201cNomo\u201d Granados de Barboka resaltaron en conferencia de prensa, la importancia de realizar actividades que fomenten la econom\u00eda y prioricen el consumo de lo local adem\u00e1s de captar a m\u00e1s visitantes que disfruten de la calidad y sabor \u00fanico que ofrece la ciudad de Chihuahua y que provoquen m\u00e1s de una visita pues cuenta con potencial suficiente para posicionarse como un destino gastron\u00f3mico representativo.<br \/>\nEsta cuarta edici\u00f3n resaltar\u00e1 las festividades de d\u00eda de muertos con esta tem\u00e1tica y desfile de catrinas ambientado por m\u00fasica en vivo a lo largo del d\u00eda.<br \/>\nPara m\u00e1s informaci\u00f3n consultar: https:\/\/www.facebook.com\/CUUlinaria<\/p>\n","protected":false},"excerpt":{"rendered":"<p>La Direcci\u00f3n de Desarrollo Econ\u00f3mico y Competitividad de la ciudad de Chihuahua, a trav\u00e9s de su Subdirecci\u00f3n de Turismo ha anunciado que despu\u00e9s de la pausa por pandemia, vuelve el ic\u00f3nico evento que re\u00fane a la comunidad chihuahuense y a visitantes de otros puntos de la rep\u00fablica para disfrutar de los sabores de este destino [&hellip;]<\/p>\n","protected":false},"author":1,"featured_media":415158,"comment_status":"open","ping_status":"closed","sticky":false,"template":"","format":"standard","meta":{"om_disable_all_campaigns":false,"jnews-multi-image_gallery":[],"jnews_single_post":{"source_name":"","source_url":"","via_name":"","via_url":"","override_template":"0","override":[{"template":"1","single_blog_custom":"","parallax":"1","fullscreen":"1","layout":"right-sidebar","sidebar":"default-sidebar","second_sidebar":"default-sidebar","sticky_sidebar":"1","share_position":"top","share_float_style":"share-monocrhome","show_share_counter":"1","show_view_counter":"1","show_featured":"1","show_post_meta":"1","show_post_author":"1","show_post_author_image":"1","show_post_date":"1","post_date_format":"default","post_date_format_custom":"Y\/m\/d","show_post_category":"1","show_post_reading_time":"0","post_reading_time_wpm":"300","show_zoom_button":"0","zoom_button_out_step":"2","zoom_button_in_step":"3","show_post_tag":"1","show_prev_next_post":"1","show_popup_post":"1","number_popup_post":"1","show_author_box":"0","show_post_related":"0","show_inline_post_related":"0"}],"override_image_size":"0","image_override":[{"single_post_thumbnail_size":"crop-500","single_post_gallery_size":"crop-500"}],"trending_post":"0","trending_post_position":"meta","trending_post_label":"Trending","sponsored_post":"0","sponsored_post_label":"Sponsored by","sponsored_post_name":"","sponsored_post_url":"","sponsored_post_logo_enable":"0","sponsored_post_logo":"","sponsored_post_desc":"","disable_ad":"0"},"jnews_primary_category":{"id":"","hide":""},"jnews_social_meta":{"fb_title":"","fb_description":"","fb_image":"","twitter_title":"","twitter_description":"","twitter_image":""},"footnotes":""},"categories":[43],"tags":[],"class_list":["post-415143","post","type-post","status-publish","format-standard","has-post-thumbnail","hentry","category-gourmet"],"_links":{"self":[{"href":"https:\/\/dimensionturistica.com\/es\/wp-json\/wp\/v2\/posts\/415143","targetHints":{"allow":["GET"]}}],"collection":[{"href":"https:\/\/dimensionturistica.com\/es\/wp-json\/wp\/v2\/posts"}],"about":[{"href":"https:\/\/dimensionturistica.com\/es\/wp-json\/wp\/v2\/types\/post"}],"author":[{"embeddable":true,"href":"https:\/\/dimensionturistica.com\/es\/wp-json\/wp\/v2\/users\/1"}],"replies":[{"embeddable":true,"href":"https:\/\/dimensionturistica.com\/es\/wp-json\/wp\/v2\/comments?post=415143"}],"version-history":[{"count":0,"href":"https:\/\/dimensionturistica.com\/es\/wp-json\/wp\/v2\/posts\/415143\/revisions"}],"wp:featuredmedia":[{"embeddable":true,"href":"https:\/\/dimensionturistica.com\/es\/wp-json\/wp\/v2\/media\/415158"}],"wp:attachment":[{"href":"https:\/\/dimensionturistica.com\/es\/wp-json\/wp\/v2\/media?parent=415143"}],"wp:term":[{"taxonomy":"category","embeddable":true,"href":"https:\/\/dimensionturistica.com\/es\/wp-json\/wp\/v2\/categories?post=415143"},{"taxonomy":"post_tag","embeddable":true,"href":"https:\/\/dimensionturistica.com\/es\/wp-json\/wp\/v2\/tags?post=415143"}],"curies":[{"name":"wp","href":"https:\/\/api.w.org\/{rel}","templated":true}]}}