{"id":415104,"date":"2022-10-28T16:45:53","date_gmt":"2022-10-28T16:45:53","guid":{"rendered":"https:\/\/dimensionturistica.com\/es\/?p=415104"},"modified":"2022-10-28T16:45:53","modified_gmt":"2022-10-28T16:45:53","slug":"a-playas-de-san-antero-cordoba-llego-por-primera-vez-un-crucero-turistico-otras-ciudades-colombia","status":"publish","type":"post","link":"https:\/\/dimensionturistica.com\/es\/a-playas-de-san-antero-cordoba-llego-por-primera-vez-un-crucero-turistico-otras-ciudades-colombia\/","title":{"rendered":"A playas de San Antero (C\u00f3rdoba) lleg\u00f3 por primera vez un crucero tur\u00edstico &#8211; Otras Ciudades &#8211; Colombia"},"content":{"rendered":"<p> <br \/>\n<\/p>\n<div itemprop=\"articleBody\">\n<!-- inread - article_add_mudules.html.twig --><\/p>\n<p class=\"contenido\" id=\"p713373-m355-354-356\">Por primera vez las playas de la subregi\u00f3n<b> Golfo de Morrosquillo en C\u00f3rdoba,<\/b> en el municipio de San Antero recibieron un crucero tur\u00edstico con 100 visitantes de cuatro pa\u00edses.<\/p>\n<p>Se trata de la nave <b>Nationwide Geographi Quest<\/b> que lleg\u00f3 a la regi\u00f3n con turistas procedentes de Gran Breta\u00f1a, Alemania, Brasil y Estados Unidos.<\/p>\n<p>(Lea:\u00a0<a rel=\"nofollow noopener\" target=\"_blank\" href=\"https:\/\/www.eltiempo.com\/colombia\/barranquilla\/barranquilla-denuncian-negligencia-medica-por-muerte-de-joven-madre-713327\">El drama de madre que perdi\u00f3 a su hija tras un parto en cl\u00ednica de Barranquilla<\/a>)<\/p>\n<p>El arribo del crucero se convirti\u00f3 en un gran acontecimiento para C\u00f3rdoba, lo que propici\u00f3 la presencia del gobernador Orlando Ben\u00edtez, quien le dio la bienvenida a la tripulaci\u00f3n y a sus ilustres visitantes.<\/p>\n<h3 class=\"articulo-subtitulo\" id=\"p713373-m399-2-400\">Apoyo del Gobierno Nacional<\/h3>\n<p class=\"contenido\" id=\"p713373-m405-3-406\">La presencia del crucero Nationwide Geographi Quest obedece a un trabajo de gesti\u00f3n adelantado por el Ministerio de Comercio, Industria y Turismo que tiene como objetivo principal hacer que el turismo del mundo pueda conocer lugares in\u00e9ditos.<\/p>\n<p>La gesti\u00f3n del Ministerio fue cristalizada por la empresa Professional Colombia y a la intervenci\u00f3n tambi\u00e9n de Direcci\u00f3n Basic Mar\u00edtima &#8211;<b>Dimar<\/b>-, la Gobernaci\u00f3n de C\u00f3rdoba, la Capitan\u00eda de Puerto de <b>Cove\u00f1as <\/b>(Sucre) y de Turbo en Antioquia, el operador Colombia57 y la Agencia Mar\u00edtima Gerleinco.<\/p>\n<p>(Adem\u00e1s:\u00a0<a rel=\"nofollow noopener\" target=\"_blank\" href=\"https:\/\/www.eltiempo.com\/colombia\/otras-ciudades\/magdalena-hallazgo-del-cuerpo-de-mujer-arrastrado-por-rio-cordoba-713353\">Hallan sin vida a ingeniera que fue arrastrada por la corriente del r\u00edo C\u00f3rdoba<\/a>)<\/p>\n<p>Para las autoridades de C\u00f3rdoba, la presencia del primer crucero en sus playas tiene que ver con un desaf\u00edo que busca traer a la regi\u00f3n, hasta el mes de marzo de 2023, a 626 mil 900 visitantes en la temporada tur\u00edstica 2022-2023.<\/p>\n<h3 class=\"articulo-subtitulo\" id=\"p713373-m411-4-412\">Visitas a sitios en C\u00f3rdoba<\/h3>\n<div class=\"fotografia vertical\" id=\"p713373-m417-5-418\">\n<div class=\"imagen-cuerpo-bk\">\n<figure itemscope=\"\" itemtype=\"https:\/\/schema.org\/ImageObject\" itemprop=\"image\" id=\"m422-421-423\" class=\"foto-galeria-articulo\"><img decoding=\"async\" alt=\"\" src=\"https:\/\/news.google.com\/images\/1x1.png\" style=\" display: inline;\" width=\"312px\" height=\"470px\" data-original=\"\/files\/article_vertical_content_new\/uploads\/2022\/10\/28\/635c061997484.jpeg\"\/><meta itemprop=\"width\" content=\"312\"\/><meta itemprop=\"height\" content=\"470\"\/><meta itemprop=\"url\" content=\"https:\/\/www.eltiempo.com\/files\/article_vertical_content_new\/uploads\/2022\/10\/28\/635c061997484.jpeg\"\/><\/figure>\n<\/div>\n<div class=\"figcaption-cuerpo-bk credito-image-bk\"><figcaption class=\"foto-info\">\n<div class=\"titulo-foto-bk\">\n<p id=\"m429-1-430\" class=\"titulo\">El buque tur\u00edstico pertenece a la l\u00ednea expedicionaria Lindblad.<\/p>\n<\/div>\n<div class=\"credito-apertura-strong-bk credito-image-bk\">\n<strong>Foto:<\/strong><\/p>\n<p id=\"m435-2-436\" class=\"autor\">Cortes\u00eda Gobernaci\u00f3n de C\u00f3rdoba<\/p>\n<\/div>\n<\/figcaption><\/div>\n<\/div>\n<p class=\"contenido\" id=\"p713373-m443-6-444\">Luego del arribo a las <b>playas de San Antero<\/b>, los 100 turistas estuvieron en el municipio de Lorica donde disfrutaron de las delicias de la gastronom\u00eda criolla, en el mercado emblem\u00e1tico de la poblaci\u00f3n.<\/p>\n<p>As\u00ed mismo la presencia de los turistas en las iglesias ic\u00f3nicas de la regi\u00f3n, las grandes casas tipo republicano que son sitios obligados para los turistas.<\/p>\n<p>De igual manera la presencia en <b>Tuch\u00edn<\/b>, en el corredor artesanal de C\u00f3rdoba, con sus <b>sombreros vueltiaos<\/b> y otros elementos elaborados con base en el trenzado de la ca\u00f1a flecha, patrimonio cultural inmaterial de Colombia.<\/p>\n<p>(Puede interesarle:\u00a0<a rel=\"nofollow noopener\" target=\"_blank\" href=\"https:\/\/www.eltiempo.com\/colombia\/barranquilla\/balacera-en-puerto-colombia-sepelio-del-cumpleanero-jonathan-ospino-713157\">Lo que se sabe del sepelio del cumplea\u00f1ero muerto en balacera de Puerto Colombia<\/a>)<\/p>\n<p>El buque tur\u00edstico pertenece a la l\u00ednea expedicionaria Lindblad y llegar\u00e1 de igual manera a las playas de <b>Capurgan\u00e1<\/b>&#8211; Sapzurro en el Choc\u00f3, Santa Cruz del Islote en el archipi\u00e9lago de San Bernardo y Cartagena.<\/p>\n<p>El crucero har\u00e1 cuatro recorridos por la regi\u00f3n recogiendo a los turistas en Cartagena, hasta el pr\u00f3ximo 11 de noviembre.<\/p>\n<p>Los habitantes de esta zona del Golfo de Morrosquillo en C\u00f3rdoba y el Bajo Sin\u00fa han reconocido la importancia de la visita del crucero Nationwide Geographi Quest y otros en el futuro, por la forma como se mueve la econom\u00eda en los municipios a donde llegan los turistas.<\/p>\n<p>Francisco Javier Barrios<br \/>Especial para EL TIEMPO<br \/>Monter\u00eda<\/p>\n<\/div>\n\n<p><em> &#8221; Fuentes news.google.com &#8221; <\/em><\/p>\n","protected":false},"excerpt":{"rendered":"<p>Por primera vez las playas de la subregi\u00f3n Golfo de Morrosquillo en C\u00f3rdoba, en el municipio de San Antero recibieron un crucero tur\u00edstico con 100 visitantes de cuatro pa\u00edses. Se trata de la nave Nationwide Geographi Quest que lleg\u00f3 a la regi\u00f3n con turistas procedentes de Gran Breta\u00f1a, Alemania, Brasil y Estados Unidos. (Lea:\u00a0El drama [&hellip;]<\/p>\n","protected":false},"author":4,"featured_media":415105,"comment_status":"open","ping_status":"closed","sticky":false,"template":"","format":"standard","meta":{"om_disable_all_campaigns":false,"jnews-multi-image_gallery":[],"jnews_single_post":[],"jnews_primary_category":[],"jnews_social_meta":[],"footnotes":""},"categories":[41],"tags":[558,544,4056],"class_list":["post-415104","post","type-post","status-publish","format-standard","has-post-thumbnail","hentry","category-cruceros","tag-cordoba","tag-turismo","tag-visita"],"_links":{"self":[{"href":"https:\/\/dimensionturistica.com\/es\/wp-json\/wp\/v2\/posts\/415104","targetHints":{"allow":["GET"]}}],"collection":[{"href":"https:\/\/dimensionturistica.com\/es\/wp-json\/wp\/v2\/posts"}],"about":[{"href":"https:\/\/dimensionturistica.com\/es\/wp-json\/wp\/v2\/types\/post"}],"author":[{"embeddable":true,"href":"https:\/\/dimensionturistica.com\/es\/wp-json\/wp\/v2\/users\/4"}],"replies":[{"embeddable":true,"href":"https:\/\/dimensionturistica.com\/es\/wp-json\/wp\/v2\/comments?post=415104"}],"version-history":[{"count":0,"href":"https:\/\/dimensionturistica.com\/es\/wp-json\/wp\/v2\/posts\/415104\/revisions"}],"wp:featuredmedia":[{"embeddable":true,"href":"https:\/\/dimensionturistica.com\/es\/wp-json\/wp\/v2\/media\/415105"}],"wp:attachment":[{"href":"https:\/\/dimensionturistica.com\/es\/wp-json\/wp\/v2\/media?parent=415104"}],"wp:term":[{"taxonomy":"category","embeddable":true,"href":"https:\/\/dimensionturistica.com\/es\/wp-json\/wp\/v2\/categories?post=415104"},{"taxonomy":"post_tag","embeddable":true,"href":"https:\/\/dimensionturistica.com\/es\/wp-json\/wp\/v2\/tags?post=415104"}],"curies":[{"name":"wp","href":"https:\/\/api.w.org\/{rel}","templated":true}]}}