{"id":414949,"date":"2022-10-28T13:29:15","date_gmt":"2022-10-28T13:29:15","guid":{"rendered":"https:\/\/dimensionturistica.com\/es\/?p=414949"},"modified":"2022-10-28T13:29:15","modified_gmt":"2022-10-28T13:29:15","slug":"el-sector-turistico-de-la-provincia-de-tarragona-recupera-su-actividad-en-2022","status":"publish","type":"post","link":"https:\/\/dimensionturistica.com\/es\/el-sector-turistico-de-la-provincia-de-tarragona-recupera-su-actividad-en-2022\/","title":{"rendered":"El sector tur\u00edstico de la provincia de Tarragona recupera su actividad en 2022"},"content":{"rendered":"<p> <br \/>\n<\/p>\n<div>\n<div class=\"wysiwyg-photo\"><img decoding=\"async\" src=\"https:\/\/static.hosteltur.com\/app\/public\/uploads\/img\/releases\/2022\/10\/28\/L_152258_feht-dades-2022-4.jpg\" alt=\"Imagen nota de prensa Hosteltur\" width=\"1618\" height=\"1080\"\/> <\/p>\n<p>La Federaci\u00f3n Empresarial de Hosteler\u00eda y Turismo de la provincia de Tarragona (FEHT), -la entidad que representa el 90% de las plazas de alojamiento de la provincia- ha presentado los principales indicadores tur\u00edsticos del a\u00f1o 2022. As\u00ed, desde el 1 de enero y hasta el 30 de septiembre, seg\u00fan datos del Tourism Knowledge System del Observatorio de Turismo del Departamento de Innovaci\u00f3n Tur\u00edstica de Eurecat, las pernoctaciones en la provincia de Tarragona han disminuido un -7,6 % respecto al mismo per\u00edodo del a\u00f1o 2019 -el \u00faltimo a\u00f1o que el sector tur\u00edstico pudo trabajar con normalidad-. Sin embargo, la FEHT se ha mostrado optimista por la r\u00e1pida recuperaci\u00f3n del turismo una vez se acabaron las limitaciones a la movilidad provocadas por la pandemia. As\u00ed, en complete, durante el 2022 se han llevado a cabo en la provincia de Tarragona m\u00e1s de 17,5 millones de pernoctaciones frente a los 19 millones de 2019. En la Costa Daurada, el descenso -comparado con 2019- ha sido del -9,1%, mientras que en las Terres de l&#8217;Ebre se han incrementado un +16,5%.<\/p>\n<\/p><\/div>\n<p>Berta Cabr\u00e9, presidenta de la FEHT, ha anunciado que &#8220;despu\u00e9s de los dos peores a\u00f1os de la historia del turismo, el 2022 lo podemos calificar como correcto. Aunque todav\u00eda no hemos logrado recuperar los datos de pernoctaciones de 2019, hemos visto c\u00f3mo, con el final de la pandemia, los visitantes han vuelto a nuestro destino. Para todo el sector era un reto recuperarnos lo m\u00e1s r\u00e1pidamente posible. Hemos tenido algunas complicaciones como la b\u00fasqueda de profesionales o el encarecimiento de costes energ\u00e9ticos y de suministros que, finalmente, har\u00e1n que las cuentas de explotaci\u00f3n no sean tan positivas como necesit\u00e1bamos&#8221;. Adem\u00e1s, Cabr\u00e9 ha destacado como un punto negativo &#8220;la afectaci\u00f3n de la guerra en Ucrania, tanto por la falta de visitantes rusos -un mercado l\u00edder en la Costa Daurada- y de Europa del Este, como por el aumento de costes energ\u00e9ticos y de suministros que ha comportado\u201d.<\/p>\n<p>Respecto a los diferentes tipos de alojamiento, este a\u00f1o 2022 y respecto al 2019, los hoteles de la demarcaci\u00f3n han sufrido una bajada en pernoctaciones del -10,1%, los campings del -5% y los apartamentos del -5,5%. Al respecto, Cabr\u00e9 ha querido recordar que &#8220;despu\u00e9s de dos a\u00f1os, todos los establecimientos hoteleros, campings y apartamentos han podido abrir sus puertas y ofrecer sus servicios con normalidad&#8221;. Sin embargo, ha querido recordar que \u201ca principios de a\u00f1o tambi\u00e9n estuvimos cerrados debido a las dificultades de movimientos para toda la poblaci\u00f3n. Adem\u00e1s, el inicio del curso escolar en Catalu\u00f1a a inicios de septiembre tambi\u00e9n nos ha restado un par de semanas en las que, habitualmente, muchas familias catalanas hac\u00edan sus vacaciones familiares\u201d.<\/p>\n<p><strong>Los mercados nacional e irland\u00e9s han crecido, el brit\u00e1nico ha disminuido<\/strong><\/p>\n<p>Este a\u00f1o 2022, el mercado nacional ha incrementado los datos de la temporada 2019, as\u00ed las pernoctaciones durante todo el a\u00f1o han crecido un +6,7% respecto a 2019. Cabr\u00e9 ha recordado que \u201cen un a\u00f1o sin Covid tenemos el 50% de turismo nacional y el 50% de internacional, este a\u00f1o ya nos estamos volviendo a acercar con m\u00e1s de un 40% de extranjeros\u201d. As\u00ed, por mercados internacionales, comparados con 2019, el franc\u00e9s ha descendido un -1,9%, el brit\u00e1nico un -18,8%, el holand\u00e9s un -7,4%, el alem\u00e1n un -14,7% y el belga un -1,6%. Mientras que el irland\u00e9s ha crecido un +15,0%.<\/p>\n<p>Respecto a lo que queda de temporada tur\u00edstica en la provincia de Tarragona, Cabr\u00e9 ha se\u00f1alado que &#8220;nos encontramos en una situaci\u00f3n comparable a la de 2019. Algunos hoteles y campings comienzan a cerrar por temporada baja. Los establecimientos que quedan abiertos lo har\u00e1n con ocupaciones medias, b\u00e1sicamente de turismo senior centroeuropeo, turismo deportivo y eventos\u201d.<\/p>\n<p><strong>Incertidumbre para 2023<\/strong><\/p>\n<p>Respecto a las expectativas del sector tur\u00edstico para 2023, ahora mismo, tal y como ha afirmado Cabr\u00e9, \u201cvemos mucha incertidumbre. Hay muchos factores externos que no nos ayudan a planificar el pr\u00f3ximo a\u00f1o\u201d. Algunas de estas circunstancias se encuentran dentro del propio sector, como la fidelizaci\u00f3n de los profesionales y la labor de prestigiar la profesi\u00f3n\u201d. Sin embargo, Cabr\u00e9 ha se\u00f1alado que &#8220;actualmente, el 90% de nuestras plantillas ya tienen contrato fijo&#8221;.<\/p>\n<p>Otros factores son externos como las consecuencias de la guerra en Ucrania con el encarecimiento de los precios de la energ\u00eda y los suministros. Respecto al conflicto b\u00e9lico, Cabr\u00e9 ha explicado que \u201cno sabemos cu\u00e1ndo podremos volver a recibir a los visitantes rusos, pero el encarecimiento de todos los costes de explotaci\u00f3n hace que sea muy complicado establecer los precios y cerrar acuerdos con los touroperadores. Adem\u00e1s, somos muy conscientes de que la situaci\u00f3n macroecon\u00f3mica en Europa har\u00e1 que las familias pierdan poder adquisitivo y, por tanto, puedan destinar menos presupuesto a sus vacaciones y ocio\u201d.<\/p>\n<p>Sin embargo, el sector tur\u00edstico sigue comprometido en invertir en los establecimientos de alojamiento. Seg\u00fan Cabr\u00e9, \u201ctodas las mejoras van enfocadas a la sostenibilidad y a incrementar los servicios para ofrecer mayor calidad a nuestros visitantes. Durante la pandemia invertimos unos 70 millones de euros; los hoteles 45 MEUR, los campings 20 MEUR y los apartamentos 5 MEUR\u201d.<\/p>\n<p>Cabr\u00e9 ha concluido recordando que &#8220;el turismo es el principal motor socioecon\u00f3mico de la provincia de Tarragona. Generamos un PIB espec\u00edfico tur\u00edstico y un impacto del 25,70% respecto al total. Adem\u00e1s, un 28,5% de los cotizantes a la Seguridad Social corresponden al sector del turismo y la hosteler\u00eda. Este 2022 hemos comprobado c\u00f3mo, cuando los visitantes tienen libertad de movimientos, vuelven a casa a disfrutar de nuestras magn\u00edficas poblaciones, playas, del interior y de nuestros establecimientos de alojamiento\u201d.<\/p>\n<p><strong>El aeropuerto de Reus tambi\u00e9n inicia la recuperaci\u00f3n<\/strong><\/p>\n<p>Entre enero y septiembre pasaron por el aeropuerto de Reus un total de 811.412 usuarios. Esta cifra supone una recuperaci\u00f3n del 85,9% respecto al mismo per\u00edodo de 2019. Se trata de una cifra que, tratada de forma aislada, resulta muy destacada y positiva, pero a\u00fan lo es mucho m\u00e1s si se tiene en cuenta el contexto del que part\u00eda este inicio de temporada. Una temporada que ha ido precedida por dos a\u00f1os consecutivos de disrupci\u00f3n en los movimientos a\u00e9reos a causa de la pandemia, de reducci\u00f3n dr\u00e1stica de vuelos, incluso de desaparici\u00f3n de aerol\u00edneas. Se han a\u00f1adido en este inicio de la reanudaci\u00f3n generalizada la crisis energ\u00e9tica, con el aumento de los precios de los carburantes, un contexto b\u00e9lico y problemas vinculados con la falta de personal y conflictos laborales que tambi\u00e9n han afectado directamente a las operativas de los aeropuertos. Pese a la incertidumbre sobre la misma evoluci\u00f3n de las restricciones vinculadas a la pandemia, a finales de septiembre, se hab\u00eda alcanzado ya casi el 86% del volumen de pasajeros registrados durante el mismo per\u00edodo del a\u00f1o 2019 (un ejercicio excepcional previo a la pandemia).<\/p>\n<p>En t\u00e9rminos de recuperaci\u00f3n de la actividad, el aeropuerto de Reus ha tenido un excelente comportamiento, el mejor del conjunto de los aeropuertos catalanes. Estos buenos resultados son consecuencia directa de la estrategia de promoci\u00f3n de la Mesa del Aeropuerto, de la que forma parte el Patronato de Turismo de la Diputaci\u00f3n de Tarragona. Meritxell Roig\u00e9, presidenta del Patronato de Turismo de la Diputaci\u00f3n de Tarragona ha asegurado que \u201cno s\u00f3lo hemos trabajado para posicionar el destino, tambi\u00e9n hemos intensificado la relaci\u00f3n con las compa\u00f1\u00edas y hemos impulsado acuerdos de marketing para conseguir que, a la hora de decidir la apertura o mantenimiento de rutas por parte de las aerol\u00edneas, nuestro aeropuerto fuera una elecci\u00f3n interesante, viable y segura. Con el actual contexto de crisis energ\u00e9tica y otros condicionantes, las cifras confirman que este objetivo se ha logrado. Sin duda, la recuperaci\u00f3n del turismo internacional en la Costa Daurada ha pasado este a\u00f1o por el aeropuerto de Reus\u201d.<\/p>\n<p><strong>La FEHT, representando el 90% de las plazas de la provincia de Tarragona<\/strong><\/p>\n<p>La Federaci\u00f3n Empresarial de Hosteler\u00eda y Turismo de la provincia de Tarragona (FEHT) es una entidad sin \u00e1nimo de lucro que defiende los intereses del empresariado tur\u00edstico de la provincia de Tarragona. Actualmente representa el 90% de las plazas tur\u00edsticas de la provincia.<\/p>\n<p>Dentro de la FEHT est\u00e1n integradas las principales entidades y asociaciones privadas que conforman el sector de la hosteler\u00eda, el turismo y las actividades de ocio de la Costa Daurada y las Terres de l&#8217;Ebre. As\u00ed pues, actualmente forman parte:<\/p>\n<p>\u2022 La Asociaci\u00f3n Hotelera Costa Daurada y Terres de l&#8217;Ebre con 110 hoteles miembros y 60.000 plazas -el 90% del total de plazas hoteleras en la provincia-.<\/p>\n<p>\u2022 La Asociaci\u00f3n de Campings de la Costa Daurada y Terres de l&#8217;Ebre con 54 asociados y 66.000 plazas.<\/p>\n<p>\u2022 La Asociaci\u00f3n de Apartamentos Tur\u00edsticos de la Costa Daurada y Terres de l&#8217;Ebre con m\u00e1s de 80 empresas y 24.800 plazas.<\/p>\n<p>\u2022 La Asociaci\u00f3n de Agencias de Viaje Receptivas de la Costa Daurada con 11 empresas miembros.<\/p>\n<p>\u2022 PortAventura World es socio como empresa estrat\u00e9gica en la zona.<\/p>\n<p>El principal objetivo de la FEHT es satisfacer las necesidades de los profesionales y empresas de estos sectores, as\u00ed como dinamizar la amplia y variada oferta de alojamiento existente en esta demarcaci\u00f3n a trav\u00e9s de una representatividad cohesionada.<\/p>\n<div class=\"wysiwyg-photo\">\n<div class=\"wysiwyg-photo\"><img decoding=\"async\" src=\"https:\/\/static.hosteltur.com\/app\/public\/uploads\/img\/releases\/2022\/10\/28\/L_152315_feht-dades-2022-1.jpg\" alt=\"Imagen nota de prensa Hosteltur\" width=\"1618\" height=\"1080\"\/><\/div><\/div><\/div>\n\n<p><em> &#8221; Fuentes news.google.com &#8221; <\/em><\/p>\n","protected":false},"excerpt":{"rendered":"<p>La Federaci\u00f3n Empresarial de Hosteler\u00eda y Turismo de la provincia de Tarragona (FEHT), -la entidad que representa el 90% de las plazas de alojamiento de la provincia- ha presentado los principales indicadores tur\u00edsticos del a\u00f1o 2022. As\u00ed, desde el 1 de enero y hasta el 30 de septiembre, seg\u00fan datos del Tourism Knowledge System del [&hellip;]<\/p>\n","protected":false},"author":4,"featured_media":414950,"comment_status":"open","ping_status":"closed","sticky":false,"template":"","format":"standard","meta":{"om_disable_all_campaigns":false,"jnews-multi-image_gallery":[],"jnews_single_post":[],"jnews_primary_category":[],"jnews_social_meta":[],"footnotes":""},"categories":[40],"tags":[715],"class_list":["post-414949","post","type-post","status-publish","format-standard","has-post-thumbnail","hentry","category-industria","tag-economia"],"_links":{"self":[{"href":"https:\/\/dimensionturistica.com\/es\/wp-json\/wp\/v2\/posts\/414949","targetHints":{"allow":["GET"]}}],"collection":[{"href":"https:\/\/dimensionturistica.com\/es\/wp-json\/wp\/v2\/posts"}],"about":[{"href":"https:\/\/dimensionturistica.com\/es\/wp-json\/wp\/v2\/types\/post"}],"author":[{"embeddable":true,"href":"https:\/\/dimensionturistica.com\/es\/wp-json\/wp\/v2\/users\/4"}],"replies":[{"embeddable":true,"href":"https:\/\/dimensionturistica.com\/es\/wp-json\/wp\/v2\/comments?post=414949"}],"version-history":[{"count":0,"href":"https:\/\/dimensionturistica.com\/es\/wp-json\/wp\/v2\/posts\/414949\/revisions"}],"wp:featuredmedia":[{"embeddable":true,"href":"https:\/\/dimensionturistica.com\/es\/wp-json\/wp\/v2\/media\/414950"}],"wp:attachment":[{"href":"https:\/\/dimensionturistica.com\/es\/wp-json\/wp\/v2\/media?parent=414949"}],"wp:term":[{"taxonomy":"category","embeddable":true,"href":"https:\/\/dimensionturistica.com\/es\/wp-json\/wp\/v2\/categories?post=414949"},{"taxonomy":"post_tag","embeddable":true,"href":"https:\/\/dimensionturistica.com\/es\/wp-json\/wp\/v2\/tags?post=414949"}],"curies":[{"name":"wp","href":"https:\/\/api.w.org\/{rel}","templated":true}]}}